{"id":2988,"date":"2021-08-02T12:41:19","date_gmt":"2021-08-02T12:41:19","guid":{"rendered":"https:\/\/www.ametllerorigenwp.com\/?p=2988"},"modified":"2021-08-03T06:09:44","modified_gmt":"2021-08-03T06:09:44","slug":"20-anos-caminando-juntos-gracias","status":"publish","type":"post","link":"https:\/\/www.ametllerorigenwp.com\/es\/20-anos-caminando-juntos-gracias\/","title":{"rendered":"20 a\u00f1os caminando juntos: \u00a1gracias!"},"content":{"rendered":"\n<p>Un 3 de agosto del a\u00f1o 2001, Jordi y Josep Ametller, los dos hermanos peque\u00f1os de la octava generaci\u00f3n de payeses, plantaron una semilla para hacer realidad su sue\u00f1o. <strong>As\u00ed naci\u00f3 Ametller Origen, una parada de frutas y verduras en el Mercado de Sant Salvador, en Vilafranca del Pened\u00e8s.<\/strong><\/p>\n\n\n\n<p>Desde entonces, hemos ido creciendo para estar m\u00e1s cerca de ti con el <strong>firme compromiso de promover unos h\u00e1bitos de vida m\u00e1s saludables y sostenibles, facilitando el acceso a una alimentaci\u00f3n nutritiva, placentera y limpia.<\/strong><\/p>\n\n\n\n<p>Desde hace veinte a\u00f1os, <strong>cultivamos la fruta y verdura en nuestros campos <\/strong>ubicados a lo largo de todo el eje de la mediterr\u00e1nea, <strong>cocinamos platos preparados en nuestro obrador de Ol\u00e8rdola<\/strong>, como t\u00fa lo har\u00edas en tu casa, sin colorantes ni conservantes, y <strong>trabajamos para ofrecerte el mejor sabor.\u00a0<\/strong><\/p>\n\n\n\n<p><strong>Y como en toda celebraci\u00f3n, no pueden faltar las sorpresas. \u00a1Atento a <a href=\"https:\/\/www.instagram.com\/ametllerorigen\/?utm_source=app&amp;utm_medium=appes&amp;utm_campaign=20-a%C3%B1os-cumpliendo-un-sue%C3%B1o&amp;utm_content=\" target=\"_blank\" rel=\"noreferrer noopener\">nuestro Instagram<\/a> porque tenemos preparada una sorpresa muy especial!<\/strong><\/p>\n\n\n\n<p><strong>\u00a1Gracias por acompa\u00f1arnos estos 20 a\u00f1os! Sigamos avanzando juntos hacia el mundo donde queremos vivir.<\/strong><\/p>\n","protected":false},"excerpt":{"rendered":"<p>Un 3 de agosto del a\u00f1o 2001, Jordi y Josep Ametller, los dos hermanos peque\u00f1os de la octava generaci\u00f3n de payeses, plantaron una semilla para hacer realidad su sue\u00f1o. As\u00ed naci\u00f3 Ametller Origen, una parada de frutas y verduras en el Mercado de Sant Salvador, en Vilafranca del Pened\u00e8s. Desde entonces, hemos ido creciendo para &hellip; <a href=\"https:\/\/www.ametllerorigenwp.com\/es\/20-anos-caminando-juntos-gracias\/\" class=\"more-link\">Continuar leyendo<span class=\"screen-reader-text\"> \u00ab20 a\u00f1os caminando juntos: \u00a1gracias!\u00bb<\/span><\/a><\/p>\n","protected":false},"author":5,"featured_media":2986,"comment_status":"open","ping_status":"open","sticky":false,"template":"","format":"standard","meta":{"_uag_custom_page_level_css":"","advgb_blocks_editor_width":"","advgb_blocks_columns_visual_guide":"","footnotes":""},"categories":[1],"tags":[],"class_list":["post-2988","post","type-post","status-publish","format-standard","has-post-thumbnail","hentry","category-noticias"],"author_meta":{"display_name":"Mireia Zaragoza","author_link":"https:\/\/www.ametllerorigenwp.com\/es\/author\/mzaragoza\/"},"featured_img":"https:\/\/www.ametllerorigenwp.com\/wp-content\/uploads\/2021\/08\/20_anys-300x102.jpg","uagb_featured_image_src":{"full":["https:\/\/www.ametllerorigenwp.com\/wp-content\/uploads\/2021\/08\/20_anys.jpg",1000,340,false],"thumbnail":["https:\/\/www.ametllerorigenwp.com\/wp-content\/uploads\/2021\/08\/20_anys-150x150.jpg",150,150,true],"medium":["https:\/\/www.ametllerorigenwp.com\/wp-content\/uploads\/2021\/08\/20_anys-300x102.jpg",300,102,true],"medium_large":["https:\/\/www.ametllerorigenwp.com\/wp-content\/uploads\/2021\/08\/20_anys-768x261.jpg",768,261,true],"large":["https:\/\/www.ametllerorigenwp.com\/wp-content\/uploads\/2021\/08\/20_anys.jpg",840,286,false],"1536x1536":["https:\/\/www.ametllerorigenwp.com\/wp-content\/uploads\/2021\/08\/20_anys.jpg",1000,340,false],"2048x2048":["https:\/\/www.ametllerorigenwp.com\/wp-content\/uploads\/2021\/08\/20_anys.jpg",1000,340,false],"post-thumbnail":["https:\/\/www.ametllerorigenwp.com\/wp-content\/uploads\/2021\/08\/20_anys.jpg",1000,340,false]},"uagb_author_info":{"display_name":"Mireia Zaragoza","author_link":"https:\/\/www.ametllerorigenwp.com\/es\/author\/mzaragoza\/"},"uagb_comment_info":0,"uagb_excerpt":"Un 3 de agosto del a\u00f1o 2001, Jordi y Josep Ametller, los dos hermanos peque\u00f1os de la octava generaci\u00f3n de payeses, plantaron una semilla para hacer realidad su sue\u00f1o. As\u00ed naci\u00f3 Ametller Origen, una parada de frutas y verduras en el Mercado de Sant Salvador, en Vilafranca del Pened\u00e8s. Desde entonces, hemos ido creciendo para&hellip;","coauthors":[],"tax_additional":{"categories":{"linked":["<a href=\"https:\/\/www.ametllerorigenwp.com\/es\/category\/noticias\/\" class=\"advgb-post-tax-term\">Noticias<\/a>"],"unlinked":["<span class=\"advgb-post-tax-term\">Noticias<\/span>"]}},"comment_count":"0","relative_dates":{"created":"Publicado 5 a\u00f1os hace","modified":"Actualizado 5 a\u00f1os hace"},"absolute_dates":{"created":"Publicado el 2 de agosto de 2021","modified":"Actualizado el 3 de agosto de 2021"},"absolute_dates_time":{"created":"Publicado el 2 de agosto de 2021 12:41","modified":"Actualizado el 3 de agosto de 2021 06:09"},"featured_img_caption":"","series_order":"","show_in_app":true,"fecha_inicio_destacado":null,"hora_inicio_visualizacion":null,"minutos_inicio_visualizacion":null,"fecha_final_destacado":null,"hora_final_visualizacion":null,"minutos_final_visualizacion":null,"posicion_visualizacion":null,"estado_destacado":null,"niveles_destacados":null,"url_del_enlace":null,"banner_destacado":null,"posicion_visualizacion_de_la_noticia":null,"estado_noticia":null,"fecha_de_inicio_de_visualizacion_del_tutorial":null,"hora_inicio_visualizacion_tutorial":null,"minutos_inicio_visualizacion_tutorial":null,"fecha_de_final_de_visualizacion_del_tutorial":null,"hora_final_visualizacion_tutorial":null,"minutos_final_visualizacion_tutorial":null,"numero_de_veces_visto":null,"numero_de_veces_total":null,"niveles_tutorial":null,"tutorial_recursos_castellano":null,"tutorial_recursos_catalan":null,"dias_disponibles":null,"dias_de_la_semana":null,"dias_del_mes":null,"other_lang_post_id":null,"lang":"es","campanya_descripcion":null,"campanya_fecha_inicio":null,"campanya_fecha_fin":null,"campanya_legales":null,"campanya_imagen":null,"campanya_characteristics":null,"campanya_url":null,"campanya_posicion_visualizacion":null,"campanya_estado":null,"_links":{"self":[{"href":"https:\/\/www.ametllerorigenwp.com\/es\/wp-json\/wp\/v2\/posts\/2988","targetHints":{"allow":["GET"]}}],"collection":[{"href":"https:\/\/www.ametllerorigenwp.com\/es\/wp-json\/wp\/v2\/posts"}],"about":[{"href":"https:\/\/www.ametllerorigenwp.com\/es\/wp-json\/wp\/v2\/types\/post"}],"author":[{"embeddable":true,"href":"https:\/\/www.ametllerorigenwp.com\/es\/wp-json\/wp\/v2\/users\/5"}],"replies":[{"embeddable":true,"href":"https:\/\/www.ametllerorigenwp.com\/es\/wp-json\/wp\/v2\/comments?post=2988"}],"version-history":[{"count":2,"href":"https:\/\/www.ametllerorigenwp.com\/es\/wp-json\/wp\/v2\/posts\/2988\/revisions"}],"predecessor-version":[{"id":2990,"href":"https:\/\/www.ametllerorigenwp.com\/es\/wp-json\/wp\/v2\/posts\/2988\/revisions\/2990"}],"wp:featuredmedia":[{"embeddable":true,"href":"https:\/\/www.ametllerorigenwp.com\/es\/wp-json\/wp\/v2\/media\/2986"}],"wp:attachment":[{"href":"https:\/\/www.ametllerorigenwp.com\/es\/wp-json\/wp\/v2\/media?parent=2988"}],"wp:term":[{"taxonomy":"category","embeddable":true,"href":"https:\/\/www.ametllerorigenwp.com\/es\/wp-json\/wp\/v2\/categories?post=2988"},{"taxonomy":"post_tag","embeddable":true,"href":"https:\/\/www.ametllerorigenwp.com\/es\/wp-json\/wp\/v2\/tags?post=2988"}],"curies":[{"name":"wp","href":"https:\/\/api.w.org\/{rel}","templated":true}]}}