{"id":3009,"date":"2021-08-05T10:24:40","date_gmt":"2021-08-05T10:24:40","guid":{"rendered":"https:\/\/www.ametllerorigenwp.com\/?p=3009"},"modified":"2021-08-05T10:24:56","modified_gmt":"2021-08-05T10:24:56","slug":"sorteamos-un-viaje-a-formentera-y-una-comida-del-chef-nandu-jubany","status":"publish","type":"post","link":"https:\/\/www.ametllerorigenwp.com\/es\/sorteamos-un-viaje-a-formentera-y-una-comida-del-chef-nandu-jubany\/","title":{"rendered":"\u00a1Sorteamos un viaje a Formentera y una comida del chef Nandu Jubany!"},"content":{"rendered":"\n<p>Este pasado martes, 3 de agosto, cumplimos 20 a\u00f1os y lo hemos querido celebrar con todos vosotros con un <strong>sorteo en nuestro perfil de <a href=\"https:\/\/www.instagram.com\/p\/CSHPcNvozIQ\/?utm_source=app&amp;utm_medium=appes&amp;utm_campaign=contingut-app-celebraels20anys&amp;utm_content=\" target=\"_blank\" rel=\"noreferrer noopener\">Instagram<\/a> de un fin de semana en Formentera para dos personas con una comida en el restaurante Can Carlitos de nuestro chef Nandu Jubany.<\/strong> S\u00ed, \u00a1has le\u00eddo bien!<\/p>\n\n\n\n<p>\u00bfQu\u00e9 incluye el premio?<\/p>\n\n\n\n<ul class=\"wp-block-list\"><li>2 billetes de avi\u00f3n de ida y vuelta a Formentera<\/li><li>2 noches de hotel (viernes y s\u00e1bado) para dos personas con desayuno incluido<\/li><li>Una comida para dos personas en el restaurante Can Carlitos del chef Nandu Jubany<\/li><\/ul>\n\n\n\n<p>El mejor plan con buena compa\u00f1\u00eda y gastronom\u00eda. \u00a1<a href=\"https:\/\/www.instagram.com\/p\/CSHPcNvozIQ\/?utm_source=app&amp;utm_medium=appes&amp;utm_campaign=contingut-app-celebraels20anys&amp;utm_content=\" target=\"_blank\" rel=\"noreferrer noopener\">Participa<\/a>!<\/p>\n","protected":false},"excerpt":{"rendered":"<p>Este pasado martes, 3 de agosto, cumplimos 20 a\u00f1os y lo hemos querido celebrar con todos vosotros con un sorteo en nuestro perfil de Instagram de un fin de semana en Formentera para dos personas con una comida en el restaurante Can Carlitos de nuestro chef Nandu Jubany. S\u00ed, \u00a1has le\u00eddo bien! \u00bfQu\u00e9 incluye el &hellip; <a href=\"https:\/\/www.ametllerorigenwp.com\/es\/sorteamos-un-viaje-a-formentera-y-una-comida-del-chef-nandu-jubany\/\" class=\"more-link\">Continuar leyendo<span class=\"screen-reader-text\"> \u00ab\u00a1Sorteamos un viaje a Formentera y una comida del chef Nandu Jubany!\u00bb<\/span><\/a><\/p>\n","protected":false},"author":5,"featured_media":3010,"comment_status":"open","ping_status":"open","sticky":false,"template":"","format":"standard","meta":{"_uag_custom_page_level_css":"","advgb_blocks_editor_width":"","advgb_blocks_columns_visual_guide":"","footnotes":""},"categories":[1],"tags":[],"class_list":["post-3009","post","type-post","status-publish","format-standard","has-post-thumbnail","hentry","category-noticias"],"author_meta":{"display_name":"Mireia Zaragoza","author_link":"https:\/\/www.ametllerorigenwp.com\/es\/author\/mzaragoza\/"},"featured_img":"https:\/\/www.ametllerorigenwp.com\/wp-content\/uploads\/2021\/08\/sorteig-formentera-ES-300x102.png","uagb_featured_image_src":{"full":["https:\/\/www.ametllerorigenwp.com\/wp-content\/uploads\/2021\/08\/sorteig-formentera-ES.png",1000,340,false],"thumbnail":["https:\/\/www.ametllerorigenwp.com\/wp-content\/uploads\/2021\/08\/sorteig-formentera-ES-150x150.png",150,150,true],"medium":["https:\/\/www.ametllerorigenwp.com\/wp-content\/uploads\/2021\/08\/sorteig-formentera-ES-300x102.png",300,102,true],"medium_large":["https:\/\/www.ametllerorigenwp.com\/wp-content\/uploads\/2021\/08\/sorteig-formentera-ES-768x261.png",768,261,true],"large":["https:\/\/www.ametllerorigenwp.com\/wp-content\/uploads\/2021\/08\/sorteig-formentera-ES.png",840,286,false],"1536x1536":["https:\/\/www.ametllerorigenwp.com\/wp-content\/uploads\/2021\/08\/sorteig-formentera-ES.png",1000,340,false],"2048x2048":["https:\/\/www.ametllerorigenwp.com\/wp-content\/uploads\/2021\/08\/sorteig-formentera-ES.png",1000,340,false],"post-thumbnail":["https:\/\/www.ametllerorigenwp.com\/wp-content\/uploads\/2021\/08\/sorteig-formentera-ES.png",1000,340,false]},"uagb_author_info":{"display_name":"Mireia Zaragoza","author_link":"https:\/\/www.ametllerorigenwp.com\/es\/author\/mzaragoza\/"},"uagb_comment_info":1,"uagb_excerpt":"Este pasado martes, 3 de agosto, cumplimos 20 a\u00f1os y lo hemos querido celebrar con todos vosotros con un sorteo en nuestro perfil de Instagram de un fin de semana en Formentera para dos personas con una comida en el restaurante Can Carlitos de nuestro chef Nandu Jubany. S\u00ed, \u00a1has le\u00eddo bien! \u00bfQu\u00e9 incluye el&hellip;","coauthors":[],"tax_additional":{"categories":{"linked":["<a href=\"https:\/\/www.ametllerorigenwp.com\/es\/category\/noticias\/\" class=\"advgb-post-tax-term\">Noticias<\/a>"],"unlinked":["<span class=\"advgb-post-tax-term\">Noticias<\/span>"]}},"comment_count":"0","relative_dates":{"created":"Publicado 5 a\u00f1os hace","modified":"Actualizado 5 a\u00f1os hace"},"absolute_dates":{"created":"Publicado el 5 de agosto de 2021","modified":"Actualizado el 5 de agosto de 2021"},"absolute_dates_time":{"created":"Publicado el 5 de agosto de 2021 10:24","modified":"Actualizado el 5 de agosto de 2021 10:24"},"featured_img_caption":"","series_order":"","show_in_app":true,"fecha_inicio_destacado":null,"hora_inicio_visualizacion":null,"minutos_inicio_visualizacion":null,"fecha_final_destacado":null,"hora_final_visualizacion":null,"minutos_final_visualizacion":null,"posicion_visualizacion":null,"estado_destacado":null,"niveles_destacados":null,"url_del_enlace":null,"banner_destacado":null,"posicion_visualizacion_de_la_noticia":null,"estado_noticia":null,"fecha_de_inicio_de_visualizacion_del_tutorial":null,"hora_inicio_visualizacion_tutorial":null,"minutos_inicio_visualizacion_tutorial":null,"fecha_de_final_de_visualizacion_del_tutorial":null,"hora_final_visualizacion_tutorial":null,"minutos_final_visualizacion_tutorial":null,"numero_de_veces_visto":null,"numero_de_veces_total":null,"niveles_tutorial":null,"tutorial_recursos_castellano":null,"tutorial_recursos_catalan":null,"dias_disponibles":null,"dias_de_la_semana":null,"dias_del_mes":null,"other_lang_post_id":null,"lang":"es","campanya_descripcion":null,"campanya_fecha_inicio":null,"campanya_fecha_fin":null,"campanya_legales":null,"campanya_imagen":null,"campanya_characteristics":null,"campanya_url":null,"campanya_posicion_visualizacion":null,"campanya_estado":null,"_links":{"self":[{"href":"https:\/\/www.ametllerorigenwp.com\/es\/wp-json\/wp\/v2\/posts\/3009","targetHints":{"allow":["GET"]}}],"collection":[{"href":"https:\/\/www.ametllerorigenwp.com\/es\/wp-json\/wp\/v2\/posts"}],"about":[{"href":"https:\/\/www.ametllerorigenwp.com\/es\/wp-json\/wp\/v2\/types\/post"}],"author":[{"embeddable":true,"href":"https:\/\/www.ametllerorigenwp.com\/es\/wp-json\/wp\/v2\/users\/5"}],"replies":[{"embeddable":true,"href":"https:\/\/www.ametllerorigenwp.com\/es\/wp-json\/wp\/v2\/comments?post=3009"}],"version-history":[{"count":1,"href":"https:\/\/www.ametllerorigenwp.com\/es\/wp-json\/wp\/v2\/posts\/3009\/revisions"}],"predecessor-version":[{"id":3012,"href":"https:\/\/www.ametllerorigenwp.com\/es\/wp-json\/wp\/v2\/posts\/3009\/revisions\/3012"}],"wp:featuredmedia":[{"embeddable":true,"href":"https:\/\/www.ametllerorigenwp.com\/es\/wp-json\/wp\/v2\/media\/3010"}],"wp:attachment":[{"href":"https:\/\/www.ametllerorigenwp.com\/es\/wp-json\/wp\/v2\/media?parent=3009"}],"wp:term":[{"taxonomy":"category","embeddable":true,"href":"https:\/\/www.ametllerorigenwp.com\/es\/wp-json\/wp\/v2\/categories?post=3009"},{"taxonomy":"post_tag","embeddable":true,"href":"https:\/\/www.ametllerorigenwp.com\/es\/wp-json\/wp\/v2\/tags?post=3009"}],"curies":[{"name":"wp","href":"https:\/\/api.w.org\/{rel}","templated":true}]}}