{"id":3015,"date":"2021-08-08T10:32:00","date_gmt":"2021-08-08T10:32:00","guid":{"rendered":"https:\/\/www.ametllerorigenwp.com\/?p=3015"},"modified":"2021-08-06T14:17:21","modified_gmt":"2021-08-06T14:17:21","slug":"tomate-cor-de-bou-la-variedad-mas-versatil","status":"publish","type":"post","link":"https:\/\/www.ametllerorigenwp.com\/es\/tomate-cor-de-bou-la-variedad-mas-versatil\/","title":{"rendered":"Tomate Cor de Bou, la variedad m\u00e1s vers\u00e1til"},"content":{"rendered":"\n<p><strong>De sabor dulce, jugoso y arom\u00e1tico; bien carnoso y con pocas semillas<\/strong>, el <strong>tomate Cor de Bou<\/strong> lo reconocer\u00e1s f\u00e1cilmente por su forma redondeada con surcos y por su color rojo con franjas verdes.<\/p>\n\n\n\n<p>Esta variedad de tomate, que cultivamos en nuestros campos del Maresme y recolectamos en su momento \u00f3ptimo de maduraci\u00f3n, es <strong>ideal para ali\u00f1ar, para comer en tartar, combinarlo con frutas dulces -como el higo fresco o melocotones-, para especiarlo con lavanda o c\u00farcuma o para rellenarlo con una buena ensaladilla rusa.<\/strong><\/p>\n\n\n\n<p>Cintet te ense\u00f1a <strong>en este <a href=\"https:\/\/www.instagram.com\/p\/CRRHW38IbGl\/?utm_source=app&amp;utm_medium=appes&amp;utm_campaign=contingut-app-receptacordebou&amp;utm_content=\" target=\"_blank\" rel=\"noreferrer noopener\">v\u00eddeo<\/a> una receta fresca y saludable con tomate Cor de Bou, ensaladilla rusa y nido de jud\u00edas. <\/strong>\u00a1An\u00edmate a prepararla!<\/p>\n","protected":false},"excerpt":{"rendered":"<p>De sabor dulce, jugoso y arom\u00e1tico; bien carnoso y con pocas semillas, el tomate Cor de Bou lo reconocer\u00e1s f\u00e1cilmente por su forma redondeada con surcos y por su color rojo con franjas verdes. Esta variedad de tomate, que cultivamos en nuestros campos del Maresme y recolectamos en su momento \u00f3ptimo de maduraci\u00f3n, es ideal &hellip; <a href=\"https:\/\/www.ametllerorigenwp.com\/es\/tomate-cor-de-bou-la-variedad-mas-versatil\/\" class=\"more-link\">Continuar leyendo<span class=\"screen-reader-text\"> \u00abTomate Cor de Bou, la variedad m\u00e1s vers\u00e1til\u00bb<\/span><\/a><\/p>\n","protected":false},"author":5,"featured_media":3018,"comment_status":"open","ping_status":"open","sticky":false,"template":"","format":"standard","meta":{"_uag_custom_page_level_css":"","advgb_blocks_editor_width":"","advgb_blocks_columns_visual_guide":"","footnotes":""},"categories":[1],"tags":[],"class_list":["post-3015","post","type-post","status-publish","format-standard","has-post-thumbnail","hentry","category-noticias"],"author_meta":{"display_name":"Mireia Zaragoza","author_link":"https:\/\/www.ametllerorigenwp.com\/es\/author\/mzaragoza\/"},"featured_img":"https:\/\/www.ametllerorigenwp.com\/wp-content\/uploads\/2021\/08\/1086937878-300x102.jpg","uagb_featured_image_src":{"full":["https:\/\/www.ametllerorigenwp.com\/wp-content\/uploads\/2021\/08\/1086937878.jpg",1000,340,false],"thumbnail":["https:\/\/www.ametllerorigenwp.com\/wp-content\/uploads\/2021\/08\/1086937878-150x150.jpg",150,150,true],"medium":["https:\/\/www.ametllerorigenwp.com\/wp-content\/uploads\/2021\/08\/1086937878-300x102.jpg",300,102,true],"medium_large":["https:\/\/www.ametllerorigenwp.com\/wp-content\/uploads\/2021\/08\/1086937878-768x261.jpg",768,261,true],"large":["https:\/\/www.ametllerorigenwp.com\/wp-content\/uploads\/2021\/08\/1086937878.jpg",840,286,false],"1536x1536":["https:\/\/www.ametllerorigenwp.com\/wp-content\/uploads\/2021\/08\/1086937878.jpg",1000,340,false],"2048x2048":["https:\/\/www.ametllerorigenwp.com\/wp-content\/uploads\/2021\/08\/1086937878.jpg",1000,340,false],"post-thumbnail":["https:\/\/www.ametllerorigenwp.com\/wp-content\/uploads\/2021\/08\/1086937878.jpg",1000,340,false]},"uagb_author_info":{"display_name":"Mireia Zaragoza","author_link":"https:\/\/www.ametllerorigenwp.com\/es\/author\/mzaragoza\/"},"uagb_comment_info":0,"uagb_excerpt":"De sabor dulce, jugoso y arom\u00e1tico; bien carnoso y con pocas semillas, el tomate Cor de Bou lo reconocer\u00e1s f\u00e1cilmente por su forma redondeada con surcos y por su color rojo con franjas verdes. Esta variedad de tomate, que cultivamos en nuestros campos del Maresme y recolectamos en su momento \u00f3ptimo de maduraci\u00f3n, es ideal&hellip;","coauthors":[],"tax_additional":{"categories":{"linked":["<a href=\"https:\/\/www.ametllerorigenwp.com\/es\/category\/noticias\/\" class=\"advgb-post-tax-term\">Noticias<\/a>"],"unlinked":["<span class=\"advgb-post-tax-term\">Noticias<\/span>"]}},"comment_count":"0","relative_dates":{"created":"Publicado 5 a\u00f1os hace","modified":"Actualizado 5 a\u00f1os hace"},"absolute_dates":{"created":"Publicado el 8 de agosto de 2021","modified":"Actualizado el 6 de agosto de 2021"},"absolute_dates_time":{"created":"Publicado el 8 de agosto de 2021 10:32","modified":"Actualizado el 6 de agosto de 2021 14:17"},"featured_img_caption":"","series_order":"","show_in_app":true,"fecha_inicio_destacado":null,"hora_inicio_visualizacion":null,"minutos_inicio_visualizacion":null,"fecha_final_destacado":null,"hora_final_visualizacion":null,"minutos_final_visualizacion":null,"posicion_visualizacion":null,"estado_destacado":null,"niveles_destacados":null,"url_del_enlace":null,"banner_destacado":null,"posicion_visualizacion_de_la_noticia":null,"estado_noticia":null,"fecha_de_inicio_de_visualizacion_del_tutorial":null,"hora_inicio_visualizacion_tutorial":null,"minutos_inicio_visualizacion_tutorial":null,"fecha_de_final_de_visualizacion_del_tutorial":null,"hora_final_visualizacion_tutorial":null,"minutos_final_visualizacion_tutorial":null,"numero_de_veces_visto":null,"numero_de_veces_total":null,"niveles_tutorial":null,"tutorial_recursos_castellano":null,"tutorial_recursos_catalan":null,"dias_disponibles":null,"dias_de_la_semana":null,"dias_del_mes":null,"other_lang_post_id":null,"lang":"es","campanya_descripcion":null,"campanya_fecha_inicio":null,"campanya_fecha_fin":null,"campanya_legales":null,"campanya_imagen":null,"campanya_characteristics":null,"campanya_url":null,"campanya_posicion_visualizacion":null,"campanya_estado":null,"_links":{"self":[{"href":"https:\/\/www.ametllerorigenwp.com\/es\/wp-json\/wp\/v2\/posts\/3015","targetHints":{"allow":["GET"]}}],"collection":[{"href":"https:\/\/www.ametllerorigenwp.com\/es\/wp-json\/wp\/v2\/posts"}],"about":[{"href":"https:\/\/www.ametllerorigenwp.com\/es\/wp-json\/wp\/v2\/types\/post"}],"author":[{"embeddable":true,"href":"https:\/\/www.ametllerorigenwp.com\/es\/wp-json\/wp\/v2\/users\/5"}],"replies":[{"embeddable":true,"href":"https:\/\/www.ametllerorigenwp.com\/es\/wp-json\/wp\/v2\/comments?post=3015"}],"version-history":[{"count":2,"href":"https:\/\/www.ametllerorigenwp.com\/es\/wp-json\/wp\/v2\/posts\/3015\/revisions"}],"predecessor-version":[{"id":3019,"href":"https:\/\/www.ametllerorigenwp.com\/es\/wp-json\/wp\/v2\/posts\/3015\/revisions\/3019"}],"wp:featuredmedia":[{"embeddable":true,"href":"https:\/\/www.ametllerorigenwp.com\/es\/wp-json\/wp\/v2\/media\/3018"}],"wp:attachment":[{"href":"https:\/\/www.ametllerorigenwp.com\/es\/wp-json\/wp\/v2\/media?parent=3015"}],"wp:term":[{"taxonomy":"category","embeddable":true,"href":"https:\/\/www.ametllerorigenwp.com\/es\/wp-json\/wp\/v2\/categories?post=3015"},{"taxonomy":"post_tag","embeddable":true,"href":"https:\/\/www.ametllerorigenwp.com\/es\/wp-json\/wp\/v2\/tags?post=3015"}],"curies":[{"name":"wp","href":"https:\/\/api.w.org\/{rel}","templated":true}]}}