{"id":3253,"date":"2021-08-26T14:36:04","date_gmt":"2021-08-26T14:36:04","guid":{"rendered":"https:\/\/www.ametllerorigenwp.com\/?p=3253"},"modified":"2021-08-26T15:40:58","modified_gmt":"2021-08-26T15:40:58","slug":"aprovecha-los-rayos-de-sol-para-preparar-tomates-secos","status":"publish","type":"post","link":"https:\/\/www.ametllerorigenwp.com\/es\/aprovecha-los-rayos-de-sol-para-preparar-tomates-secos\/","title":{"rendered":"Aprovecha los rayos de sol para preparar tomates secos"},"content":{"rendered":"\n<p>\u00bfSabes c\u00f3mo hacer tomates secos? Aprovecha ahora que es verano y los rayos de sol pican fuerte para prepararlos. Cintet te ense\u00f1a en este <strong><a href=\"https:\/\/www.instagram.com\/p\/CS9QwYpIIff\/\" target=\"_blank\" rel=\"noreferrer noopener\">v\u00eddeo<\/a> c\u00f3mo conseguir los tomates secos m\u00e1s sabrosos y te da algunos consejos para que te queden perfectos e irresistibles.<\/strong><\/p>\n\n\n\n<p>\u00a1An\u00edmate a prepararlos!<\/p>\n","protected":false},"excerpt":{"rendered":"<p>\u00bfSabes c\u00f3mo hacer tomates secos? Aprovecha ahora que es verano y los rayos de sol pican fuerte para prepararlos. Cintet te ense\u00f1a en este v\u00eddeo c\u00f3mo conseguir los tomates secos m\u00e1s sabrosos y te da algunos consejos para que te queden perfectos e irresistibles. \u00a1An\u00edmate a prepararlos!<\/p>\n","protected":false},"author":5,"featured_media":3256,"comment_status":"open","ping_status":"open","sticky":false,"template":"","format":"standard","meta":{"_uag_custom_page_level_css":"","advgb_blocks_editor_width":"","advgb_blocks_columns_visual_guide":"","footnotes":""},"categories":[1],"tags":[],"class_list":["post-3253","post","type-post","status-publish","format-standard","has-post-thumbnail","hentry","category-noticias"],"author_meta":{"display_name":"Mireia Zaragoza","author_link":"https:\/\/www.ametllerorigenwp.com\/es\/author\/mzaragoza\/"},"featured_img":"https:\/\/www.ametllerorigenwp.com\/wp-content\/uploads\/2021\/08\/Toma\u0300quets_A00-300x102.jpg","uagb_featured_image_src":{"full":["https:\/\/www.ametllerorigenwp.com\/wp-content\/uploads\/2021\/08\/Toma\u0300quets_A00.jpg",1000,340,false],"thumbnail":["https:\/\/www.ametllerorigenwp.com\/wp-content\/uploads\/2021\/08\/Toma\u0300quets_A00-150x150.jpg",150,150,true],"medium":["https:\/\/www.ametllerorigenwp.com\/wp-content\/uploads\/2021\/08\/Toma\u0300quets_A00-300x102.jpg",300,102,true],"medium_large":["https:\/\/www.ametllerorigenwp.com\/wp-content\/uploads\/2021\/08\/Toma\u0300quets_A00-768x261.jpg",768,261,true],"large":["https:\/\/www.ametllerorigenwp.com\/wp-content\/uploads\/2021\/08\/Toma\u0300quets_A00.jpg",840,286,false],"1536x1536":["https:\/\/www.ametllerorigenwp.com\/wp-content\/uploads\/2021\/08\/Toma\u0300quets_A00.jpg",1000,340,false],"2048x2048":["https:\/\/www.ametllerorigenwp.com\/wp-content\/uploads\/2021\/08\/Toma\u0300quets_A00.jpg",1000,340,false],"post-thumbnail":["https:\/\/www.ametllerorigenwp.com\/wp-content\/uploads\/2021\/08\/Toma\u0300quets_A00.jpg",1000,340,false]},"uagb_author_info":{"display_name":"Mireia Zaragoza","author_link":"https:\/\/www.ametllerorigenwp.com\/es\/author\/mzaragoza\/"},"uagb_comment_info":0,"uagb_excerpt":"\u00bfSabes c\u00f3mo hacer tomates secos? Aprovecha ahora que es verano y los rayos de sol pican fuerte para prepararlos. Cintet te ense\u00f1a en este v\u00eddeo c\u00f3mo conseguir los tomates secos m\u00e1s sabrosos y te da algunos consejos para que te queden perfectos e irresistibles. \u00a1An\u00edmate a prepararlos!","coauthors":[],"tax_additional":{"categories":{"linked":["<a href=\"https:\/\/www.ametllerorigenwp.com\/es\/category\/noticias\/\" class=\"advgb-post-tax-term\">Noticias<\/a>"],"unlinked":["<span class=\"advgb-post-tax-term\">Noticias<\/span>"]}},"comment_count":"0","relative_dates":{"created":"Publicado 5 a\u00f1os hace","modified":"Actualizado 5 a\u00f1os hace"},"absolute_dates":{"created":"Publicado el 26 de agosto de 2021","modified":"Actualizado el 26 de agosto de 2021"},"absolute_dates_time":{"created":"Publicado el 26 de agosto de 2021 14:36","modified":"Actualizado el 26 de agosto de 2021 15:40"},"featured_img_caption":"","series_order":"","show_in_app":true,"fecha_inicio_destacado":null,"hora_inicio_visualizacion":null,"minutos_inicio_visualizacion":null,"fecha_final_destacado":null,"hora_final_visualizacion":null,"minutos_final_visualizacion":null,"posicion_visualizacion":null,"estado_destacado":null,"niveles_destacados":null,"url_del_enlace":null,"banner_destacado":null,"posicion_visualizacion_de_la_noticia":null,"estado_noticia":null,"fecha_de_inicio_de_visualizacion_del_tutorial":null,"hora_inicio_visualizacion_tutorial":null,"minutos_inicio_visualizacion_tutorial":null,"fecha_de_final_de_visualizacion_del_tutorial":null,"hora_final_visualizacion_tutorial":null,"minutos_final_visualizacion_tutorial":null,"numero_de_veces_visto":null,"numero_de_veces_total":null,"niveles_tutorial":null,"tutorial_recursos_castellano":null,"tutorial_recursos_catalan":null,"dias_disponibles":null,"dias_de_la_semana":null,"dias_del_mes":null,"other_lang_post_id":null,"lang":"es","campanya_descripcion":null,"campanya_fecha_inicio":null,"campanya_fecha_fin":null,"campanya_legales":null,"campanya_imagen":null,"campanya_characteristics":null,"campanya_url":null,"campanya_posicion_visualizacion":null,"campanya_estado":null,"_links":{"self":[{"href":"https:\/\/www.ametllerorigenwp.com\/es\/wp-json\/wp\/v2\/posts\/3253","targetHints":{"allow":["GET"]}}],"collection":[{"href":"https:\/\/www.ametllerorigenwp.com\/es\/wp-json\/wp\/v2\/posts"}],"about":[{"href":"https:\/\/www.ametllerorigenwp.com\/es\/wp-json\/wp\/v2\/types\/post"}],"author":[{"embeddable":true,"href":"https:\/\/www.ametllerorigenwp.com\/es\/wp-json\/wp\/v2\/users\/5"}],"replies":[{"embeddable":true,"href":"https:\/\/www.ametllerorigenwp.com\/es\/wp-json\/wp\/v2\/comments?post=3253"}],"version-history":[{"count":2,"href":"https:\/\/www.ametllerorigenwp.com\/es\/wp-json\/wp\/v2\/posts\/3253\/revisions"}],"predecessor-version":[{"id":3258,"href":"https:\/\/www.ametllerorigenwp.com\/es\/wp-json\/wp\/v2\/posts\/3253\/revisions\/3258"}],"wp:featuredmedia":[{"embeddable":true,"href":"https:\/\/www.ametllerorigenwp.com\/es\/wp-json\/wp\/v2\/media\/3256"}],"wp:attachment":[{"href":"https:\/\/www.ametllerorigenwp.com\/es\/wp-json\/wp\/v2\/media?parent=3253"}],"wp:term":[{"taxonomy":"category","embeddable":true,"href":"https:\/\/www.ametllerorigenwp.com\/es\/wp-json\/wp\/v2\/categories?post=3253"},{"taxonomy":"post_tag","embeddable":true,"href":"https:\/\/www.ametllerorigenwp.com\/es\/wp-json\/wp\/v2\/tags?post=3253"}],"curies":[{"name":"wp","href":"https:\/\/api.w.org\/{rel}","templated":true}]}}