{"id":3383,"date":"2021-08-31T14:50:02","date_gmt":"2021-08-31T14:50:02","guid":{"rendered":"https:\/\/www.ametllerorigenwp.com\/?p=3383"},"modified":"2021-08-31T19:05:00","modified_gmt":"2021-08-31T19:05:00","slug":"apuntate-a-los-talleres-de-septiembre-te-esperamos","status":"publish","type":"post","link":"https:\/\/www.ametllerorigenwp.com\/es\/apuntate-a-los-talleres-de-septiembre-te-esperamos\/","title":{"rendered":"Ap\u00fantate a los talleres de septiembre, \u00a1te esperamos!"},"content":{"rendered":"\n<p>\u00a1Volver mola! \u00bfPreparado para un septiembre lleno de actividades? Disfruta de los mejores <strong>talleres, charlas y actividades, presenciales y online, sobre alimentaci\u00f3n saludable y sostenibilidad,<\/strong> que hemos organizado en el marco del movimiento Fem Cam\u00ed.<\/p>\n\n\n\n<p>Atento, este mes te proponemos:<\/p>\n\n\n\n<ul class=\"wp-block-list\"><li><strong>I Concurso de cata del Club de vins amb Origen<\/strong>: Cata a ciegas de 6 de los vinos del Club. Los asistentes deber\u00e1n responder a una serie de preguntas sobre su elaboraci\u00f3n, variedad, envejecimiento&#8230;<\/li><li><strong>Di\u00e1logos desde Catalunya sobre sistemas alimentarios<\/strong>: Coincidiendo con el A\u00f1o Internacional de las Frutas y las Verduras, organizamos, de la mano de Naciones Unidas Espa\u00f1a, una jornada sobre los sistemas alimentarios en el mundo, con la participaci\u00f3n de Carme Ruscalleda.<\/li><li><strong>Cuando te cuidas, el Alzheimer da un paso atr\u00e1s<\/strong>: La Dra. Nina Gramunt de la Fundaci\u00f3 Pasqual Maragall profundiza sobre los h\u00e1bitos que tenemos que seguir para prevenir esta enfermedad.<\/li><li><strong>Cuida la naturaleza con Pened\u00e8s Verd<\/strong>: Comparte un gran ma\u00f1ana en familia, amigos y mascotas recogiendo residuos y limpiando los espacios naturales de la comarca.<\/li><li><strong>Visita la bodega donde nacen los vinos de Ametller<\/strong>: descubre nuestra bodega del Priorat<\/li><\/ul>\n\n\n\n<p>Consulta nuestro <a href=\"https:\/\/www.femcami.org\/ca\/escola-del-bon-menjar\/esdeveniments\/?utm_source=app&amp;utm_medium=appcat&amp;utm_campaign=org\" target=\"_blank\" rel=\"noreferrer noopener\">calendario de actividades<\/a> para saber todos los detalles y no te pierdas ni una. \u00a1Te esperamos!<\/p>\n\n\n\n<p><em>*Todos nuestros talleres presenciales se imparten en Ametller Origen Mercat d\u2019Autors (C\/Num\u00e0ncia, 47 Barcelona)<\/em><\/p>\n","protected":false},"excerpt":{"rendered":"<p>\u00a1Volver mola! \u00bfPreparado para un septiembre lleno de actividades? Disfruta de los mejores talleres, charlas y actividades, presenciales y online, sobre alimentaci\u00f3n saludable y sostenibilidad, que hemos organizado en el marco del movimiento Fem Cam\u00ed. Atento, este mes te proponemos: I Concurso de cata del Club de vins amb Origen: Cata a ciegas de 6 &hellip; <a href=\"https:\/\/www.ametllerorigenwp.com\/es\/apuntate-a-los-talleres-de-septiembre-te-esperamos\/\" class=\"more-link\">Continuar leyendo<span class=\"screen-reader-text\"> \u00abAp\u00fantate a los talleres de septiembre, \u00a1te esperamos!\u00bb<\/span><\/a><\/p>\n","protected":false},"author":5,"featured_media":3384,"comment_status":"open","ping_status":"open","sticky":false,"template":"","format":"standard","meta":{"_uag_custom_page_level_css":"","advgb_blocks_editor_width":"","advgb_blocks_columns_visual_guide":"","footnotes":""},"categories":[1],"tags":[],"class_list":["post-3383","post","type-post","status-publish","format-standard","has-post-thumbnail","hentry","category-noticias"],"author_meta":{"display_name":"Mireia Zaragoza","author_link":"https:\/\/www.ametllerorigenwp.com\/es\/author\/mzaragoza\/"},"featured_img":"https:\/\/www.ametllerorigenwp.com\/wp-content\/uploads\/2021\/08\/APP_Tallers-setembre_ES-300x102.jpg","uagb_featured_image_src":{"full":["https:\/\/www.ametllerorigenwp.com\/wp-content\/uploads\/2021\/08\/APP_Tallers-setembre_ES.jpg",1001,341,false],"thumbnail":["https:\/\/www.ametllerorigenwp.com\/wp-content\/uploads\/2021\/08\/APP_Tallers-setembre_ES-150x150.jpg",150,150,true],"medium":["https:\/\/www.ametllerorigenwp.com\/wp-content\/uploads\/2021\/08\/APP_Tallers-setembre_ES-300x102.jpg",300,102,true],"medium_large":["https:\/\/www.ametllerorigenwp.com\/wp-content\/uploads\/2021\/08\/APP_Tallers-setembre_ES-768x262.jpg",768,262,true],"large":["https:\/\/www.ametllerorigenwp.com\/wp-content\/uploads\/2021\/08\/APP_Tallers-setembre_ES.jpg",840,286,false],"1536x1536":["https:\/\/www.ametllerorigenwp.com\/wp-content\/uploads\/2021\/08\/APP_Tallers-setembre_ES.jpg",1001,341,false],"2048x2048":["https:\/\/www.ametllerorigenwp.com\/wp-content\/uploads\/2021\/08\/APP_Tallers-setembre_ES.jpg",1001,341,false],"post-thumbnail":["https:\/\/www.ametllerorigenwp.com\/wp-content\/uploads\/2021\/08\/APP_Tallers-setembre_ES.jpg",1001,341,false]},"uagb_author_info":{"display_name":"Mireia Zaragoza","author_link":"https:\/\/www.ametllerorigenwp.com\/es\/author\/mzaragoza\/"},"uagb_comment_info":0,"uagb_excerpt":"\u00a1Volver mola! \u00bfPreparado para un septiembre lleno de actividades? Disfruta de los mejores talleres, charlas y actividades, presenciales y online, sobre alimentaci\u00f3n saludable y sostenibilidad, que hemos organizado en el marco del movimiento Fem Cam\u00ed. Atento, este mes te proponemos: I Concurso de cata del Club de vins amb Origen: Cata a ciegas de 6&hellip;","coauthors":[],"tax_additional":{"categories":{"linked":["<a href=\"https:\/\/www.ametllerorigenwp.com\/es\/category\/noticias\/\" class=\"advgb-post-tax-term\">Noticias<\/a>"],"unlinked":["<span class=\"advgb-post-tax-term\">Noticias<\/span>"]}},"comment_count":"0","relative_dates":{"created":"Publicado 5 a\u00f1os hace","modified":"Actualizado 5 a\u00f1os hace"},"absolute_dates":{"created":"Publicado el 31 de agosto de 2021","modified":"Actualizado el 31 de agosto de 2021"},"absolute_dates_time":{"created":"Publicado el 31 de agosto de 2021 14:50","modified":"Actualizado el 31 de agosto de 2021 19:05"},"featured_img_caption":"","series_order":"","show_in_app":true,"fecha_inicio_destacado":null,"hora_inicio_visualizacion":null,"minutos_inicio_visualizacion":null,"fecha_final_destacado":null,"hora_final_visualizacion":null,"minutos_final_visualizacion":null,"posicion_visualizacion":null,"estado_destacado":null,"niveles_destacados":null,"url_del_enlace":null,"banner_destacado":null,"posicion_visualizacion_de_la_noticia":null,"estado_noticia":null,"fecha_de_inicio_de_visualizacion_del_tutorial":null,"hora_inicio_visualizacion_tutorial":null,"minutos_inicio_visualizacion_tutorial":null,"fecha_de_final_de_visualizacion_del_tutorial":null,"hora_final_visualizacion_tutorial":null,"minutos_final_visualizacion_tutorial":null,"numero_de_veces_visto":null,"numero_de_veces_total":null,"niveles_tutorial":null,"tutorial_recursos_castellano":null,"tutorial_recursos_catalan":null,"dias_disponibles":null,"dias_de_la_semana":null,"dias_del_mes":null,"other_lang_post_id":null,"lang":"es","campanya_descripcion":null,"campanya_fecha_inicio":null,"campanya_fecha_fin":null,"campanya_legales":null,"campanya_imagen":null,"campanya_characteristics":null,"campanya_url":null,"campanya_posicion_visualizacion":null,"campanya_estado":null,"_links":{"self":[{"href":"https:\/\/www.ametllerorigenwp.com\/es\/wp-json\/wp\/v2\/posts\/3383","targetHints":{"allow":["GET"]}}],"collection":[{"href":"https:\/\/www.ametllerorigenwp.com\/es\/wp-json\/wp\/v2\/posts"}],"about":[{"href":"https:\/\/www.ametllerorigenwp.com\/es\/wp-json\/wp\/v2\/types\/post"}],"author":[{"embeddable":true,"href":"https:\/\/www.ametllerorigenwp.com\/es\/wp-json\/wp\/v2\/users\/5"}],"replies":[{"embeddable":true,"href":"https:\/\/www.ametllerorigenwp.com\/es\/wp-json\/wp\/v2\/comments?post=3383"}],"version-history":[{"count":3,"href":"https:\/\/www.ametllerorigenwp.com\/es\/wp-json\/wp\/v2\/posts\/3383\/revisions"}],"predecessor-version":[{"id":3389,"href":"https:\/\/www.ametllerorigenwp.com\/es\/wp-json\/wp\/v2\/posts\/3383\/revisions\/3389"}],"wp:featuredmedia":[{"embeddable":true,"href":"https:\/\/www.ametllerorigenwp.com\/es\/wp-json\/wp\/v2\/media\/3384"}],"wp:attachment":[{"href":"https:\/\/www.ametllerorigenwp.com\/es\/wp-json\/wp\/v2\/media?parent=3383"}],"wp:term":[{"taxonomy":"category","embeddable":true,"href":"https:\/\/www.ametllerorigenwp.com\/es\/wp-json\/wp\/v2\/categories?post=3383"},{"taxonomy":"post_tag","embeddable":true,"href":"https:\/\/www.ametllerorigenwp.com\/es\/wp-json\/wp\/v2\/tags?post=3383"}],"curies":[{"name":"wp","href":"https:\/\/api.w.org\/{rel}","templated":true}]}}