{"id":3398,"date":"2021-09-01T14:25:10","date_gmt":"2021-09-01T14:25:10","guid":{"rendered":"https:\/\/www.ametllerorigenwp.com\/?p=3398"},"modified":"2021-09-02T09:09:47","modified_gmt":"2021-09-02T09:09:47","slug":"cultivamos-siguiendo-los-criterios-de-la-agricultura-sostenible","status":"publish","type":"post","link":"https:\/\/www.ametllerorigenwp.com\/es\/cultivamos-siguiendo-los-criterios-de-la-agricultura-sostenible\/","title":{"rendered":"Cultivamos siguiendo los criterios de la agricultura sostenible"},"content":{"rendered":"\n<p>Apostamos por la producci\u00f3n sostenible de menor impacto: todas nuestras frutas y verduras est\u00e1n cultivadas siguiendo los criterios de la agricultura sostenible que consisten en:<\/p>\n\n\n\n<ul class=\"wp-block-list\"><li><strong>Reducci\u00f3n de la huella de CO2 de nuestros cultivos<\/strong><\/li><li><strong>Reducci\u00f3n de la huella h\u00eddrica de nuestros cultivos<\/strong><\/li><li><strong>Reducci\u00f3n del consumo energ\u00e9tico<\/strong><\/li><li><strong>Maximizaci\u00f3n de la absorci\u00f3n de carbono<\/strong><\/li><li><strong>Limitaci\u00f3n del uso de fertilizantes<\/strong><\/li><\/ul>\n\n\n\n<p>Algunas de las acciones que llevamos a cabo en nuestros campos son la <strong>introducci\u00f3n y preservaci\u00f3n de los insectos enemigos naturales de las plagas<\/strong>; aplicar <strong>alternativas de gesti\u00f3n eficiente del agua<\/strong>; la apuesta por fomentar la <strong>fauna y la flora aut\u00f3ctonas<\/strong> plantando y conservando m\u00e1rgenes florales y fomentando <strong>la econom\u00eda circular de los residuos<\/strong> utilizando s\u00f3lo envases reutilizables o reciclables, entre otros.<\/p>\n\n\n\n<p>Descubre en qu\u00e9 consiste la agricultura sostenible en <a href=\"https:\/\/www.femcami.org\/ca\/sostenibilitat\/agricultura-sostenible\/\" target=\"_blank\" rel=\"noreferrer noopener\">femcam\u00ed.org<\/a>.<\/p>\n\n\n\n<p>\u00a1Sigamos avanzando juntos hacia el mundo donde queremos vivir!<\/p>\n","protected":false},"excerpt":{"rendered":"<p>Apostamos por la producci\u00f3n sostenible de menor impacto: todas nuestras frutas y verduras est\u00e1n cultivadas siguiendo los criterios de la agricultura sostenible que consisten en: Reducci\u00f3n de la huella de CO2 de nuestros cultivos Reducci\u00f3n de la huella h\u00eddrica de nuestros cultivos Reducci\u00f3n del consumo energ\u00e9tico Maximizaci\u00f3n de la absorci\u00f3n de carbono Limitaci\u00f3n del uso &hellip; <a href=\"https:\/\/www.ametllerorigenwp.com\/es\/cultivamos-siguiendo-los-criterios-de-la-agricultura-sostenible\/\" class=\"more-link\">Continuar leyendo<span class=\"screen-reader-text\"> \u00abCultivamos siguiendo los criterios de la agricultura sostenible\u00bb<\/span><\/a><\/p>\n","protected":false},"author":5,"featured_media":3400,"comment_status":"open","ping_status":"open","sticky":false,"template":"","format":"standard","meta":{"_uag_custom_page_level_css":"","advgb_blocks_editor_width":"","advgb_blocks_columns_visual_guide":"","footnotes":""},"categories":[1],"tags":[],"class_list":["post-3398","post","type-post","status-publish","format-standard","has-post-thumbnail","hentry","category-noticias"],"author_meta":{"display_name":"Mireia Zaragoza","author_link":"https:\/\/www.ametllerorigenwp.com\/es\/author\/mzaragoza\/"},"featured_img":"https:\/\/www.ametllerorigenwp.com\/wp-content\/uploads\/2021\/09\/2021-09-02-300x102.jpg","uagb_featured_image_src":{"full":["https:\/\/www.ametllerorigenwp.com\/wp-content\/uploads\/2021\/09\/2021-09-02.jpg",1000,340,false],"thumbnail":["https:\/\/www.ametllerorigenwp.com\/wp-content\/uploads\/2021\/09\/2021-09-02-150x150.jpg",150,150,true],"medium":["https:\/\/www.ametllerorigenwp.com\/wp-content\/uploads\/2021\/09\/2021-09-02-300x102.jpg",300,102,true],"medium_large":["https:\/\/www.ametllerorigenwp.com\/wp-content\/uploads\/2021\/09\/2021-09-02-768x261.jpg",768,261,true],"large":["https:\/\/www.ametllerorigenwp.com\/wp-content\/uploads\/2021\/09\/2021-09-02.jpg",840,286,false],"1536x1536":["https:\/\/www.ametllerorigenwp.com\/wp-content\/uploads\/2021\/09\/2021-09-02.jpg",1000,340,false],"2048x2048":["https:\/\/www.ametllerorigenwp.com\/wp-content\/uploads\/2021\/09\/2021-09-02.jpg",1000,340,false],"post-thumbnail":["https:\/\/www.ametllerorigenwp.com\/wp-content\/uploads\/2021\/09\/2021-09-02.jpg",1000,340,false]},"uagb_author_info":{"display_name":"Mireia Zaragoza","author_link":"https:\/\/www.ametllerorigenwp.com\/es\/author\/mzaragoza\/"},"uagb_comment_info":0,"uagb_excerpt":"Apostamos por la producci\u00f3n sostenible de menor impacto: todas nuestras frutas y verduras est\u00e1n cultivadas siguiendo los criterios de la agricultura sostenible que consisten en: Reducci\u00f3n de la huella de CO2 de nuestros cultivos Reducci\u00f3n de la huella h\u00eddrica de nuestros cultivos Reducci\u00f3n del consumo energ\u00e9tico Maximizaci\u00f3n de la absorci\u00f3n de carbono Limitaci\u00f3n del uso&hellip;","coauthors":[],"tax_additional":{"categories":{"linked":["<a href=\"https:\/\/www.ametllerorigenwp.com\/es\/category\/noticias\/\" class=\"advgb-post-tax-term\">Noticias<\/a>"],"unlinked":["<span class=\"advgb-post-tax-term\">Noticias<\/span>"]}},"comment_count":"0","relative_dates":{"created":"Publicado 5 a\u00f1os hace","modified":"Actualizado 5 a\u00f1os hace"},"absolute_dates":{"created":"Publicado el 1 de septiembre de 2021","modified":"Actualizado el 2 de septiembre de 2021"},"absolute_dates_time":{"created":"Publicado el 1 de septiembre de 2021 14:25","modified":"Actualizado el 2 de septiembre de 2021 09:09"},"featured_img_caption":"","series_order":"","show_in_app":true,"fecha_inicio_destacado":null,"hora_inicio_visualizacion":null,"minutos_inicio_visualizacion":null,"fecha_final_destacado":null,"hora_final_visualizacion":null,"minutos_final_visualizacion":null,"posicion_visualizacion":null,"estado_destacado":null,"niveles_destacados":null,"url_del_enlace":null,"banner_destacado":null,"posicion_visualizacion_de_la_noticia":null,"estado_noticia":null,"fecha_de_inicio_de_visualizacion_del_tutorial":null,"hora_inicio_visualizacion_tutorial":null,"minutos_inicio_visualizacion_tutorial":null,"fecha_de_final_de_visualizacion_del_tutorial":null,"hora_final_visualizacion_tutorial":null,"minutos_final_visualizacion_tutorial":null,"numero_de_veces_visto":null,"numero_de_veces_total":null,"niveles_tutorial":null,"tutorial_recursos_castellano":null,"tutorial_recursos_catalan":null,"dias_disponibles":null,"dias_de_la_semana":null,"dias_del_mes":null,"other_lang_post_id":null,"lang":"es","campanya_descripcion":null,"campanya_fecha_inicio":null,"campanya_fecha_fin":null,"campanya_legales":null,"campanya_imagen":null,"campanya_characteristics":null,"campanya_url":null,"campanya_posicion_visualizacion":null,"campanya_estado":null,"_links":{"self":[{"href":"https:\/\/www.ametllerorigenwp.com\/es\/wp-json\/wp\/v2\/posts\/3398","targetHints":{"allow":["GET"]}}],"collection":[{"href":"https:\/\/www.ametllerorigenwp.com\/es\/wp-json\/wp\/v2\/posts"}],"about":[{"href":"https:\/\/www.ametllerorigenwp.com\/es\/wp-json\/wp\/v2\/types\/post"}],"author":[{"embeddable":true,"href":"https:\/\/www.ametllerorigenwp.com\/es\/wp-json\/wp\/v2\/users\/5"}],"replies":[{"embeddable":true,"href":"https:\/\/www.ametllerorigenwp.com\/es\/wp-json\/wp\/v2\/comments?post=3398"}],"version-history":[{"count":1,"href":"https:\/\/www.ametllerorigenwp.com\/es\/wp-json\/wp\/v2\/posts\/3398\/revisions"}],"predecessor-version":[{"id":3399,"href":"https:\/\/www.ametllerorigenwp.com\/es\/wp-json\/wp\/v2\/posts\/3398\/revisions\/3399"}],"wp:featuredmedia":[{"embeddable":true,"href":"https:\/\/www.ametllerorigenwp.com\/es\/wp-json\/wp\/v2\/media\/3400"}],"wp:attachment":[{"href":"https:\/\/www.ametllerorigenwp.com\/es\/wp-json\/wp\/v2\/media?parent=3398"}],"wp:term":[{"taxonomy":"category","embeddable":true,"href":"https:\/\/www.ametllerorigenwp.com\/es\/wp-json\/wp\/v2\/categories?post=3398"},{"taxonomy":"post_tag","embeddable":true,"href":"https:\/\/www.ametllerorigenwp.com\/es\/wp-json\/wp\/v2\/tags?post=3398"}],"curies":[{"name":"wp","href":"https:\/\/api.w.org\/{rel}","templated":true}]}}