{"id":3480,"date":"2021-09-13T14:13:02","date_gmt":"2021-09-13T14:13:02","guid":{"rendered":"https:\/\/www.ametllerorigenwp.com\/?p=3480"},"modified":"2021-09-13T14:43:35","modified_gmt":"2021-09-13T14:43:35","slug":"cuando-te-cuidas-el-alzheimer-da-un-paso-atras","status":"publish","type":"post","link":"https:\/\/www.ametllerorigenwp.com\/es\/cuando-te-cuidas-el-alzheimer-da-un-paso-atras\/","title":{"rendered":"Cuando te cuidas, el Alzheimer da un paso atr\u00e1s"},"content":{"rendered":"\n<p>A partir de hoy, y coincidiendo con el D\u00eda Mundial del Alzheimer el d\u00eda 21 de septiembre, ponemos en marcha una acci\u00f3n solidaria con la Fundaci\u00f3n Pasqual Maragall para apoyar la investigaci\u00f3n contra el Alzh\u00e9imer. <strong>Destinaremos 1 \u20ac por cada bolsa de nueces de 400 g que vendamos desde hoy y hasta el 30 de septiembre en todas las tiendas f\u00edsicas, y hasta el 14 de octubre en la <a href=\"https:\/\/www.ametllerorigen.com\/es\/nueces-400g\/p\" target=\"_blank\" rel=\"noreferrer noopener\">tienda online<\/a>.<\/strong><\/p>\n\n\n\n<p>Asimismo, <strong>ma\u00f1ana a las 18 h ofreceremos una charla con la Fundaci\u00f3n Pasqual Maragall sobre los h\u00e1bitos que tenemos que seguir para prevenir esta enfermedad<\/strong> de la mano de la Dra. Nina Gramunt. Puedes seguirla <a href=\"https:\/\/www.femcami.org\/ca\/esdeveniment\/quan-et-cuides-lalzheimer-fa-un-pas-enrere-amb-la-fundacio-pasqual-maragall\/\" target=\"_blank\" rel=\"noreferrer noopener\">aqu\u00ed<\/a>.<\/p>\n","protected":false},"excerpt":{"rendered":"<p>A partir de hoy, y coincidiendo con el D\u00eda Mundial del Alzheimer el d\u00eda 21 de septiembre, ponemos en marcha una acci\u00f3n solidaria con la Fundaci\u00f3n Pasqual Maragall para apoyar la investigaci\u00f3n contra el Alzh\u00e9imer. Destinaremos 1 \u20ac por cada bolsa de nueces de 400 g que vendamos desde hoy y hasta el 30 de &hellip; <a href=\"https:\/\/www.ametllerorigenwp.com\/es\/cuando-te-cuidas-el-alzheimer-da-un-paso-atras\/\" class=\"more-link\">Continuar leyendo<span class=\"screen-reader-text\"> \u00abCuando te cuidas, el Alzheimer da un paso atr\u00e1s\u00bb<\/span><\/a><\/p>\n","protected":false},"author":5,"featured_media":3481,"comment_status":"open","ping_status":"open","sticky":false,"template":"","format":"standard","meta":{"_uag_custom_page_level_css":"","advgb_blocks_editor_width":"","advgb_blocks_columns_visual_guide":"","footnotes":""},"categories":[1],"tags":[],"class_list":["post-3480","post","type-post","status-publish","format-standard","has-post-thumbnail","hentry","category-noticias"],"author_meta":{"display_name":"Mireia Zaragoza","author_link":"https:\/\/www.ametllerorigenwp.com\/es\/author\/mzaragoza\/"},"featured_img":"https:\/\/www.ametllerorigenwp.com\/wp-content\/uploads\/2021\/09\/APP_Nous-Pasqual-Margall_ES-300x102.jpg","uagb_featured_image_src":{"full":["https:\/\/www.ametllerorigenwp.com\/wp-content\/uploads\/2021\/09\/APP_Nous-Pasqual-Margall_ES.jpg",1000,340,false],"thumbnail":["https:\/\/www.ametllerorigenwp.com\/wp-content\/uploads\/2021\/09\/APP_Nous-Pasqual-Margall_ES-150x150.jpg",150,150,true],"medium":["https:\/\/www.ametllerorigenwp.com\/wp-content\/uploads\/2021\/09\/APP_Nous-Pasqual-Margall_ES-300x102.jpg",300,102,true],"medium_large":["https:\/\/www.ametllerorigenwp.com\/wp-content\/uploads\/2021\/09\/APP_Nous-Pasqual-Margall_ES-768x261.jpg",768,261,true],"large":["https:\/\/www.ametllerorigenwp.com\/wp-content\/uploads\/2021\/09\/APP_Nous-Pasqual-Margall_ES.jpg",840,286,false],"1536x1536":["https:\/\/www.ametllerorigenwp.com\/wp-content\/uploads\/2021\/09\/APP_Nous-Pasqual-Margall_ES.jpg",1000,340,false],"2048x2048":["https:\/\/www.ametllerorigenwp.com\/wp-content\/uploads\/2021\/09\/APP_Nous-Pasqual-Margall_ES.jpg",1000,340,false],"post-thumbnail":["https:\/\/www.ametllerorigenwp.com\/wp-content\/uploads\/2021\/09\/APP_Nous-Pasqual-Margall_ES.jpg",1000,340,false]},"uagb_author_info":{"display_name":"Mireia Zaragoza","author_link":"https:\/\/www.ametllerorigenwp.com\/es\/author\/mzaragoza\/"},"uagb_comment_info":0,"uagb_excerpt":"A partir de hoy, y coincidiendo con el D\u00eda Mundial del Alzheimer el d\u00eda 21 de septiembre, ponemos en marcha una acci\u00f3n solidaria con la Fundaci\u00f3n Pasqual Maragall para apoyar la investigaci\u00f3n contra el Alzh\u00e9imer. Destinaremos 1 \u20ac por cada bolsa de nueces de 400 g que vendamos desde hoy y hasta el 30 de&hellip;","coauthors":[],"tax_additional":{"categories":{"linked":["<a href=\"https:\/\/www.ametllerorigenwp.com\/es\/category\/noticias\/\" class=\"advgb-post-tax-term\">Noticias<\/a>"],"unlinked":["<span class=\"advgb-post-tax-term\">Noticias<\/span>"]}},"comment_count":"0","relative_dates":{"created":"Publicado 5 a\u00f1os hace","modified":"Actualizado 5 a\u00f1os hace"},"absolute_dates":{"created":"Publicado el 13 de septiembre de 2021","modified":"Actualizado el 13 de septiembre de 2021"},"absolute_dates_time":{"created":"Publicado el 13 de septiembre de 2021 14:13","modified":"Actualizado el 13 de septiembre de 2021 14:43"},"featured_img_caption":"","series_order":"","show_in_app":true,"fecha_inicio_destacado":null,"hora_inicio_visualizacion":null,"minutos_inicio_visualizacion":null,"fecha_final_destacado":null,"hora_final_visualizacion":null,"minutos_final_visualizacion":null,"posicion_visualizacion":null,"estado_destacado":null,"niveles_destacados":null,"url_del_enlace":null,"banner_destacado":null,"posicion_visualizacion_de_la_noticia":null,"estado_noticia":null,"fecha_de_inicio_de_visualizacion_del_tutorial":null,"hora_inicio_visualizacion_tutorial":null,"minutos_inicio_visualizacion_tutorial":null,"fecha_de_final_de_visualizacion_del_tutorial":null,"hora_final_visualizacion_tutorial":null,"minutos_final_visualizacion_tutorial":null,"numero_de_veces_visto":null,"numero_de_veces_total":null,"niveles_tutorial":null,"tutorial_recursos_castellano":null,"tutorial_recursos_catalan":null,"dias_disponibles":null,"dias_de_la_semana":null,"dias_del_mes":null,"other_lang_post_id":null,"lang":"es","campanya_descripcion":null,"campanya_fecha_inicio":null,"campanya_fecha_fin":null,"campanya_legales":null,"campanya_imagen":null,"campanya_characteristics":null,"campanya_url":null,"campanya_posicion_visualizacion":null,"campanya_estado":null,"_links":{"self":[{"href":"https:\/\/www.ametllerorigenwp.com\/es\/wp-json\/wp\/v2\/posts\/3480","targetHints":{"allow":["GET"]}}],"collection":[{"href":"https:\/\/www.ametllerorigenwp.com\/es\/wp-json\/wp\/v2\/posts"}],"about":[{"href":"https:\/\/www.ametllerorigenwp.com\/es\/wp-json\/wp\/v2\/types\/post"}],"author":[{"embeddable":true,"href":"https:\/\/www.ametllerorigenwp.com\/es\/wp-json\/wp\/v2\/users\/5"}],"replies":[{"embeddable":true,"href":"https:\/\/www.ametllerorigenwp.com\/es\/wp-json\/wp\/v2\/comments?post=3480"}],"version-history":[{"count":4,"href":"https:\/\/www.ametllerorigenwp.com\/es\/wp-json\/wp\/v2\/posts\/3480\/revisions"}],"predecessor-version":[{"id":3487,"href":"https:\/\/www.ametllerorigenwp.com\/es\/wp-json\/wp\/v2\/posts\/3480\/revisions\/3487"}],"wp:featuredmedia":[{"embeddable":true,"href":"https:\/\/www.ametllerorigenwp.com\/es\/wp-json\/wp\/v2\/media\/3481"}],"wp:attachment":[{"href":"https:\/\/www.ametllerorigenwp.com\/es\/wp-json\/wp\/v2\/media?parent=3480"}],"wp:term":[{"taxonomy":"category","embeddable":true,"href":"https:\/\/www.ametllerorigenwp.com\/es\/wp-json\/wp\/v2\/categories?post=3480"},{"taxonomy":"post_tag","embeddable":true,"href":"https:\/\/www.ametllerorigenwp.com\/es\/wp-json\/wp\/v2\/tags?post=3480"}],"curies":[{"name":"wp","href":"https:\/\/api.w.org\/{rel}","templated":true}]}}