{"id":3510,"date":"2021-09-16T13:16:45","date_gmt":"2021-09-16T13:16:45","guid":{"rendered":"https:\/\/www.ametllerorigenwp.com\/?p=3510"},"modified":"2021-09-16T13:16:48","modified_gmt":"2021-09-16T13:16:48","slug":"disfruta-de-la-pera-ercolina-y-conservala-fresca-como-el-primer-dia","status":"publish","type":"post","link":"https:\/\/www.ametllerorigenwp.com\/es\/disfruta-de-la-pera-ercolina-y-conservala-fresca-como-el-primer-dia\/","title":{"rendered":"Disfruta de la pera Ercolina y cons\u00e9rvala fresca como el primer d\u00eda"},"content":{"rendered":"\n<p>Dulce, jugosa y arom\u00e1tica, la pera Ercolina es una de las variedades m\u00e1s populares. <strong>De pulpa blanca y carnosa y de piel muy fina y lisa de color amarillento,<\/strong> la reconocer\u00e1s f\u00e1cilmente por su <strong>tama\u00f1o peque\u00f1o<\/strong>, ideal para que la disfruten los m\u00e1s peque\u00f1os de la casa.<\/p>\n\n\n\n<p>La pera es una fruta que <strong>te aporta fibra<\/strong>, que te ayuda a mejorar la salud intestinal, eliminar toxinas y evitar el estre\u00f1imiento; <strong>potasio<\/strong>, es una de las frutas con m\u00e1s cantidad de este mineral, que contribuye al buen funcionamiento del sistema nervioso y de los m\u00fasculos; y <strong>vitamina C<\/strong>, potente antioxidante e importante en el metabolismo y en la absorci\u00f3n intestinal del hierro.<\/p>\n\n\n\n<p>Te damos algunos <strong>consejos de conservaci\u00f3n<\/strong> para que puedas disfrutar de las peras siempre frescas:<\/p>\n\n\n\n<ul class=\"wp-block-list\"><li>Gu\u00e1rdalas a temperatura ambiente para que contin\u00faen as\u00ed su maduraci\u00f3n natural<\/li><li>Si est\u00e1n muy verdes y quieres que maduren antes, ponlas junto a los pl\u00e1tanos o las manzanas para aprovechar el etileno que desprenden estas dos frutas y hacer que el proceso de maduraci\u00f3n se acelere<\/li><li>Si, por el contrario, no quieres que maduren m\u00e1s, ponlas en la nevera pero cons\u00famelas en tres o cuatro d\u00edas. \u00a1Pero cuidado! Si las pones en la nevera cuando ya est\u00e1n muy maduras, se oxidan y les salen manchas, se ponen marrones y pierden valor nutricional.<\/li><\/ul>\n\n\n\n<p>\u00a1<a href=\"https:\/\/www.ametllerorigen.com\/ca\/pera-erculina-i-safata\/p?utm_source=app&amp;utm_medium=appes&amp;utm_campaign=contingutsappbotigaonline&amp;utm_content=\" target=\"_blank\" rel=\"noreferrer noopener\">Encu\u00e9ntralas ahora<\/a> que est\u00e1n de temporada!<\/p>\n","protected":false},"excerpt":{"rendered":"<p>Dulce, jugosa y arom\u00e1tica, la pera Ercolina es una de las variedades m\u00e1s populares. De pulpa blanca y carnosa y de piel muy fina y lisa de color amarillento, la reconocer\u00e1s f\u00e1cilmente por su tama\u00f1o peque\u00f1o, ideal para que la disfruten los m\u00e1s peque\u00f1os de la casa. La pera es una fruta que te aporta &hellip; <a href=\"https:\/\/www.ametllerorigenwp.com\/es\/disfruta-de-la-pera-ercolina-y-conservala-fresca-como-el-primer-dia\/\" class=\"more-link\">Continuar leyendo<span class=\"screen-reader-text\"> \u00abDisfruta de la pera Ercolina y cons\u00e9rvala fresca como el primer d\u00eda\u00bb<\/span><\/a><\/p>\n","protected":false},"author":5,"featured_media":3508,"comment_status":"open","ping_status":"open","sticky":false,"template":"","format":"standard","meta":{"_uag_custom_page_level_css":"","advgb_blocks_editor_width":"","advgb_blocks_columns_visual_guide":"","footnotes":""},"categories":[1],"tags":[],"class_list":["post-3510","post","type-post","status-publish","format-standard","has-post-thumbnail","hentry","category-noticias"],"author_meta":{"display_name":"Mireia Zaragoza","author_link":"https:\/\/www.ametllerorigenwp.com\/es\/author\/mzaragoza\/"},"featured_img":"https:\/\/www.ametllerorigenwp.com\/wp-content\/uploads\/2021\/09\/APP_pera-ercolina_100x340-300x102.jpg","uagb_featured_image_src":{"full":["https:\/\/www.ametllerorigenwp.com\/wp-content\/uploads\/2021\/09\/APP_pera-ercolina_100x340.jpg",1000,340,false],"thumbnail":["https:\/\/www.ametllerorigenwp.com\/wp-content\/uploads\/2021\/09\/APP_pera-ercolina_100x340-150x150.jpg",150,150,true],"medium":["https:\/\/www.ametllerorigenwp.com\/wp-content\/uploads\/2021\/09\/APP_pera-ercolina_100x340-300x102.jpg",300,102,true],"medium_large":["https:\/\/www.ametllerorigenwp.com\/wp-content\/uploads\/2021\/09\/APP_pera-ercolina_100x340-768x261.jpg",768,261,true],"large":["https:\/\/www.ametllerorigenwp.com\/wp-content\/uploads\/2021\/09\/APP_pera-ercolina_100x340.jpg",840,286,false],"1536x1536":["https:\/\/www.ametllerorigenwp.com\/wp-content\/uploads\/2021\/09\/APP_pera-ercolina_100x340.jpg",1000,340,false],"2048x2048":["https:\/\/www.ametllerorigenwp.com\/wp-content\/uploads\/2021\/09\/APP_pera-ercolina_100x340.jpg",1000,340,false],"post-thumbnail":["https:\/\/www.ametllerorigenwp.com\/wp-content\/uploads\/2021\/09\/APP_pera-ercolina_100x340.jpg",1000,340,false]},"uagb_author_info":{"display_name":"Mireia Zaragoza","author_link":"https:\/\/www.ametllerorigenwp.com\/es\/author\/mzaragoza\/"},"uagb_comment_info":0,"uagb_excerpt":"Dulce, jugosa y arom\u00e1tica, la pera Ercolina es una de las variedades m\u00e1s populares. De pulpa blanca y carnosa y de piel muy fina y lisa de color amarillento, la reconocer\u00e1s f\u00e1cilmente por su tama\u00f1o peque\u00f1o, ideal para que la disfruten los m\u00e1s peque\u00f1os de la casa. La pera es una fruta que te aporta&hellip;","coauthors":[],"tax_additional":{"categories":{"linked":["<a href=\"https:\/\/www.ametllerorigenwp.com\/es\/category\/noticias\/\" class=\"advgb-post-tax-term\">Noticias<\/a>"],"unlinked":["<span class=\"advgb-post-tax-term\">Noticias<\/span>"]}},"comment_count":"0","relative_dates":{"created":"Publicado 5 a\u00f1os hace","modified":"Actualizado 5 a\u00f1os hace"},"absolute_dates":{"created":"Publicado el 16 de septiembre de 2021","modified":"Actualizado el 16 de septiembre de 2021"},"absolute_dates_time":{"created":"Publicado el 16 de septiembre de 2021 13:16","modified":"Actualizado el 16 de septiembre de 2021 13:16"},"featured_img_caption":"","series_order":"","show_in_app":true,"fecha_inicio_destacado":null,"hora_inicio_visualizacion":null,"minutos_inicio_visualizacion":null,"fecha_final_destacado":null,"hora_final_visualizacion":null,"minutos_final_visualizacion":null,"posicion_visualizacion":null,"estado_destacado":null,"niveles_destacados":null,"url_del_enlace":null,"banner_destacado":null,"posicion_visualizacion_de_la_noticia":null,"estado_noticia":null,"fecha_de_inicio_de_visualizacion_del_tutorial":null,"hora_inicio_visualizacion_tutorial":null,"minutos_inicio_visualizacion_tutorial":null,"fecha_de_final_de_visualizacion_del_tutorial":null,"hora_final_visualizacion_tutorial":null,"minutos_final_visualizacion_tutorial":null,"numero_de_veces_visto":null,"numero_de_veces_total":null,"niveles_tutorial":null,"tutorial_recursos_castellano":null,"tutorial_recursos_catalan":null,"dias_disponibles":null,"dias_de_la_semana":null,"dias_del_mes":null,"other_lang_post_id":null,"lang":"es","campanya_descripcion":null,"campanya_fecha_inicio":null,"campanya_fecha_fin":null,"campanya_legales":null,"campanya_imagen":null,"campanya_characteristics":null,"campanya_url":null,"campanya_posicion_visualizacion":null,"campanya_estado":null,"_links":{"self":[{"href":"https:\/\/www.ametllerorigenwp.com\/es\/wp-json\/wp\/v2\/posts\/3510","targetHints":{"allow":["GET"]}}],"collection":[{"href":"https:\/\/www.ametllerorigenwp.com\/es\/wp-json\/wp\/v2\/posts"}],"about":[{"href":"https:\/\/www.ametllerorigenwp.com\/es\/wp-json\/wp\/v2\/types\/post"}],"author":[{"embeddable":true,"href":"https:\/\/www.ametllerorigenwp.com\/es\/wp-json\/wp\/v2\/users\/5"}],"replies":[{"embeddable":true,"href":"https:\/\/www.ametllerorigenwp.com\/es\/wp-json\/wp\/v2\/comments?post=3510"}],"version-history":[{"count":1,"href":"https:\/\/www.ametllerorigenwp.com\/es\/wp-json\/wp\/v2\/posts\/3510\/revisions"}],"predecessor-version":[{"id":3511,"href":"https:\/\/www.ametllerorigenwp.com\/es\/wp-json\/wp\/v2\/posts\/3510\/revisions\/3511"}],"wp:featuredmedia":[{"embeddable":true,"href":"https:\/\/www.ametllerorigenwp.com\/es\/wp-json\/wp\/v2\/media\/3508"}],"wp:attachment":[{"href":"https:\/\/www.ametllerorigenwp.com\/es\/wp-json\/wp\/v2\/media?parent=3510"}],"wp:term":[{"taxonomy":"category","embeddable":true,"href":"https:\/\/www.ametllerorigenwp.com\/es\/wp-json\/wp\/v2\/categories?post=3510"},{"taxonomy":"post_tag","embeddable":true,"href":"https:\/\/www.ametllerorigenwp.com\/es\/wp-json\/wp\/v2\/tags?post=3510"}],"curies":[{"name":"wp","href":"https:\/\/api.w.org\/{rel}","templated":true}]}}