{"id":3587,"date":"2021-09-28T16:12:06","date_gmt":"2021-09-28T16:12:06","guid":{"rendered":"https:\/\/www.ametllerorigenwp.com\/?p=3587"},"modified":"2021-09-28T17:00:04","modified_gmt":"2021-09-28T17:00:04","slug":"3587","status":"publish","type":"post","link":"https:\/\/www.ametllerorigenwp.com\/es\/3587\/","title":{"rendered":"\u00bfQu\u00e9 puedes hacer para evitar el desperdicio alimentario?"},"content":{"rendered":"\n<p>\u00bfSab\u00edas que cada a\u00f1o se tiran a la basura 1.300 toneladas de alimentos en el mundo? Hoy se conmemora el <strong>D\u00eda Internacional de Concienciaci\u00f3n sobre la P\u00e9rdida y Desperdicio de los Alimentos<\/strong>, una fecha para sensibilizar sobre este problema y sus posibles soluciones.<\/p>\n\n\n\n<p>Desde Ametller Origen estamos llevando a cabo diferentes acciones para luchar contra el desperdicio alimentario:<\/p>\n\n\n\n<ul class=\"wp-block-list\"><li><strong>Semilla #79<\/strong>. Punto de 0% desperdicio: te ofrecemos productos con una fecha de caducidad corta a un precio m\u00e1s econ\u00f3mico.<\/li><li><strong>Semillas #57, #62, #66 y #82:<\/strong> colaboramos con diferentes entidades sociales, con la donaci\u00f3n de productos frescos con fecha de caducidad corta.<\/li><li><strong>Semilla #39:<\/strong> tenemos un acuerdo con Too Good To Go para salvar packs de comida con productos frescos.<\/li><\/ul>\n\n\n\n<p>Con estas acciones <strong>hemos conseguido evitar la emisi\u00f3n de m\u00e1s de 770.000kg de CO2 eq.<\/strong><\/p>\n\n\n\n<p>Y t\u00fa, \u00bfsabes c\u00f3mo puedes luchar contra el desperdicio alimentario? En este <strong><a href=\"https:\/\/www.ametllerorigen.com\/es\/blog\/5-maneras-de-reducir-el-desperdicio-alimentario\">art\u00edculo<\/a><\/strong> del blog te damos algunos consejos para llevar a cabo en tu d\u00eda a d\u00eda.<\/p>\n","protected":false},"excerpt":{"rendered":"<p>\u00bfSab\u00edas que cada a\u00f1o se tiran a la basura 1.300 toneladas de alimentos en el mundo? Hoy se conmemora el D\u00eda Internacional de Concienciaci\u00f3n sobre la P\u00e9rdida y Desperdicio de los Alimentos, una fecha para sensibilizar sobre este problema y sus posibles soluciones. Desde Ametller Origen estamos llevando a cabo diferentes acciones para luchar contra &hellip; <a href=\"https:\/\/www.ametllerorigenwp.com\/es\/3587\/\" class=\"more-link\">Continuar leyendo<span class=\"screen-reader-text\"> \u00ab\u00bfQu\u00e9 puedes hacer para evitar el desperdicio alimentario?\u00bb<\/span><\/a><\/p>\n","protected":false},"author":5,"featured_media":3588,"comment_status":"open","ping_status":"open","sticky":false,"template":"","format":"standard","meta":{"_uag_custom_page_level_css":"","advgb_blocks_editor_width":"","advgb_blocks_columns_visual_guide":"","footnotes":""},"categories":[1],"tags":[],"class_list":["post-3587","post","type-post","status-publish","format-standard","has-post-thumbnail","hentry","category-noticias"],"author_meta":{"display_name":"Mireia Zaragoza","author_link":"https:\/\/www.ametllerorigenwp.com\/es\/author\/mzaragoza\/"},"featured_img":"https:\/\/www.ametllerorigenwp.com\/wp-content\/uploads\/2021\/09\/APP_Malbaratament_ES-300x102.jpg","uagb_featured_image_src":{"full":["https:\/\/www.ametllerorigenwp.com\/wp-content\/uploads\/2021\/09\/APP_Malbaratament_ES.jpg",1000,340,false],"thumbnail":["https:\/\/www.ametllerorigenwp.com\/wp-content\/uploads\/2021\/09\/APP_Malbaratament_ES-150x150.jpg",150,150,true],"medium":["https:\/\/www.ametllerorigenwp.com\/wp-content\/uploads\/2021\/09\/APP_Malbaratament_ES-300x102.jpg",300,102,true],"medium_large":["https:\/\/www.ametllerorigenwp.com\/wp-content\/uploads\/2021\/09\/APP_Malbaratament_ES-768x261.jpg",768,261,true],"large":["https:\/\/www.ametllerorigenwp.com\/wp-content\/uploads\/2021\/09\/APP_Malbaratament_ES.jpg",840,286,false],"1536x1536":["https:\/\/www.ametllerorigenwp.com\/wp-content\/uploads\/2021\/09\/APP_Malbaratament_ES.jpg",1000,340,false],"2048x2048":["https:\/\/www.ametllerorigenwp.com\/wp-content\/uploads\/2021\/09\/APP_Malbaratament_ES.jpg",1000,340,false],"post-thumbnail":["https:\/\/www.ametllerorigenwp.com\/wp-content\/uploads\/2021\/09\/APP_Malbaratament_ES.jpg",1000,340,false]},"uagb_author_info":{"display_name":"Mireia Zaragoza","author_link":"https:\/\/www.ametllerorigenwp.com\/es\/author\/mzaragoza\/"},"uagb_comment_info":0,"uagb_excerpt":"\u00bfSab\u00edas que cada a\u00f1o se tiran a la basura 1.300 toneladas de alimentos en el mundo? Hoy se conmemora el D\u00eda Internacional de Concienciaci\u00f3n sobre la P\u00e9rdida y Desperdicio de los Alimentos, una fecha para sensibilizar sobre este problema y sus posibles soluciones. Desde Ametller Origen estamos llevando a cabo diferentes acciones para luchar contra&hellip;","coauthors":[],"tax_additional":{"categories":{"linked":["<a href=\"https:\/\/www.ametllerorigenwp.com\/es\/category\/noticias\/\" class=\"advgb-post-tax-term\">Noticias<\/a>"],"unlinked":["<span class=\"advgb-post-tax-term\">Noticias<\/span>"]}},"comment_count":"0","relative_dates":{"created":"Publicado 5 a\u00f1os hace","modified":"Actualizado 5 a\u00f1os hace"},"absolute_dates":{"created":"Publicado el 28 de septiembre de 2021","modified":"Actualizado el 28 de septiembre de 2021"},"absolute_dates_time":{"created":"Publicado el 28 de septiembre de 2021 16:12","modified":"Actualizado el 28 de septiembre de 2021 17:00"},"featured_img_caption":"","series_order":"","show_in_app":true,"fecha_inicio_destacado":null,"hora_inicio_visualizacion":null,"minutos_inicio_visualizacion":null,"fecha_final_destacado":null,"hora_final_visualizacion":null,"minutos_final_visualizacion":null,"posicion_visualizacion":null,"estado_destacado":null,"niveles_destacados":null,"url_del_enlace":null,"banner_destacado":null,"posicion_visualizacion_de_la_noticia":null,"estado_noticia":null,"fecha_de_inicio_de_visualizacion_del_tutorial":null,"hora_inicio_visualizacion_tutorial":null,"minutos_inicio_visualizacion_tutorial":null,"fecha_de_final_de_visualizacion_del_tutorial":null,"hora_final_visualizacion_tutorial":null,"minutos_final_visualizacion_tutorial":null,"numero_de_veces_visto":null,"numero_de_veces_total":null,"niveles_tutorial":null,"tutorial_recursos_castellano":null,"tutorial_recursos_catalan":null,"dias_disponibles":null,"dias_de_la_semana":null,"dias_del_mes":null,"other_lang_post_id":null,"lang":"es","campanya_descripcion":null,"campanya_fecha_inicio":null,"campanya_fecha_fin":null,"campanya_legales":null,"campanya_imagen":null,"campanya_characteristics":null,"campanya_url":null,"campanya_posicion_visualizacion":null,"campanya_estado":null,"_links":{"self":[{"href":"https:\/\/www.ametllerorigenwp.com\/es\/wp-json\/wp\/v2\/posts\/3587","targetHints":{"allow":["GET"]}}],"collection":[{"href":"https:\/\/www.ametllerorigenwp.com\/es\/wp-json\/wp\/v2\/posts"}],"about":[{"href":"https:\/\/www.ametllerorigenwp.com\/es\/wp-json\/wp\/v2\/types\/post"}],"author":[{"embeddable":true,"href":"https:\/\/www.ametllerorigenwp.com\/es\/wp-json\/wp\/v2\/users\/5"}],"replies":[{"embeddable":true,"href":"https:\/\/www.ametllerorigenwp.com\/es\/wp-json\/wp\/v2\/comments?post=3587"}],"version-history":[{"count":3,"href":"https:\/\/www.ametllerorigenwp.com\/es\/wp-json\/wp\/v2\/posts\/3587\/revisions"}],"predecessor-version":[{"id":3597,"href":"https:\/\/www.ametllerorigenwp.com\/es\/wp-json\/wp\/v2\/posts\/3587\/revisions\/3597"}],"wp:featuredmedia":[{"embeddable":true,"href":"https:\/\/www.ametllerorigenwp.com\/es\/wp-json\/wp\/v2\/media\/3588"}],"wp:attachment":[{"href":"https:\/\/www.ametllerorigenwp.com\/es\/wp-json\/wp\/v2\/media?parent=3587"}],"wp:term":[{"taxonomy":"category","embeddable":true,"href":"https:\/\/www.ametllerorigenwp.com\/es\/wp-json\/wp\/v2\/categories?post=3587"},{"taxonomy":"post_tag","embeddable":true,"href":"https:\/\/www.ametllerorigenwp.com\/es\/wp-json\/wp\/v2\/tags?post=3587"}],"curies":[{"name":"wp","href":"https:\/\/api.w.org\/{rel}","templated":true}]}}