{"id":3608,"date":"2021-09-30T15:43:53","date_gmt":"2021-09-30T15:43:53","guid":{"rendered":"https:\/\/www.ametllerorigenwp.com\/?p=3608"},"modified":"2021-09-30T15:43:58","modified_gmt":"2021-09-30T15:43:58","slug":"sabes-por-que-tienes-que-guardar-los-platanos-separados-de-las-otras-frutas","status":"publish","type":"post","link":"https:\/\/www.ametllerorigenwp.com\/es\/sabes-por-que-tienes-que-guardar-los-platanos-separados-de-las-otras-frutas\/","title":{"rendered":"\u00bfSabes por qu\u00e9 tienes que guardar los pl\u00e1tanos separados de las otras frutas?"},"content":{"rendered":"\n<p>\u00bfSab\u00edas que guardar los pl\u00e1tanos junto con otras frutas hace que estas se estropeen en poco tiempo? Te lo explicamos: <strong>el pl\u00e1tano<\/strong>, al igual que las manzanas, <strong>tiene un alto contenido en etileno, un gas considerado como la hormona del envejecimiento que hace que aquellas frutas ya maduras almacenadas a su lado envejezcan r\u00e1pidamente.<\/strong> Por ello, es necesario que guardes los pl\u00e1tanos por separado para respetar el punto de maduraci\u00f3n de las otras frutas durante m\u00e1s tiempo y reducir el desperdicio alimentario.<\/p>\n\n\n\n<p>\u00bfQuieres saber qu\u00e9 otras frutas y verduras debes guardar solas y otros trucos antidesperdicio? \u00a1Te lo explicamos en el <a href=\"https:\/\/www.ametllerorigen.com\/es\/blog\/tips-para-evitar-el-desperdicio-de-frutas-y-verduras\" target=\"_blank\" rel=\"noreferrer noopener\">blog<\/a>!<\/p>\n","protected":false},"excerpt":{"rendered":"<p>\u00bfSab\u00edas que guardar los pl\u00e1tanos junto con otras frutas hace que estas se estropeen en poco tiempo? Te lo explicamos: el pl\u00e1tano, al igual que las manzanas, tiene un alto contenido en etileno, un gas considerado como la hormona del envejecimiento que hace que aquellas frutas ya maduras almacenadas a su lado envejezcan r\u00e1pidamente. Por &hellip; <a href=\"https:\/\/www.ametllerorigenwp.com\/es\/sabes-por-que-tienes-que-guardar-los-platanos-separados-de-las-otras-frutas\/\" class=\"more-link\">Continuar leyendo<span class=\"screen-reader-text\"> \u00ab\u00bfSabes por qu\u00e9 tienes que guardar los pl\u00e1tanos separados de las otras frutas?\u00bb<\/span><\/a><\/p>\n","protected":false},"author":5,"featured_media":3606,"comment_status":"open","ping_status":"open","sticky":false,"template":"","format":"standard","meta":{"_uag_custom_page_level_css":"","advgb_blocks_editor_width":"","advgb_blocks_columns_visual_guide":"","footnotes":""},"categories":[1],"tags":[],"class_list":["post-3608","post","type-post","status-publish","format-standard","has-post-thumbnail","hentry","category-noticias"],"author_meta":{"display_name":"Mireia Zaragoza","author_link":"https:\/\/www.ametllerorigenwp.com\/es\/author\/mzaragoza\/"},"featured_img":"https:\/\/www.ametllerorigenwp.com\/wp-content\/uploads\/2021\/09\/APP-platan-300x102.jpg","uagb_featured_image_src":{"full":["https:\/\/www.ametllerorigenwp.com\/wp-content\/uploads\/2021\/09\/APP-platan.jpg",1000,340,false],"thumbnail":["https:\/\/www.ametllerorigenwp.com\/wp-content\/uploads\/2021\/09\/APP-platan-150x150.jpg",150,150,true],"medium":["https:\/\/www.ametllerorigenwp.com\/wp-content\/uploads\/2021\/09\/APP-platan-300x102.jpg",300,102,true],"medium_large":["https:\/\/www.ametllerorigenwp.com\/wp-content\/uploads\/2021\/09\/APP-platan-768x261.jpg",768,261,true],"large":["https:\/\/www.ametllerorigenwp.com\/wp-content\/uploads\/2021\/09\/APP-platan.jpg",840,286,false],"1536x1536":["https:\/\/www.ametllerorigenwp.com\/wp-content\/uploads\/2021\/09\/APP-platan.jpg",1000,340,false],"2048x2048":["https:\/\/www.ametllerorigenwp.com\/wp-content\/uploads\/2021\/09\/APP-platan.jpg",1000,340,false],"post-thumbnail":["https:\/\/www.ametllerorigenwp.com\/wp-content\/uploads\/2021\/09\/APP-platan.jpg",1000,340,false]},"uagb_author_info":{"display_name":"Mireia Zaragoza","author_link":"https:\/\/www.ametllerorigenwp.com\/es\/author\/mzaragoza\/"},"uagb_comment_info":0,"uagb_excerpt":"\u00bfSab\u00edas que guardar los pl\u00e1tanos junto con otras frutas hace que estas se estropeen en poco tiempo? Te lo explicamos: el pl\u00e1tano, al igual que las manzanas, tiene un alto contenido en etileno, un gas considerado como la hormona del envejecimiento que hace que aquellas frutas ya maduras almacenadas a su lado envejezcan r\u00e1pidamente. Por&hellip;","coauthors":[],"tax_additional":{"categories":{"linked":["<a href=\"https:\/\/www.ametllerorigenwp.com\/es\/category\/noticias\/\" class=\"advgb-post-tax-term\">Noticias<\/a>"],"unlinked":["<span class=\"advgb-post-tax-term\">Noticias<\/span>"]}},"comment_count":"0","relative_dates":{"created":"Publicado 5 a\u00f1os hace","modified":"Actualizado 5 a\u00f1os hace"},"absolute_dates":{"created":"Publicado el 30 de septiembre de 2021","modified":"Actualizado el 30 de septiembre de 2021"},"absolute_dates_time":{"created":"Publicado el 30 de septiembre de 2021 15:43","modified":"Actualizado el 30 de septiembre de 2021 15:43"},"featured_img_caption":"","series_order":"","show_in_app":true,"fecha_inicio_destacado":null,"hora_inicio_visualizacion":null,"minutos_inicio_visualizacion":null,"fecha_final_destacado":null,"hora_final_visualizacion":null,"minutos_final_visualizacion":null,"posicion_visualizacion":null,"estado_destacado":null,"niveles_destacados":null,"url_del_enlace":null,"banner_destacado":null,"posicion_visualizacion_de_la_noticia":null,"estado_noticia":null,"fecha_de_inicio_de_visualizacion_del_tutorial":null,"hora_inicio_visualizacion_tutorial":null,"minutos_inicio_visualizacion_tutorial":null,"fecha_de_final_de_visualizacion_del_tutorial":null,"hora_final_visualizacion_tutorial":null,"minutos_final_visualizacion_tutorial":null,"numero_de_veces_visto":null,"numero_de_veces_total":null,"niveles_tutorial":null,"tutorial_recursos_castellano":null,"tutorial_recursos_catalan":null,"dias_disponibles":null,"dias_de_la_semana":null,"dias_del_mes":null,"other_lang_post_id":null,"lang":"es","campanya_descripcion":null,"campanya_fecha_inicio":null,"campanya_fecha_fin":null,"campanya_legales":null,"campanya_imagen":null,"campanya_characteristics":null,"campanya_url":null,"campanya_posicion_visualizacion":null,"campanya_estado":null,"_links":{"self":[{"href":"https:\/\/www.ametllerorigenwp.com\/es\/wp-json\/wp\/v2\/posts\/3608","targetHints":{"allow":["GET"]}}],"collection":[{"href":"https:\/\/www.ametllerorigenwp.com\/es\/wp-json\/wp\/v2\/posts"}],"about":[{"href":"https:\/\/www.ametllerorigenwp.com\/es\/wp-json\/wp\/v2\/types\/post"}],"author":[{"embeddable":true,"href":"https:\/\/www.ametllerorigenwp.com\/es\/wp-json\/wp\/v2\/users\/5"}],"replies":[{"embeddable":true,"href":"https:\/\/www.ametllerorigenwp.com\/es\/wp-json\/wp\/v2\/comments?post=3608"}],"version-history":[{"count":1,"href":"https:\/\/www.ametllerorigenwp.com\/es\/wp-json\/wp\/v2\/posts\/3608\/revisions"}],"predecessor-version":[{"id":3609,"href":"https:\/\/www.ametllerorigenwp.com\/es\/wp-json\/wp\/v2\/posts\/3608\/revisions\/3609"}],"wp:featuredmedia":[{"embeddable":true,"href":"https:\/\/www.ametllerorigenwp.com\/es\/wp-json\/wp\/v2\/media\/3606"}],"wp:attachment":[{"href":"https:\/\/www.ametllerorigenwp.com\/es\/wp-json\/wp\/v2\/media?parent=3608"}],"wp:term":[{"taxonomy":"category","embeddable":true,"href":"https:\/\/www.ametllerorigenwp.com\/es\/wp-json\/wp\/v2\/categories?post=3608"},{"taxonomy":"post_tag","embeddable":true,"href":"https:\/\/www.ametllerorigenwp.com\/es\/wp-json\/wp\/v2\/tags?post=3608"}],"curies":[{"name":"wp","href":"https:\/\/api.w.org\/{rel}","templated":true}]}}