{"id":3659,"date":"2021-10-06T16:38:48","date_gmt":"2021-10-06T16:38:48","guid":{"rendered":"https:\/\/www.ametllerorigenwp.com\/?p=3659"},"modified":"2021-10-06T16:41:24","modified_gmt":"2021-10-06T16:41:24","slug":"somos-la-cadena-de-tiendas-de-alimentacion-catalana-mejor-valorada","status":"publish","type":"post","link":"https:\/\/www.ametllerorigenwp.com\/es\/somos-la-cadena-de-tiendas-de-alimentacion-catalana-mejor-valorada\/","title":{"rendered":"Somos la cadena de tiendas de alimentaci\u00f3n catalana mejor valorada"},"content":{"rendered":"\n<p>Estamos muy satisfechos de, un a\u00f1o m\u00e1s, aparecer en el ranking MERCO de las empresas con mejor reputaci\u00f3n del estado. Este a\u00f1o, seg\u00fan <a href=\"https:\/\/www.merco.info\/es\/ranking-merco-empresas?utm_source=newsletter&amp;utm_medium=email&amp;utm_campaign=NL_RRHH_Treballadors_UniversAmetllerenc_17092021&amp;utm_term=https%3a%2f%2fwww.merco.info%2fes%2franking-merco-empresas&amp;utm_id=219614&amp;sfmc_id=3803146\" target=\"_blank\" rel=\"noreferrer noopener\">el ranking sectorial de alimentaci\u00f3n<\/a> publicado recientemente, somos <strong>la cadena de tiendas de alimentaci\u00f3n catalana mejor valorada y la 7a empresa de alimentaci\u00f3n del pa\u00eds<\/strong>.<\/p>\n\n\n\n<p>Desde Ametller Origen, trabajamos con <strong>el firme compromiso de promover unos h\u00e1bitos de vida m\u00e1s saludables y sostenibles<\/strong>, <strong>facilit\u00e1ndote el acceso a una alimentaci\u00f3n saludable, placentera y limpia<\/strong>.<\/p>\n\n\n\n<p>\u00a1Seguimos avanzando juntos hacia el mundo donde queremos vivir!<\/p>\n","protected":false},"excerpt":{"rendered":"<p>Estamos muy satisfechos de, un a\u00f1o m\u00e1s, aparecer en el ranking MERCO de las empresas con mejor reputaci\u00f3n del estado. Este a\u00f1o, seg\u00fan el ranking sectorial de alimentaci\u00f3n publicado recientemente, somos la cadena de tiendas de alimentaci\u00f3n catalana mejor valorada y la 7a empresa de alimentaci\u00f3n del pa\u00eds. Desde Ametller Origen, trabajamos con el firme &hellip; <a href=\"https:\/\/www.ametllerorigenwp.com\/es\/somos-la-cadena-de-tiendas-de-alimentacion-catalana-mejor-valorada\/\" class=\"more-link\">Continuar leyendo<span class=\"screen-reader-text\"> \u00abSomos la cadena de tiendas de alimentaci\u00f3n catalana mejor valorada\u00bb<\/span><\/a><\/p>\n","protected":false},"author":5,"featured_media":3657,"comment_status":"open","ping_status":"open","sticky":false,"template":"","format":"standard","meta":{"_uag_custom_page_level_css":"","advgb_blocks_editor_width":"","advgb_blocks_columns_visual_guide":"","footnotes":""},"categories":[1],"tags":[],"class_list":["post-3659","post","type-post","status-publish","format-standard","has-post-thumbnail","hentry","category-noticias"],"author_meta":{"display_name":"Mireia Zaragoza","author_link":"https:\/\/www.ametllerorigenwp.com\/es\/author\/mzaragoza\/"},"featured_img":"https:\/\/www.ametllerorigenwp.com\/wp-content\/uploads\/2021\/10\/APP-Botiga_valorada-300x102.jpg","uagb_featured_image_src":{"full":["https:\/\/www.ametllerorigenwp.com\/wp-content\/uploads\/2021\/10\/APP-Botiga_valorada.jpg",1000,340,false],"thumbnail":["https:\/\/www.ametllerorigenwp.com\/wp-content\/uploads\/2021\/10\/APP-Botiga_valorada-150x150.jpg",150,150,true],"medium":["https:\/\/www.ametllerorigenwp.com\/wp-content\/uploads\/2021\/10\/APP-Botiga_valorada-300x102.jpg",300,102,true],"medium_large":["https:\/\/www.ametllerorigenwp.com\/wp-content\/uploads\/2021\/10\/APP-Botiga_valorada-768x261.jpg",768,261,true],"large":["https:\/\/www.ametllerorigenwp.com\/wp-content\/uploads\/2021\/10\/APP-Botiga_valorada.jpg",840,286,false],"1536x1536":["https:\/\/www.ametllerorigenwp.com\/wp-content\/uploads\/2021\/10\/APP-Botiga_valorada.jpg",1000,340,false],"2048x2048":["https:\/\/www.ametllerorigenwp.com\/wp-content\/uploads\/2021\/10\/APP-Botiga_valorada.jpg",1000,340,false],"post-thumbnail":["https:\/\/www.ametllerorigenwp.com\/wp-content\/uploads\/2021\/10\/APP-Botiga_valorada.jpg",1000,340,false]},"uagb_author_info":{"display_name":"Mireia Zaragoza","author_link":"https:\/\/www.ametllerorigenwp.com\/es\/author\/mzaragoza\/"},"uagb_comment_info":4,"uagb_excerpt":"Estamos muy satisfechos de, un a\u00f1o m\u00e1s, aparecer en el ranking MERCO de las empresas con mejor reputaci\u00f3n del estado. Este a\u00f1o, seg\u00fan el ranking sectorial de alimentaci\u00f3n publicado recientemente, somos la cadena de tiendas de alimentaci\u00f3n catalana mejor valorada y la 7a empresa de alimentaci\u00f3n del pa\u00eds. Desde Ametller Origen, trabajamos con el firme&hellip;","coauthors":[],"tax_additional":{"categories":{"linked":["<a href=\"https:\/\/www.ametllerorigenwp.com\/es\/category\/noticias\/\" class=\"advgb-post-tax-term\">Noticias<\/a>"],"unlinked":["<span class=\"advgb-post-tax-term\">Noticias<\/span>"]}},"comment_count":"0","relative_dates":{"created":"Publicado 5 a\u00f1os hace","modified":"Actualizado 5 a\u00f1os hace"},"absolute_dates":{"created":"Publicado el 6 de octubre de 2021","modified":"Actualizado el 6 de octubre de 2021"},"absolute_dates_time":{"created":"Publicado el 6 de octubre de 2021 16:38","modified":"Actualizado el 6 de octubre de 2021 16:41"},"featured_img_caption":"","series_order":"","show_in_app":true,"fecha_inicio_destacado":null,"hora_inicio_visualizacion":null,"minutos_inicio_visualizacion":null,"fecha_final_destacado":null,"hora_final_visualizacion":null,"minutos_final_visualizacion":null,"posicion_visualizacion":null,"estado_destacado":null,"niveles_destacados":null,"url_del_enlace":null,"banner_destacado":null,"posicion_visualizacion_de_la_noticia":null,"estado_noticia":null,"fecha_de_inicio_de_visualizacion_del_tutorial":null,"hora_inicio_visualizacion_tutorial":null,"minutos_inicio_visualizacion_tutorial":null,"fecha_de_final_de_visualizacion_del_tutorial":null,"hora_final_visualizacion_tutorial":null,"minutos_final_visualizacion_tutorial":null,"numero_de_veces_visto":null,"numero_de_veces_total":null,"niveles_tutorial":null,"tutorial_recursos_castellano":null,"tutorial_recursos_catalan":null,"dias_disponibles":null,"dias_de_la_semana":null,"dias_del_mes":null,"other_lang_post_id":null,"lang":"es","campanya_descripcion":null,"campanya_fecha_inicio":null,"campanya_fecha_fin":null,"campanya_legales":null,"campanya_imagen":null,"campanya_characteristics":null,"campanya_url":null,"campanya_posicion_visualizacion":null,"campanya_estado":null,"_links":{"self":[{"href":"https:\/\/www.ametllerorigenwp.com\/es\/wp-json\/wp\/v2\/posts\/3659","targetHints":{"allow":["GET"]}}],"collection":[{"href":"https:\/\/www.ametllerorigenwp.com\/es\/wp-json\/wp\/v2\/posts"}],"about":[{"href":"https:\/\/www.ametllerorigenwp.com\/es\/wp-json\/wp\/v2\/types\/post"}],"author":[{"embeddable":true,"href":"https:\/\/www.ametllerorigenwp.com\/es\/wp-json\/wp\/v2\/users\/5"}],"replies":[{"embeddable":true,"href":"https:\/\/www.ametllerorigenwp.com\/es\/wp-json\/wp\/v2\/comments?post=3659"}],"version-history":[{"count":2,"href":"https:\/\/www.ametllerorigenwp.com\/es\/wp-json\/wp\/v2\/posts\/3659\/revisions"}],"predecessor-version":[{"id":3662,"href":"https:\/\/www.ametllerorigenwp.com\/es\/wp-json\/wp\/v2\/posts\/3659\/revisions\/3662"}],"wp:featuredmedia":[{"embeddable":true,"href":"https:\/\/www.ametllerorigenwp.com\/es\/wp-json\/wp\/v2\/media\/3657"}],"wp:attachment":[{"href":"https:\/\/www.ametllerorigenwp.com\/es\/wp-json\/wp\/v2\/media?parent=3659"}],"wp:term":[{"taxonomy":"category","embeddable":true,"href":"https:\/\/www.ametllerorigenwp.com\/es\/wp-json\/wp\/v2\/categories?post=3659"},{"taxonomy":"post_tag","embeddable":true,"href":"https:\/\/www.ametllerorigenwp.com\/es\/wp-json\/wp\/v2\/tags?post=3659"}],"curies":[{"name":"wp","href":"https:\/\/api.w.org\/{rel}","templated":true}]}}