{"id":3680,"date":"2021-10-08T12:25:57","date_gmt":"2021-10-08T12:25:57","guid":{"rendered":"https:\/\/www.ametllerorigenwp.com\/?p=3680"},"modified":"2021-10-08T12:26:00","modified_gmt":"2021-10-08T12:26:00","slug":"el-otono-es-nuestro-y-de-la-fundacio-ampans","status":"publish","type":"post","link":"https:\/\/www.ametllerorigenwp.com\/es\/el-otono-es-nuestro-y-de-la-fundacio-ampans\/","title":{"rendered":"\u00a1El oto\u00f1o es nuestro y de la Fundaci\u00f3 Ampans!"},"content":{"rendered":"\n<p>Un a\u00f1o m\u00e1s colaboramos con la Fundaci\u00f3 Ampans para vivir el oto\u00f1o en nuestras tiendas. <strong>La ornamentaci\u00f3n en forma de hojas ha sido elaborada por los trabajadores de la Fundaci\u00f3,<\/strong> que han participado, tambi\u00e9n, <a href=\"https:\/\/www.youtube.com\/watch?v=yra6h-KaTmE&amp;list=PL_it555ubt2TiYozrB6frLRkaKbKBamMo&amp;index=5\" target=\"_blank\" rel=\"noreferrer noopener\">en la entrega y en la colocaci\u00f3n de esta<\/a>.<\/p>\n\n\n\n<p>Desde Ametller Origen apoyamos la inserci\u00f3n social y laboral de personas con discapacidad intelectual.<\/p>\n","protected":false},"excerpt":{"rendered":"<p>Un a\u00f1o m\u00e1s colaboramos con la Fundaci\u00f3 Ampans para vivir el oto\u00f1o en nuestras tiendas. La ornamentaci\u00f3n en forma de hojas ha sido elaborada por los trabajadores de la Fundaci\u00f3, que han participado, tambi\u00e9n, en la entrega y en la colocaci\u00f3n de esta. Desde Ametller Origen apoyamos la inserci\u00f3n social y laboral de personas con &hellip; <a href=\"https:\/\/www.ametllerorigenwp.com\/es\/el-otono-es-nuestro-y-de-la-fundacio-ampans\/\" class=\"more-link\">Continuar leyendo<span class=\"screen-reader-text\"> \u00ab\u00a1El oto\u00f1o es nuestro y de la Fundaci\u00f3 Ampans!\u00bb<\/span><\/a><\/p>\n","protected":false},"author":5,"featured_media":3678,"comment_status":"open","ping_status":"open","sticky":false,"template":"","format":"standard","meta":{"_uag_custom_page_level_css":"","advgb_blocks_editor_width":"","advgb_blocks_columns_visual_guide":"","footnotes":""},"categories":[1],"tags":[],"class_list":["post-3680","post","type-post","status-publish","format-standard","has-post-thumbnail","hentry","category-noticias"],"author_meta":{"display_name":"Mireia Zaragoza","author_link":"https:\/\/www.ametllerorigenwp.com\/es\/author\/mzaragoza\/"},"featured_img":"https:\/\/www.ametllerorigenwp.com\/wp-content\/uploads\/2021\/10\/FemCami_Talks_App_Banner0-300x102.jpg","uagb_featured_image_src":{"full":["https:\/\/www.ametllerorigenwp.com\/wp-content\/uploads\/2021\/10\/FemCami_Talks_App_Banner0.jpg",1000,340,false],"thumbnail":["https:\/\/www.ametllerorigenwp.com\/wp-content\/uploads\/2021\/10\/FemCami_Talks_App_Banner0-150x150.jpg",150,150,true],"medium":["https:\/\/www.ametllerorigenwp.com\/wp-content\/uploads\/2021\/10\/FemCami_Talks_App_Banner0-300x102.jpg",300,102,true],"medium_large":["https:\/\/www.ametllerorigenwp.com\/wp-content\/uploads\/2021\/10\/FemCami_Talks_App_Banner0-768x261.jpg",768,261,true],"large":["https:\/\/www.ametllerorigenwp.com\/wp-content\/uploads\/2021\/10\/FemCami_Talks_App_Banner0.jpg",840,286,false],"1536x1536":["https:\/\/www.ametllerorigenwp.com\/wp-content\/uploads\/2021\/10\/FemCami_Talks_App_Banner0.jpg",1000,340,false],"2048x2048":["https:\/\/www.ametllerorigenwp.com\/wp-content\/uploads\/2021\/10\/FemCami_Talks_App_Banner0.jpg",1000,340,false],"post-thumbnail":["https:\/\/www.ametllerorigenwp.com\/wp-content\/uploads\/2021\/10\/FemCami_Talks_App_Banner0.jpg",1000,340,false]},"uagb_author_info":{"display_name":"Mireia Zaragoza","author_link":"https:\/\/www.ametllerorigenwp.com\/es\/author\/mzaragoza\/"},"uagb_comment_info":0,"uagb_excerpt":"Un a\u00f1o m\u00e1s colaboramos con la Fundaci\u00f3 Ampans para vivir el oto\u00f1o en nuestras tiendas. La ornamentaci\u00f3n en forma de hojas ha sido elaborada por los trabajadores de la Fundaci\u00f3, que han participado, tambi\u00e9n, en la entrega y en la colocaci\u00f3n de esta. Desde Ametller Origen apoyamos la inserci\u00f3n social y laboral de personas con&hellip;","coauthors":[],"tax_additional":{"categories":{"linked":["<a href=\"https:\/\/www.ametllerorigenwp.com\/es\/category\/noticias\/\" class=\"advgb-post-tax-term\">Noticias<\/a>"],"unlinked":["<span class=\"advgb-post-tax-term\">Noticias<\/span>"]}},"comment_count":"0","relative_dates":{"created":"Publicado 5 a\u00f1os hace","modified":"Actualizado 5 a\u00f1os hace"},"absolute_dates":{"created":"Publicado el 8 de octubre de 2021","modified":"Actualizado el 8 de octubre de 2021"},"absolute_dates_time":{"created":"Publicado el 8 de octubre de 2021 12:25","modified":"Actualizado el 8 de octubre de 2021 12:26"},"featured_img_caption":"","series_order":"","show_in_app":true,"fecha_inicio_destacado":null,"hora_inicio_visualizacion":null,"minutos_inicio_visualizacion":null,"fecha_final_destacado":null,"hora_final_visualizacion":null,"minutos_final_visualizacion":null,"posicion_visualizacion":null,"estado_destacado":null,"niveles_destacados":null,"url_del_enlace":null,"banner_destacado":null,"posicion_visualizacion_de_la_noticia":null,"estado_noticia":null,"fecha_de_inicio_de_visualizacion_del_tutorial":null,"hora_inicio_visualizacion_tutorial":null,"minutos_inicio_visualizacion_tutorial":null,"fecha_de_final_de_visualizacion_del_tutorial":null,"hora_final_visualizacion_tutorial":null,"minutos_final_visualizacion_tutorial":null,"numero_de_veces_visto":null,"numero_de_veces_total":null,"niveles_tutorial":null,"tutorial_recursos_castellano":null,"tutorial_recursos_catalan":null,"dias_disponibles":null,"dias_de_la_semana":null,"dias_del_mes":null,"other_lang_post_id":null,"lang":"es","campanya_descripcion":null,"campanya_fecha_inicio":null,"campanya_fecha_fin":null,"campanya_legales":null,"campanya_imagen":null,"campanya_characteristics":null,"campanya_url":null,"campanya_posicion_visualizacion":null,"campanya_estado":null,"_links":{"self":[{"href":"https:\/\/www.ametllerorigenwp.com\/es\/wp-json\/wp\/v2\/posts\/3680","targetHints":{"allow":["GET"]}}],"collection":[{"href":"https:\/\/www.ametllerorigenwp.com\/es\/wp-json\/wp\/v2\/posts"}],"about":[{"href":"https:\/\/www.ametllerorigenwp.com\/es\/wp-json\/wp\/v2\/types\/post"}],"author":[{"embeddable":true,"href":"https:\/\/www.ametllerorigenwp.com\/es\/wp-json\/wp\/v2\/users\/5"}],"replies":[{"embeddable":true,"href":"https:\/\/www.ametllerorigenwp.com\/es\/wp-json\/wp\/v2\/comments?post=3680"}],"version-history":[{"count":1,"href":"https:\/\/www.ametllerorigenwp.com\/es\/wp-json\/wp\/v2\/posts\/3680\/revisions"}],"predecessor-version":[{"id":3681,"href":"https:\/\/www.ametllerorigenwp.com\/es\/wp-json\/wp\/v2\/posts\/3680\/revisions\/3681"}],"wp:featuredmedia":[{"embeddable":true,"href":"https:\/\/www.ametllerorigenwp.com\/es\/wp-json\/wp\/v2\/media\/3678"}],"wp:attachment":[{"href":"https:\/\/www.ametllerorigenwp.com\/es\/wp-json\/wp\/v2\/media?parent=3680"}],"wp:term":[{"taxonomy":"category","embeddable":true,"href":"https:\/\/www.ametllerorigenwp.com\/es\/wp-json\/wp\/v2\/categories?post=3680"},{"taxonomy":"post_tag","embeddable":true,"href":"https:\/\/www.ametllerorigenwp.com\/es\/wp-json\/wp\/v2\/tags?post=3680"}],"curies":[{"name":"wp","href":"https:\/\/api.w.org\/{rel}","templated":true}]}}