{"id":3694,"date":"2021-10-12T17:09:00","date_gmt":"2021-10-12T17:09:00","guid":{"rendered":"https:\/\/www.ametllerorigenwp.com\/?p=3694"},"modified":"2021-10-11T17:10:07","modified_gmt":"2021-10-11T17:10:07","slug":"la-granada-la-fruta-de-otono-con-un-gran-poder-antioxidante","status":"publish","type":"post","link":"https:\/\/www.ametllerorigenwp.com\/es\/la-granada-la-fruta-de-otono-con-un-gran-poder-antioxidante\/","title":{"rendered":"La granada: la fruta de oto\u00f1o con un gran poder antioxidante"},"content":{"rendered":"\n<p>Ya tenemos aqu\u00ed una de las frutas t\u00edpicas de oto\u00f1o: <strong>la granada<\/strong>. Esta curiosa frutatiene muchas propiedades. Te las explicamos a continuaci\u00f3n:<\/p>\n\n\n\n<p>Es una fuente de minerales, y destaca su contenido en <strong>potasio<\/strong>, que contribuye en el buen funcionamiento del sistema nervioso y los m\u00fasculos. Asimismo, presenta cantidades <strong>de vitamina C<\/strong>, potente antioxidante e importante en el metabolismo y en la absorci\u00f3n intestinal del hierro; <strong>vitaminas del grupo B<\/strong>, que te ayudan a mantener sanas las neuronas y los gl\u00f3bulos sangu\u00edneos. Por otra parte, contiene <strong>flavonoides<\/strong>, que le ofrecen una acci\u00f3n antioxidante, y <strong>\u00e1cido c\u00edtrico<\/strong>, que le dan el sabor \u00e1cido caracter\u00edstico y potencia la acci\u00f3n de la vitamina C.<\/p>\n\n\n\n<p>\u00bfSabes por qu\u00e9 la granada te deja una sensaci\u00f3n \u00e1spera en el paladar y en la lengua? Por su alto contenido en <strong>taninos<\/strong>, un grupo de sustancias presentes en muchos vegetales que le proporcionan la astringencia y el poder antiinflamatorio y antioxidante.<\/p>\n\n\n\n<p><strong>Aprende c\u00f3mo pelar la granada en 4 sencillos pasos:<\/strong><\/p>\n\n\n\n<ol class=\"wp-block-list\" type=\"1\"><li>C\u00f3rtala por la mitad con un cuchillo bien afilado. Ten en cuenta que si la granada est\u00e1 muy madura, el fruto ser\u00e1 mayor y ser\u00e1 m\u00e1s f\u00e1cil de quitar.<\/li><li>Col\u00f3cala boca abajo sobre un bol.<\/li><li>Coge un utensilio de cocina, que sea suficientemente consistente, para golpearla.<\/li><li>Dale golpes secos y directos para que vayan cayendo los granos dentro del bol.<\/li><\/ol>\n\n\n\n<p>\u00a1<a href=\"https:\/\/www.ametllerorigen.com\/es\/granada-extra-unidad\/p\" target=\"_blank\" rel=\"noreferrer noopener\">Disfr\u00fatala ahora que est\u00e1 de temporada<\/a>!<\/p>\n","protected":false},"excerpt":{"rendered":"<p>Ya tenemos aqu\u00ed una de las frutas t\u00edpicas de oto\u00f1o: la granada. Esta curiosa frutatiene muchas propiedades. Te las explicamos a continuaci\u00f3n: Es una fuente de minerales, y destaca su contenido en potasio, que contribuye en el buen funcionamiento del sistema nervioso y los m\u00fasculos. Asimismo, presenta cantidades de vitamina C, potente antioxidante e importante &hellip; <a href=\"https:\/\/www.ametllerorigenwp.com\/es\/la-granada-la-fruta-de-otono-con-un-gran-poder-antioxidante\/\" class=\"more-link\">Continuar leyendo<span class=\"screen-reader-text\"> \u00abLa granada: la fruta de oto\u00f1o con un gran poder antioxidante\u00bb<\/span><\/a><\/p>\n","protected":false},"author":5,"featured_media":3692,"comment_status":"open","ping_status":"open","sticky":false,"template":"","format":"standard","meta":{"_uag_custom_page_level_css":"","advgb_blocks_editor_width":"","advgb_blocks_columns_visual_guide":"","footnotes":""},"categories":[1],"tags":[],"class_list":["post-3694","post","type-post","status-publish","format-standard","has-post-thumbnail","hentry","category-noticias"],"author_meta":{"display_name":"Mireia Zaragoza","author_link":"https:\/\/www.ametllerorigenwp.com\/es\/author\/mzaragoza\/"},"featured_img":"https:\/\/www.ametllerorigenwp.com\/wp-content\/uploads\/2021\/10\/APP-magrana_1-300x102.jpg","uagb_featured_image_src":{"full":["https:\/\/www.ametllerorigenwp.com\/wp-content\/uploads\/2021\/10\/APP-magrana_1.jpg",1000,340,false],"thumbnail":["https:\/\/www.ametllerorigenwp.com\/wp-content\/uploads\/2021\/10\/APP-magrana_1-150x150.jpg",150,150,true],"medium":["https:\/\/www.ametllerorigenwp.com\/wp-content\/uploads\/2021\/10\/APP-magrana_1-300x102.jpg",300,102,true],"medium_large":["https:\/\/www.ametllerorigenwp.com\/wp-content\/uploads\/2021\/10\/APP-magrana_1-768x261.jpg",768,261,true],"large":["https:\/\/www.ametllerorigenwp.com\/wp-content\/uploads\/2021\/10\/APP-magrana_1.jpg",840,286,false],"1536x1536":["https:\/\/www.ametllerorigenwp.com\/wp-content\/uploads\/2021\/10\/APP-magrana_1.jpg",1000,340,false],"2048x2048":["https:\/\/www.ametllerorigenwp.com\/wp-content\/uploads\/2021\/10\/APP-magrana_1.jpg",1000,340,false],"post-thumbnail":["https:\/\/www.ametllerorigenwp.com\/wp-content\/uploads\/2021\/10\/APP-magrana_1.jpg",1000,340,false]},"uagb_author_info":{"display_name":"Mireia Zaragoza","author_link":"https:\/\/www.ametllerorigenwp.com\/es\/author\/mzaragoza\/"},"uagb_comment_info":0,"uagb_excerpt":"Ya tenemos aqu\u00ed una de las frutas t\u00edpicas de oto\u00f1o: la granada. Esta curiosa frutatiene muchas propiedades. Te las explicamos a continuaci\u00f3n: Es una fuente de minerales, y destaca su contenido en potasio, que contribuye en el buen funcionamiento del sistema nervioso y los m\u00fasculos. Asimismo, presenta cantidades de vitamina C, potente antioxidante e importante&hellip;","coauthors":[],"tax_additional":{"categories":{"linked":["<a href=\"https:\/\/www.ametllerorigenwp.com\/es\/category\/noticias\/\" class=\"advgb-post-tax-term\">Noticias<\/a>"],"unlinked":["<span class=\"advgb-post-tax-term\">Noticias<\/span>"]}},"comment_count":"0","relative_dates":{"created":"Publicado 5 a\u00f1os hace","modified":"Actualizado 5 a\u00f1os hace"},"absolute_dates":{"created":"Publicado el 12 de octubre de 2021","modified":"Actualizado el 11 de octubre de 2021"},"absolute_dates_time":{"created":"Publicado el 12 de octubre de 2021 17:09","modified":"Actualizado el 11 de octubre de 2021 17:10"},"featured_img_caption":"","series_order":"","show_in_app":true,"fecha_inicio_destacado":null,"hora_inicio_visualizacion":null,"minutos_inicio_visualizacion":null,"fecha_final_destacado":null,"hora_final_visualizacion":null,"minutos_final_visualizacion":null,"posicion_visualizacion":null,"estado_destacado":null,"niveles_destacados":null,"url_del_enlace":null,"banner_destacado":null,"posicion_visualizacion_de_la_noticia":null,"estado_noticia":null,"fecha_de_inicio_de_visualizacion_del_tutorial":null,"hora_inicio_visualizacion_tutorial":null,"minutos_inicio_visualizacion_tutorial":null,"fecha_de_final_de_visualizacion_del_tutorial":null,"hora_final_visualizacion_tutorial":null,"minutos_final_visualizacion_tutorial":null,"numero_de_veces_visto":null,"numero_de_veces_total":null,"niveles_tutorial":null,"tutorial_recursos_castellano":null,"tutorial_recursos_catalan":null,"dias_disponibles":null,"dias_de_la_semana":null,"dias_del_mes":null,"other_lang_post_id":null,"lang":"es","campanya_descripcion":null,"campanya_fecha_inicio":null,"campanya_fecha_fin":null,"campanya_legales":null,"campanya_imagen":null,"campanya_characteristics":null,"campanya_url":null,"campanya_posicion_visualizacion":null,"campanya_estado":null,"_links":{"self":[{"href":"https:\/\/www.ametllerorigenwp.com\/es\/wp-json\/wp\/v2\/posts\/3694","targetHints":{"allow":["GET"]}}],"collection":[{"href":"https:\/\/www.ametllerorigenwp.com\/es\/wp-json\/wp\/v2\/posts"}],"about":[{"href":"https:\/\/www.ametllerorigenwp.com\/es\/wp-json\/wp\/v2\/types\/post"}],"author":[{"embeddable":true,"href":"https:\/\/www.ametllerorigenwp.com\/es\/wp-json\/wp\/v2\/users\/5"}],"replies":[{"embeddable":true,"href":"https:\/\/www.ametllerorigenwp.com\/es\/wp-json\/wp\/v2\/comments?post=3694"}],"version-history":[{"count":1,"href":"https:\/\/www.ametllerorigenwp.com\/es\/wp-json\/wp\/v2\/posts\/3694\/revisions"}],"predecessor-version":[{"id":3695,"href":"https:\/\/www.ametllerorigenwp.com\/es\/wp-json\/wp\/v2\/posts\/3694\/revisions\/3695"}],"wp:featuredmedia":[{"embeddable":true,"href":"https:\/\/www.ametllerorigenwp.com\/es\/wp-json\/wp\/v2\/media\/3692"}],"wp:attachment":[{"href":"https:\/\/www.ametllerorigenwp.com\/es\/wp-json\/wp\/v2\/media?parent=3694"}],"wp:term":[{"taxonomy":"category","embeddable":true,"href":"https:\/\/www.ametllerorigenwp.com\/es\/wp-json\/wp\/v2\/categories?post=3694"},{"taxonomy":"post_tag","embeddable":true,"href":"https:\/\/www.ametllerorigenwp.com\/es\/wp-json\/wp\/v2\/tags?post=3694"}],"curies":[{"name":"wp","href":"https:\/\/api.w.org\/{rel}","templated":true}]}}