{"id":3793,"date":"2021-10-23T16:03:00","date_gmt":"2021-10-23T16:03:00","guid":{"rendered":"https:\/\/www.ametllerorigenwp.com\/?p=3793"},"modified":"2021-10-22T16:05:26","modified_gmt":"2021-10-22T16:05:26","slug":"pequenas-semillas-que-ayudan-a-cambiar-el-mundo-penedes-verd","status":"publish","type":"post","link":"https:\/\/www.ametllerorigenwp.com\/es\/pequenas-semillas-que-ayudan-a-cambiar-el-mundo-penedes-verd\/","title":{"rendered":"Peque\u00f1as semillas que ayudan a cambiar el mundo: Pened\u00e8s Verd"},"content":{"rendered":"\n<p>Hoy es el <strong>D\u00eda Internacional contra el Cambio Clim\u00e1tico<\/strong>, una fecha para generar conciencia sobre el cuidado del planeta y la importancia de adquirir nuevos h\u00e1bitos de vida que ayuden a reducir sus efectos.<\/p>\n\n\n\n<p>Desde <strong>Ametller Origen luchamos contra el cambio clim\u00e1tico<\/strong> y es por eso que <strong><a href=\"https:\/\/www.youtube.com\/watch?v=YNMCSxKrJlY&amp;list=PL_it555ubt2QBhCq5Jm2D1Yp_KbuFMaUF&amp;index=16\" target=\"_blank\" rel=\"noreferrer noopener\">colaboramos con asociaciones como Pened\u00e8s Verd<\/a><\/strong>, una organizaci\u00f3n creada por tres j\u00f3venes del Pened\u00e8s, que mensualmente organizan un encuentro para recoger residuos y limpiar los espacios naturales de la comarca. Desde Ametller Origen les apoyamos para cuidar la zona que nos ha visto nacer y crecer y avanzar hacia un mundo m\u00e1s sostenible.<\/p>\n\n\n\n<p>\u00a1Sigamos avanzando juntos hacia el mundo que queremos vivir!<\/p>\n","protected":false},"excerpt":{"rendered":"<p>Hoy es el D\u00eda Internacional contra el Cambio Clim\u00e1tico, una fecha para generar conciencia sobre el cuidado del planeta y la importancia de adquirir nuevos h\u00e1bitos de vida que ayuden a reducir sus efectos. Desde Ametller Origen luchamos contra el cambio clim\u00e1tico y es por eso que colaboramos con asociaciones como Pened\u00e8s Verd, una organizaci\u00f3n &hellip; <a href=\"https:\/\/www.ametllerorigenwp.com\/es\/pequenas-semillas-que-ayudan-a-cambiar-el-mundo-penedes-verd\/\" class=\"more-link\">Continuar leyendo<span class=\"screen-reader-text\"> \u00abPeque\u00f1as semillas que ayudan a cambiar el mundo: Pened\u00e8s Verd\u00bb<\/span><\/a><\/p>\n","protected":false},"author":5,"featured_media":3794,"comment_status":"open","ping_status":"open","sticky":false,"template":"","format":"standard","meta":{"_uag_custom_page_level_css":"","advgb_blocks_editor_width":"","advgb_blocks_columns_visual_guide":"","footnotes":""},"categories":[1],"tags":[],"class_list":["post-3793","post","type-post","status-publish","format-standard","has-post-thumbnail","hentry","category-noticias"],"author_meta":{"display_name":"Mireia Zaragoza","author_link":"https:\/\/www.ametllerorigenwp.com\/es\/author\/mzaragoza\/"},"featured_img":"https:\/\/www.ametllerorigenwp.com\/wp-content\/uploads\/2021\/10\/APP_CanviClimatic_1000x340_1-300x102.jpg","uagb_featured_image_src":{"full":["https:\/\/www.ametllerorigenwp.com\/wp-content\/uploads\/2021\/10\/APP_CanviClimatic_1000x340_1.jpg",1000,340,false],"thumbnail":["https:\/\/www.ametllerorigenwp.com\/wp-content\/uploads\/2021\/10\/APP_CanviClimatic_1000x340_1-150x150.jpg",150,150,true],"medium":["https:\/\/www.ametllerorigenwp.com\/wp-content\/uploads\/2021\/10\/APP_CanviClimatic_1000x340_1-300x102.jpg",300,102,true],"medium_large":["https:\/\/www.ametllerorigenwp.com\/wp-content\/uploads\/2021\/10\/APP_CanviClimatic_1000x340_1-768x261.jpg",768,261,true],"large":["https:\/\/www.ametllerorigenwp.com\/wp-content\/uploads\/2021\/10\/APP_CanviClimatic_1000x340_1.jpg",840,286,false],"1536x1536":["https:\/\/www.ametllerorigenwp.com\/wp-content\/uploads\/2021\/10\/APP_CanviClimatic_1000x340_1.jpg",1000,340,false],"2048x2048":["https:\/\/www.ametllerorigenwp.com\/wp-content\/uploads\/2021\/10\/APP_CanviClimatic_1000x340_1.jpg",1000,340,false],"post-thumbnail":["https:\/\/www.ametllerorigenwp.com\/wp-content\/uploads\/2021\/10\/APP_CanviClimatic_1000x340_1.jpg",1000,340,false]},"uagb_author_info":{"display_name":"Mireia Zaragoza","author_link":"https:\/\/www.ametllerorigenwp.com\/es\/author\/mzaragoza\/"},"uagb_comment_info":0,"uagb_excerpt":"Hoy es el D\u00eda Internacional contra el Cambio Clim\u00e1tico, una fecha para generar conciencia sobre el cuidado del planeta y la importancia de adquirir nuevos h\u00e1bitos de vida que ayuden a reducir sus efectos. Desde Ametller Origen luchamos contra el cambio clim\u00e1tico y es por eso que colaboramos con asociaciones como Pened\u00e8s Verd, una organizaci\u00f3n&hellip;","coauthors":[],"tax_additional":{"categories":{"linked":["<a href=\"https:\/\/www.ametllerorigenwp.com\/es\/category\/noticias\/\" class=\"advgb-post-tax-term\">Noticias<\/a>"],"unlinked":["<span class=\"advgb-post-tax-term\">Noticias<\/span>"]}},"comment_count":"0","relative_dates":{"created":"Publicado 5 a\u00f1os hace","modified":"Actualizado 5 a\u00f1os hace"},"absolute_dates":{"created":"Publicado el 23 de octubre de 2021","modified":"Actualizado el 22 de octubre de 2021"},"absolute_dates_time":{"created":"Publicado el 23 de octubre de 2021 16:03","modified":"Actualizado el 22 de octubre de 2021 16:05"},"featured_img_caption":"","series_order":"","show_in_app":true,"fecha_inicio_destacado":null,"hora_inicio_visualizacion":null,"minutos_inicio_visualizacion":null,"fecha_final_destacado":null,"hora_final_visualizacion":null,"minutos_final_visualizacion":null,"posicion_visualizacion":null,"estado_destacado":null,"niveles_destacados":null,"url_del_enlace":null,"banner_destacado":null,"posicion_visualizacion_de_la_noticia":null,"estado_noticia":null,"fecha_de_inicio_de_visualizacion_del_tutorial":null,"hora_inicio_visualizacion_tutorial":null,"minutos_inicio_visualizacion_tutorial":null,"fecha_de_final_de_visualizacion_del_tutorial":null,"hora_final_visualizacion_tutorial":null,"minutos_final_visualizacion_tutorial":null,"numero_de_veces_visto":null,"numero_de_veces_total":null,"niveles_tutorial":null,"tutorial_recursos_castellano":null,"tutorial_recursos_catalan":null,"dias_disponibles":null,"dias_de_la_semana":null,"dias_del_mes":null,"other_lang_post_id":null,"lang":"es","campanya_descripcion":null,"campanya_fecha_inicio":null,"campanya_fecha_fin":null,"campanya_legales":null,"campanya_imagen":null,"campanya_characteristics":null,"campanya_url":null,"campanya_posicion_visualizacion":null,"campanya_estado":null,"_links":{"self":[{"href":"https:\/\/www.ametllerorigenwp.com\/es\/wp-json\/wp\/v2\/posts\/3793","targetHints":{"allow":["GET"]}}],"collection":[{"href":"https:\/\/www.ametllerorigenwp.com\/es\/wp-json\/wp\/v2\/posts"}],"about":[{"href":"https:\/\/www.ametllerorigenwp.com\/es\/wp-json\/wp\/v2\/types\/post"}],"author":[{"embeddable":true,"href":"https:\/\/www.ametllerorigenwp.com\/es\/wp-json\/wp\/v2\/users\/5"}],"replies":[{"embeddable":true,"href":"https:\/\/www.ametllerorigenwp.com\/es\/wp-json\/wp\/v2\/comments?post=3793"}],"version-history":[{"count":1,"href":"https:\/\/www.ametllerorigenwp.com\/es\/wp-json\/wp\/v2\/posts\/3793\/revisions"}],"predecessor-version":[{"id":3796,"href":"https:\/\/www.ametllerorigenwp.com\/es\/wp-json\/wp\/v2\/posts\/3793\/revisions\/3796"}],"wp:featuredmedia":[{"embeddable":true,"href":"https:\/\/www.ametllerorigenwp.com\/es\/wp-json\/wp\/v2\/media\/3794"}],"wp:attachment":[{"href":"https:\/\/www.ametllerorigenwp.com\/es\/wp-json\/wp\/v2\/media?parent=3793"}],"wp:term":[{"taxonomy":"category","embeddable":true,"href":"https:\/\/www.ametllerorigenwp.com\/es\/wp-json\/wp\/v2\/categories?post=3793"},{"taxonomy":"post_tag","embeddable":true,"href":"https:\/\/www.ametllerorigenwp.com\/es\/wp-json\/wp\/v2\/tags?post=3793"}],"curies":[{"name":"wp","href":"https:\/\/api.w.org\/{rel}","templated":true}]}}