{"id":3932,"date":"2021-11-09T13:04:37","date_gmt":"2021-11-09T13:04:37","guid":{"rendered":"https:\/\/www.ametllerorigenwp.com\/?p=3932"},"modified":"2021-11-09T13:20:20","modified_gmt":"2021-11-09T13:20:20","slug":"muestranos-tu-faceta-mas-creativa-y-participa-en-el-concurso","status":"publish","type":"post","link":"https:\/\/www.ametllerorigenwp.com\/es\/muestranos-tu-faceta-mas-creativa-y-participa-en-el-concurso\/","title":{"rendered":"Mu\u00e9stranos tu faceta m\u00e1s creativa y \u00a1participa en el concurso!"},"content":{"rendered":"\n<p><strong>Coincidiendo con la apertura de nuestra primera tienda en l&#8217;Hospitalet de Llobregat, el pr\u00f3ximo 22 de noviembre, ponemos en marcha un concurso art\u00edstico<\/strong>, junto con la Fundaci\u00f3n Contorno Urbano y Montana Colores, para <strong>la realizaci\u00f3n de una pintura mural en la pared medianera de la nueva tienda<\/strong>, ubicada en la calle Prat de la Riba 297.<\/p>\n\n\n\n<p>La <strong>tem\u00e1tica del mural tendr\u00e1 que estar alineada con nuestro prop\u00f3sito de promover un estilo de vida m\u00e1s saludable y sostenible facilitando el acceso a una alimentaci\u00f3n saludable, placentera y limpia y con el movimiento Fem Cam\u00ed<\/strong>, que hemos impulsado este a\u00f1o, con el objetivo de avanzar hacia un mundo m\u00e1s saludable y sostenible.<\/p>\n\n\n\n<p>El ganador podr\u00e1 realizar su obra en la pared de la tienda y recibir\u00e1 2.400 \u20ac de premio. La convocatoria para enviar propuestas est\u00e1 abierta hasta el 21 de noviembre.<\/p>\n\n\n\n<p>Consulta <strong><a href=\"https:\/\/bases.ametllerorigen.cat\/bases-legals\/bases-concurs-mural-ametller-origen-ESP.pdf\" target=\"_blank\" rel=\"noreferrer noopener\">aqu\u00ed<\/a><\/strong> las bases legales.<\/p>\n","protected":false},"excerpt":{"rendered":"<p>Coincidiendo con la apertura de nuestra primera tienda en l&#8217;Hospitalet de Llobregat, el pr\u00f3ximo 22 de noviembre, ponemos en marcha un concurso art\u00edstico, junto con la Fundaci\u00f3n Contorno Urbano y Montana Colores, para la realizaci\u00f3n de una pintura mural en la pared medianera de la nueva tienda, ubicada en la calle Prat de la Riba &hellip; <a href=\"https:\/\/www.ametllerorigenwp.com\/es\/muestranos-tu-faceta-mas-creativa-y-participa-en-el-concurso\/\" class=\"more-link\">Continuar leyendo<span class=\"screen-reader-text\"> \u00abMu\u00e9stranos tu faceta m\u00e1s creativa y \u00a1participa en el concurso!\u00bb<\/span><\/a><\/p>\n","protected":false},"author":5,"featured_media":3933,"comment_status":"open","ping_status":"open","sticky":false,"template":"","format":"standard","meta":{"_uag_custom_page_level_css":"","advgb_blocks_editor_width":"","advgb_blocks_columns_visual_guide":"","footnotes":""},"categories":[1],"tags":[],"class_list":["post-3932","post","type-post","status-publish","format-standard","has-post-thumbnail","hentry","category-noticias"],"author_meta":{"display_name":"Mireia Zaragoza","author_link":"https:\/\/www.ametllerorigenwp.com\/es\/author\/mzaragoza\/"},"featured_img":"https:\/\/www.ametllerorigenwp.com\/wp-content\/uploads\/2021\/11\/APP_concurs_mural_Es-300x102.jpg","uagb_featured_image_src":{"full":["https:\/\/www.ametllerorigenwp.com\/wp-content\/uploads\/2021\/11\/APP_concurs_mural_Es.jpg",1000,340,false],"thumbnail":["https:\/\/www.ametllerorigenwp.com\/wp-content\/uploads\/2021\/11\/APP_concurs_mural_Es-150x150.jpg",150,150,true],"medium":["https:\/\/www.ametllerorigenwp.com\/wp-content\/uploads\/2021\/11\/APP_concurs_mural_Es-300x102.jpg",300,102,true],"medium_large":["https:\/\/www.ametllerorigenwp.com\/wp-content\/uploads\/2021\/11\/APP_concurs_mural_Es-768x261.jpg",768,261,true],"large":["https:\/\/www.ametllerorigenwp.com\/wp-content\/uploads\/2021\/11\/APP_concurs_mural_Es.jpg",840,286,false],"1536x1536":["https:\/\/www.ametllerorigenwp.com\/wp-content\/uploads\/2021\/11\/APP_concurs_mural_Es.jpg",1000,340,false],"2048x2048":["https:\/\/www.ametllerorigenwp.com\/wp-content\/uploads\/2021\/11\/APP_concurs_mural_Es.jpg",1000,340,false],"post-thumbnail":["https:\/\/www.ametllerorigenwp.com\/wp-content\/uploads\/2021\/11\/APP_concurs_mural_Es.jpg",1000,340,false]},"uagb_author_info":{"display_name":"Mireia Zaragoza","author_link":"https:\/\/www.ametllerorigenwp.com\/es\/author\/mzaragoza\/"},"uagb_comment_info":0,"uagb_excerpt":"Coincidiendo con la apertura de nuestra primera tienda en l&#8217;Hospitalet de Llobregat, el pr\u00f3ximo 22 de noviembre, ponemos en marcha un concurso art\u00edstico, junto con la Fundaci\u00f3n Contorno Urbano y Montana Colores, para la realizaci\u00f3n de una pintura mural en la pared medianera de la nueva tienda, ubicada en la calle Prat de la Riba&hellip;","coauthors":[],"tax_additional":{"categories":{"linked":["<a href=\"https:\/\/www.ametllerorigenwp.com\/es\/category\/noticias\/\" class=\"advgb-post-tax-term\">Noticias<\/a>"],"unlinked":["<span class=\"advgb-post-tax-term\">Noticias<\/span>"]}},"comment_count":"0","relative_dates":{"created":"Publicado 4 a\u00f1os hace","modified":"Actualizado 4 a\u00f1os hace"},"absolute_dates":{"created":"Publicado el 9 de noviembre de 2021","modified":"Actualizado el 9 de noviembre de 2021"},"absolute_dates_time":{"created":"Publicado el 9 de noviembre de 2021 13:04","modified":"Actualizado el 9 de noviembre de 2021 13:20"},"featured_img_caption":"","series_order":"","show_in_app":true,"fecha_inicio_destacado":null,"hora_inicio_visualizacion":null,"minutos_inicio_visualizacion":null,"fecha_final_destacado":null,"hora_final_visualizacion":null,"minutos_final_visualizacion":null,"posicion_visualizacion":null,"estado_destacado":null,"niveles_destacados":null,"url_del_enlace":null,"banner_destacado":null,"posicion_visualizacion_de_la_noticia":null,"estado_noticia":null,"fecha_de_inicio_de_visualizacion_del_tutorial":null,"hora_inicio_visualizacion_tutorial":null,"minutos_inicio_visualizacion_tutorial":null,"fecha_de_final_de_visualizacion_del_tutorial":null,"hora_final_visualizacion_tutorial":null,"minutos_final_visualizacion_tutorial":null,"numero_de_veces_visto":null,"numero_de_veces_total":null,"niveles_tutorial":null,"tutorial_recursos_castellano":null,"tutorial_recursos_catalan":null,"dias_disponibles":null,"dias_de_la_semana":null,"dias_del_mes":null,"other_lang_post_id":null,"lang":"es","campanya_descripcion":null,"campanya_fecha_inicio":null,"campanya_fecha_fin":null,"campanya_legales":null,"campanya_imagen":null,"campanya_characteristics":null,"campanya_url":null,"campanya_posicion_visualizacion":null,"campanya_estado":null,"_links":{"self":[{"href":"https:\/\/www.ametllerorigenwp.com\/es\/wp-json\/wp\/v2\/posts\/3932","targetHints":{"allow":["GET"]}}],"collection":[{"href":"https:\/\/www.ametllerorigenwp.com\/es\/wp-json\/wp\/v2\/posts"}],"about":[{"href":"https:\/\/www.ametllerorigenwp.com\/es\/wp-json\/wp\/v2\/types\/post"}],"author":[{"embeddable":true,"href":"https:\/\/www.ametllerorigenwp.com\/es\/wp-json\/wp\/v2\/users\/5"}],"replies":[{"embeddable":true,"href":"https:\/\/www.ametllerorigenwp.com\/es\/wp-json\/wp\/v2\/comments?post=3932"}],"version-history":[{"count":1,"href":"https:\/\/www.ametllerorigenwp.com\/es\/wp-json\/wp\/v2\/posts\/3932\/revisions"}],"predecessor-version":[{"id":3935,"href":"https:\/\/www.ametllerorigenwp.com\/es\/wp-json\/wp\/v2\/posts\/3932\/revisions\/3935"}],"wp:featuredmedia":[{"embeddable":true,"href":"https:\/\/www.ametllerorigenwp.com\/es\/wp-json\/wp\/v2\/media\/3933"}],"wp:attachment":[{"href":"https:\/\/www.ametllerorigenwp.com\/es\/wp-json\/wp\/v2\/media?parent=3932"}],"wp:term":[{"taxonomy":"category","embeddable":true,"href":"https:\/\/www.ametllerorigenwp.com\/es\/wp-json\/wp\/v2\/categories?post=3932"},{"taxonomy":"post_tag","embeddable":true,"href":"https:\/\/www.ametllerorigenwp.com\/es\/wp-json\/wp\/v2\/tags?post=3932"}],"curies":[{"name":"wp","href":"https:\/\/api.w.org\/{rel}","templated":true}]}}