{"id":4043,"date":"2021-11-24T17:24:01","date_gmt":"2021-11-24T17:24:01","guid":{"rendered":"https:\/\/www.ametllerorigenwp.com\/?p=4043"},"modified":"2021-11-24T17:24:07","modified_gmt":"2021-11-24T17:24:07","slug":"nos-sumamos-al-protocolo-de-reutilizacion-de-envases-de-rezero","status":"publish","type":"post","link":"https:\/\/www.ametllerorigenwp.com\/es\/nos-sumamos-al-protocolo-de-reutilizacion-de-envases-de-rezero\/","title":{"rendered":"Nos sumamos al protocolo de reutilizaci\u00f3n de envases de Rezero"},"content":{"rendered":"\n<p>Coincidiendo con <strong>la Semana Europea de la Prevenci\u00f3n de Residuos<\/strong>, <strong>la entidad Rezero<\/strong> ha presentado <strong>el protocolo para fomentar la reutilizaci\u00f3n y la lucha contra el pl\u00e1stico de un solo uso en los establecimientos comerciales<\/strong>. Una iniciativa a la cual nos sumamos para <strong>promover una compra m\u00e1s sostenible y consciente<\/strong> poniendo a disposici\u00f3n del cliente <strong>bolsas y cajas reutilizables para llevarse la compra, bolsas reutilizables de malla para las frutas y verduras a granel y tuppers reutilizables para las secciones de carnicer\u00eda y charcuter\u00eda<\/strong>.<\/p>\n\n\n\n<p>\u00a1Sigamos avanzando juntos hacia el mundo donde quieres vivir!<\/p>\n","protected":false},"excerpt":{"rendered":"<p>Coincidiendo con la Semana Europea de la Prevenci\u00f3n de Residuos, la entidad Rezero ha presentado el protocolo para fomentar la reutilizaci\u00f3n y la lucha contra el pl\u00e1stico de un solo uso en los establecimientos comerciales. Una iniciativa a la cual nos sumamos para promover una compra m\u00e1s sostenible y consciente poniendo a disposici\u00f3n del cliente &hellip; <a href=\"https:\/\/www.ametllerorigenwp.com\/es\/nos-sumamos-al-protocolo-de-reutilizacion-de-envases-de-rezero\/\" class=\"more-link\">Continuar leyendo<span class=\"screen-reader-text\"> \u00abNos sumamos al protocolo de reutilizaci\u00f3n de envases de Rezero\u00bb<\/span><\/a><\/p>\n","protected":false},"author":5,"featured_media":4040,"comment_status":"open","ping_status":"open","sticky":false,"template":"","format":"standard","meta":{"_uag_custom_page_level_css":"","advgb_blocks_editor_width":"","advgb_blocks_columns_visual_guide":"","footnotes":""},"categories":[1],"tags":[],"class_list":["post-4043","post","type-post","status-publish","format-standard","has-post-thumbnail","hentry","category-noticias"],"author_meta":{"display_name":"Mireia Zaragoza","author_link":"https:\/\/www.ametllerorigenwp.com\/es\/author\/mzaragoza\/"},"featured_img":"https:\/\/www.ametllerorigenwp.com\/wp-content\/uploads\/2021\/11\/APP_Rezero-2-300x102.jpg","uagb_featured_image_src":{"full":["https:\/\/www.ametllerorigenwp.com\/wp-content\/uploads\/2021\/11\/APP_Rezero-2.jpg",1000,340,false],"thumbnail":["https:\/\/www.ametllerorigenwp.com\/wp-content\/uploads\/2021\/11\/APP_Rezero-2-150x150.jpg",150,150,true],"medium":["https:\/\/www.ametllerorigenwp.com\/wp-content\/uploads\/2021\/11\/APP_Rezero-2-300x102.jpg",300,102,true],"medium_large":["https:\/\/www.ametllerorigenwp.com\/wp-content\/uploads\/2021\/11\/APP_Rezero-2-768x261.jpg",768,261,true],"large":["https:\/\/www.ametllerorigenwp.com\/wp-content\/uploads\/2021\/11\/APP_Rezero-2.jpg",840,286,false],"1536x1536":["https:\/\/www.ametllerorigenwp.com\/wp-content\/uploads\/2021\/11\/APP_Rezero-2.jpg",1000,340,false],"2048x2048":["https:\/\/www.ametllerorigenwp.com\/wp-content\/uploads\/2021\/11\/APP_Rezero-2.jpg",1000,340,false],"post-thumbnail":["https:\/\/www.ametllerorigenwp.com\/wp-content\/uploads\/2021\/11\/APP_Rezero-2.jpg",1000,340,false]},"uagb_author_info":{"display_name":"Mireia Zaragoza","author_link":"https:\/\/www.ametllerorigenwp.com\/es\/author\/mzaragoza\/"},"uagb_comment_info":0,"uagb_excerpt":"Coincidiendo con la Semana Europea de la Prevenci\u00f3n de Residuos, la entidad Rezero ha presentado el protocolo para fomentar la reutilizaci\u00f3n y la lucha contra el pl\u00e1stico de un solo uso en los establecimientos comerciales. Una iniciativa a la cual nos sumamos para promover una compra m\u00e1s sostenible y consciente poniendo a disposici\u00f3n del cliente&hellip;","coauthors":[],"tax_additional":{"categories":{"linked":["<a href=\"https:\/\/www.ametllerorigenwp.com\/es\/category\/noticias\/\" class=\"advgb-post-tax-term\">Noticias<\/a>"],"unlinked":["<span class=\"advgb-post-tax-term\">Noticias<\/span>"]}},"comment_count":"0","relative_dates":{"created":"Publicado 4 a\u00f1os hace","modified":"Actualizado 4 a\u00f1os hace"},"absolute_dates":{"created":"Publicado el 24 de noviembre de 2021","modified":"Actualizado el 24 de noviembre de 2021"},"absolute_dates_time":{"created":"Publicado el 24 de noviembre de 2021 17:24","modified":"Actualizado el 24 de noviembre de 2021 17:24"},"featured_img_caption":"","series_order":"","show_in_app":true,"fecha_inicio_destacado":null,"hora_inicio_visualizacion":null,"minutos_inicio_visualizacion":null,"fecha_final_destacado":null,"hora_final_visualizacion":null,"minutos_final_visualizacion":null,"posicion_visualizacion":null,"estado_destacado":null,"niveles_destacados":null,"url_del_enlace":null,"banner_destacado":null,"posicion_visualizacion_de_la_noticia":null,"estado_noticia":null,"fecha_de_inicio_de_visualizacion_del_tutorial":null,"hora_inicio_visualizacion_tutorial":null,"minutos_inicio_visualizacion_tutorial":null,"fecha_de_final_de_visualizacion_del_tutorial":null,"hora_final_visualizacion_tutorial":null,"minutos_final_visualizacion_tutorial":null,"numero_de_veces_visto":null,"numero_de_veces_total":null,"niveles_tutorial":null,"tutorial_recursos_castellano":null,"tutorial_recursos_catalan":null,"dias_disponibles":null,"dias_de_la_semana":null,"dias_del_mes":null,"other_lang_post_id":null,"lang":"es","campanya_descripcion":null,"campanya_fecha_inicio":null,"campanya_fecha_fin":null,"campanya_legales":null,"campanya_imagen":null,"campanya_characteristics":null,"campanya_url":null,"campanya_posicion_visualizacion":null,"campanya_estado":null,"_links":{"self":[{"href":"https:\/\/www.ametllerorigenwp.com\/es\/wp-json\/wp\/v2\/posts\/4043","targetHints":{"allow":["GET"]}}],"collection":[{"href":"https:\/\/www.ametllerorigenwp.com\/es\/wp-json\/wp\/v2\/posts"}],"about":[{"href":"https:\/\/www.ametllerorigenwp.com\/es\/wp-json\/wp\/v2\/types\/post"}],"author":[{"embeddable":true,"href":"https:\/\/www.ametllerorigenwp.com\/es\/wp-json\/wp\/v2\/users\/5"}],"replies":[{"embeddable":true,"href":"https:\/\/www.ametllerorigenwp.com\/es\/wp-json\/wp\/v2\/comments?post=4043"}],"version-history":[{"count":1,"href":"https:\/\/www.ametllerorigenwp.com\/es\/wp-json\/wp\/v2\/posts\/4043\/revisions"}],"predecessor-version":[{"id":4044,"href":"https:\/\/www.ametllerorigenwp.com\/es\/wp-json\/wp\/v2\/posts\/4043\/revisions\/4044"}],"wp:featuredmedia":[{"embeddable":true,"href":"https:\/\/www.ametllerorigenwp.com\/es\/wp-json\/wp\/v2\/media\/4040"}],"wp:attachment":[{"href":"https:\/\/www.ametllerorigenwp.com\/es\/wp-json\/wp\/v2\/media?parent=4043"}],"wp:term":[{"taxonomy":"category","embeddable":true,"href":"https:\/\/www.ametllerorigenwp.com\/es\/wp-json\/wp\/v2\/categories?post=4043"},{"taxonomy":"post_tag","embeddable":true,"href":"https:\/\/www.ametllerorigenwp.com\/es\/wp-json\/wp\/v2\/tags?post=4043"}],"curies":[{"name":"wp","href":"https:\/\/api.w.org\/{rel}","templated":true}]}}