{"id":4149,"date":"2021-12-02T16:01:34","date_gmt":"2021-12-02T16:01:34","guid":{"rendered":"https:\/\/www.ametllerorigenwp.com\/?p=4149"},"modified":"2021-12-02T17:18:10","modified_gmt":"2021-12-02T17:18:10","slug":"disfruta-de-las-mandarinas-y-naranjas-de-nuestros-campos-y-lucha-contra-el-desperdicio-alimentario","status":"publish","type":"post","link":"https:\/\/www.ametllerorigenwp.com\/es\/disfruta-de-las-mandarinas-y-naranjas-de-nuestros-campos-y-lucha-contra-el-desperdicio-alimentario\/","title":{"rendered":"Disfruta de las mandarinas y naranjas de nuestros campos y lucha contra el desperdicio alimentario"},"content":{"rendered":"\n<p>\u00bfEres fan de los c\u00edtricos? <strong>Tenemos <a href=\"https:\/\/www.ametllerorigen.com\/es\/fruta\/naranjas-y-citricos?sc=14\">naranjas y mandarinas<\/a> directas de nuestros campos con una dulzura espectacular, <\/strong>porque las <strong>dejamos madurar en el \u00e1rbol y las recolectamos en su punto \u00f3ptimo de maduraci\u00f3n. &nbsp;<\/strong><\/p>\n\n\n\n<p>Y no te dejes llevar por la apariencia y ay\u00fadanos a luchar contra el desperdicio alimentario. Si ves algunas naranjas o mandarinas con defectos en la c\u00e1scara, recuerda que \u00a1el sabor y la dulzura se encuentran en su interior!<\/p>\n","protected":false},"excerpt":{"rendered":"<p>\u00bfEres fan de los c\u00edtricos? Tenemos naranjas y mandarinas directas de nuestros campos con una dulzura espectacular, porque las dejamos madurar en el \u00e1rbol y las recolectamos en su punto \u00f3ptimo de maduraci\u00f3n. &nbsp; Y no te dejes llevar por la apariencia y ay\u00fadanos a luchar contra el desperdicio alimentario. Si ves algunas naranjas o &hellip; <a href=\"https:\/\/www.ametllerorigenwp.com\/es\/disfruta-de-las-mandarinas-y-naranjas-de-nuestros-campos-y-lucha-contra-el-desperdicio-alimentario\/\" class=\"more-link\">Continuar leyendo<span class=\"screen-reader-text\"> \u00abDisfruta de las mandarinas y naranjas de nuestros campos y lucha contra el desperdicio alimentario\u00bb<\/span><\/a><\/p>\n","protected":false},"author":5,"featured_media":4146,"comment_status":"open","ping_status":"open","sticky":false,"template":"","format":"standard","meta":{"_uag_custom_page_level_css":"","advgb_blocks_editor_width":"","advgb_blocks_columns_visual_guide":"","footnotes":""},"categories":[1],"tags":[],"class_list":["post-4149","post","type-post","status-publish","format-standard","has-post-thumbnail","hentry","category-noticias"],"author_meta":{"display_name":"Mireia Zaragoza","author_link":"https:\/\/www.ametllerorigenwp.com\/es\/author\/mzaragoza\/"},"featured_img":"https:\/\/www.ametllerorigenwp.com\/wp-content\/uploads\/2021\/12\/Mandarines-300x102.jpg","uagb_featured_image_src":{"full":["https:\/\/www.ametllerorigenwp.com\/wp-content\/uploads\/2021\/12\/Mandarines.jpg",1001,340,false],"thumbnail":["https:\/\/www.ametllerorigenwp.com\/wp-content\/uploads\/2021\/12\/Mandarines-150x150.jpg",150,150,true],"medium":["https:\/\/www.ametllerorigenwp.com\/wp-content\/uploads\/2021\/12\/Mandarines-300x102.jpg",300,102,true],"medium_large":["https:\/\/www.ametllerorigenwp.com\/wp-content\/uploads\/2021\/12\/Mandarines-768x261.jpg",768,261,true],"large":["https:\/\/www.ametllerorigenwp.com\/wp-content\/uploads\/2021\/12\/Mandarines.jpg",840,285,false],"1536x1536":["https:\/\/www.ametllerorigenwp.com\/wp-content\/uploads\/2021\/12\/Mandarines.jpg",1001,340,false],"2048x2048":["https:\/\/www.ametllerorigenwp.com\/wp-content\/uploads\/2021\/12\/Mandarines.jpg",1001,340,false],"post-thumbnail":["https:\/\/www.ametllerorigenwp.com\/wp-content\/uploads\/2021\/12\/Mandarines.jpg",1001,340,false]},"uagb_author_info":{"display_name":"Mireia Zaragoza","author_link":"https:\/\/www.ametllerorigenwp.com\/es\/author\/mzaragoza\/"},"uagb_comment_info":0,"uagb_excerpt":"\u00bfEres fan de los c\u00edtricos? Tenemos naranjas y mandarinas directas de nuestros campos con una dulzura espectacular, porque las dejamos madurar en el \u00e1rbol y las recolectamos en su punto \u00f3ptimo de maduraci\u00f3n. &nbsp; Y no te dejes llevar por la apariencia y ay\u00fadanos a luchar contra el desperdicio alimentario. Si ves algunas naranjas o&hellip;","coauthors":[],"tax_additional":{"categories":{"linked":["<a href=\"https:\/\/www.ametllerorigenwp.com\/es\/category\/noticias\/\" class=\"advgb-post-tax-term\">Noticias<\/a>"],"unlinked":["<span class=\"advgb-post-tax-term\">Noticias<\/span>"]}},"comment_count":"0","relative_dates":{"created":"Publicado 4 a\u00f1os hace","modified":"Actualizado 4 a\u00f1os hace"},"absolute_dates":{"created":"Publicado el 2 de diciembre de 2021","modified":"Actualizado el 2 de diciembre de 2021"},"absolute_dates_time":{"created":"Publicado el 2 de diciembre de 2021 16:01","modified":"Actualizado el 2 de diciembre de 2021 17:18"},"featured_img_caption":"","series_order":"","show_in_app":true,"fecha_inicio_destacado":null,"hora_inicio_visualizacion":null,"minutos_inicio_visualizacion":null,"fecha_final_destacado":null,"hora_final_visualizacion":null,"minutos_final_visualizacion":null,"posicion_visualizacion":null,"estado_destacado":null,"niveles_destacados":null,"url_del_enlace":null,"banner_destacado":null,"posicion_visualizacion_de_la_noticia":null,"estado_noticia":null,"fecha_de_inicio_de_visualizacion_del_tutorial":null,"hora_inicio_visualizacion_tutorial":null,"minutos_inicio_visualizacion_tutorial":null,"fecha_de_final_de_visualizacion_del_tutorial":null,"hora_final_visualizacion_tutorial":null,"minutos_final_visualizacion_tutorial":null,"numero_de_veces_visto":null,"numero_de_veces_total":null,"niveles_tutorial":null,"tutorial_recursos_castellano":null,"tutorial_recursos_catalan":null,"dias_disponibles":null,"dias_de_la_semana":null,"dias_del_mes":null,"other_lang_post_id":null,"lang":"es","campanya_descripcion":null,"campanya_fecha_inicio":null,"campanya_fecha_fin":null,"campanya_legales":null,"campanya_imagen":null,"campanya_characteristics":null,"campanya_url":null,"campanya_posicion_visualizacion":null,"campanya_estado":null,"_links":{"self":[{"href":"https:\/\/www.ametllerorigenwp.com\/es\/wp-json\/wp\/v2\/posts\/4149","targetHints":{"allow":["GET"]}}],"collection":[{"href":"https:\/\/www.ametllerorigenwp.com\/es\/wp-json\/wp\/v2\/posts"}],"about":[{"href":"https:\/\/www.ametllerorigenwp.com\/es\/wp-json\/wp\/v2\/types\/post"}],"author":[{"embeddable":true,"href":"https:\/\/www.ametllerorigenwp.com\/es\/wp-json\/wp\/v2\/users\/5"}],"replies":[{"embeddable":true,"href":"https:\/\/www.ametllerorigenwp.com\/es\/wp-json\/wp\/v2\/comments?post=4149"}],"version-history":[{"count":1,"href":"https:\/\/www.ametllerorigenwp.com\/es\/wp-json\/wp\/v2\/posts\/4149\/revisions"}],"predecessor-version":[{"id":4150,"href":"https:\/\/www.ametllerorigenwp.com\/es\/wp-json\/wp\/v2\/posts\/4149\/revisions\/4150"}],"wp:featuredmedia":[{"embeddable":true,"href":"https:\/\/www.ametllerorigenwp.com\/es\/wp-json\/wp\/v2\/media\/4146"}],"wp:attachment":[{"href":"https:\/\/www.ametllerorigenwp.com\/es\/wp-json\/wp\/v2\/media?parent=4149"}],"wp:term":[{"taxonomy":"category","embeddable":true,"href":"https:\/\/www.ametllerorigenwp.com\/es\/wp-json\/wp\/v2\/categories?post=4149"},{"taxonomy":"post_tag","embeddable":true,"href":"https:\/\/www.ametllerorigenwp.com\/es\/wp-json\/wp\/v2\/tags?post=4149"}],"curies":[{"name":"wp","href":"https:\/\/api.w.org\/{rel}","templated":true}]}}