{"id":4168,"date":"2021-12-03T16:29:29","date_gmt":"2021-12-03T16:29:29","guid":{"rendered":"https:\/\/www.ametllerorigenwp.com\/?p=4168"},"modified":"2021-12-03T16:29:34","modified_gmt":"2021-12-03T16:29:34","slug":"ya-puedes-leer-el-segundo-numero-de-la-revista-fem-cami","status":"publish","type":"post","link":"https:\/\/www.ametllerorigenwp.com\/es\/ya-puedes-leer-el-segundo-numero-de-la-revista-fem-cami\/","title":{"rendered":"\u00a1Ya puedes leer el segundo n\u00famero de la revista Fem Cam\u00ed!"},"content":{"rendered":"\n<p><strong>Estamos muy contentos de presentarte el segundo n\u00famero de la revista Fem Cam\u00ed<\/strong>, la publicaci\u00f3n del movimiento con el que queremos avanzar hacia un mundo m\u00e1s saludable y sostenible, y que ya est\u00e1 disponible en nuestras tiendas f\u00edsicas y en la <a href=\"https:\/\/www.femcami.org\/es\/revista-fem-cami\/fem-cami-diciembre-2021\/\">tienda online<\/a>.<\/p>\n\n\n\n<p>En este segundo n\u00famero encontrar\u00e1s la entrevista de <strong>la periodista Agn\u00e8s Marqu\u00e8s al cocinero, Nandu Jubany, las recetas de temporada de Carme Ruscalleda y Ada Parellada, cinco propuestas de Buddha bowls, el men\u00fa de los 30 alimentos de origen vegetal y los art\u00edculos de Tom\u00e0s Molina, Empar Moliner, Antonio Cerrillo, Pep Nogu\u00e9 y Carlos Casabona<\/strong>.<\/p>\n\n\n\n<p>\u00a1Feliz lectura!<\/p>\n","protected":false},"excerpt":{"rendered":"<p>Estamos muy contentos de presentarte el segundo n\u00famero de la revista Fem Cam\u00ed, la publicaci\u00f3n del movimiento con el que queremos avanzar hacia un mundo m\u00e1s saludable y sostenible, y que ya est\u00e1 disponible en nuestras tiendas f\u00edsicas y en la tienda online. En este segundo n\u00famero encontrar\u00e1s la entrevista de la periodista Agn\u00e8s Marqu\u00e8s &hellip; <a href=\"https:\/\/www.ametllerorigenwp.com\/es\/ya-puedes-leer-el-segundo-numero-de-la-revista-fem-cami\/\" class=\"more-link\">Continuar leyendo<span class=\"screen-reader-text\"> \u00ab\u00a1Ya puedes leer el segundo n\u00famero de la revista Fem Cam\u00ed!\u00bb<\/span><\/a><\/p>\n","protected":false},"author":5,"featured_media":4165,"comment_status":"open","ping_status":"open","sticky":false,"template":"","format":"standard","meta":{"_uag_custom_page_level_css":"","advgb_blocks_editor_width":"","advgb_blocks_columns_visual_guide":"","footnotes":""},"categories":[1],"tags":[],"class_list":["post-4168","post","type-post","status-publish","format-standard","has-post-thumbnail","hentry","category-noticias"],"author_meta":{"display_name":"Mireia Zaragoza","author_link":"https:\/\/www.ametllerorigenwp.com\/es\/author\/mzaragoza\/"},"featured_img":"https:\/\/www.ametllerorigenwp.com\/wp-content\/uploads\/2021\/12\/App-Revista-300x102.jpg","uagb_featured_image_src":{"full":["https:\/\/www.ametllerorigenwp.com\/wp-content\/uploads\/2021\/12\/App-Revista.jpg",1000,340,false],"thumbnail":["https:\/\/www.ametllerorigenwp.com\/wp-content\/uploads\/2021\/12\/App-Revista-150x150.jpg",150,150,true],"medium":["https:\/\/www.ametllerorigenwp.com\/wp-content\/uploads\/2021\/12\/App-Revista-300x102.jpg",300,102,true],"medium_large":["https:\/\/www.ametllerorigenwp.com\/wp-content\/uploads\/2021\/12\/App-Revista-768x261.jpg",768,261,true],"large":["https:\/\/www.ametllerorigenwp.com\/wp-content\/uploads\/2021\/12\/App-Revista.jpg",840,286,false],"1536x1536":["https:\/\/www.ametllerorigenwp.com\/wp-content\/uploads\/2021\/12\/App-Revista.jpg",1000,340,false],"2048x2048":["https:\/\/www.ametllerorigenwp.com\/wp-content\/uploads\/2021\/12\/App-Revista.jpg",1000,340,false],"post-thumbnail":["https:\/\/www.ametllerorigenwp.com\/wp-content\/uploads\/2021\/12\/App-Revista.jpg",1000,340,false]},"uagb_author_info":{"display_name":"Mireia Zaragoza","author_link":"https:\/\/www.ametllerorigenwp.com\/es\/author\/mzaragoza\/"},"uagb_comment_info":0,"uagb_excerpt":"Estamos muy contentos de presentarte el segundo n\u00famero de la revista Fem Cam\u00ed, la publicaci\u00f3n del movimiento con el que queremos avanzar hacia un mundo m\u00e1s saludable y sostenible, y que ya est\u00e1 disponible en nuestras tiendas f\u00edsicas y en la tienda online. En este segundo n\u00famero encontrar\u00e1s la entrevista de la periodista Agn\u00e8s Marqu\u00e8s&hellip;","coauthors":[],"tax_additional":{"categories":{"linked":["<a href=\"https:\/\/www.ametllerorigenwp.com\/es\/category\/noticias\/\" class=\"advgb-post-tax-term\">Noticias<\/a>"],"unlinked":["<span class=\"advgb-post-tax-term\">Noticias<\/span>"]}},"comment_count":"0","relative_dates":{"created":"Publicado 4 a\u00f1os hace","modified":"Actualizado 4 a\u00f1os hace"},"absolute_dates":{"created":"Publicado el 3 de diciembre de 2021","modified":"Actualizado el 3 de diciembre de 2021"},"absolute_dates_time":{"created":"Publicado el 3 de diciembre de 2021 16:29","modified":"Actualizado el 3 de diciembre de 2021 16:29"},"featured_img_caption":"","series_order":"","show_in_app":true,"fecha_inicio_destacado":null,"hora_inicio_visualizacion":null,"minutos_inicio_visualizacion":null,"fecha_final_destacado":null,"hora_final_visualizacion":null,"minutos_final_visualizacion":null,"posicion_visualizacion":null,"estado_destacado":null,"niveles_destacados":null,"url_del_enlace":null,"banner_destacado":null,"posicion_visualizacion_de_la_noticia":null,"estado_noticia":null,"fecha_de_inicio_de_visualizacion_del_tutorial":null,"hora_inicio_visualizacion_tutorial":null,"minutos_inicio_visualizacion_tutorial":null,"fecha_de_final_de_visualizacion_del_tutorial":null,"hora_final_visualizacion_tutorial":null,"minutos_final_visualizacion_tutorial":null,"numero_de_veces_visto":null,"numero_de_veces_total":null,"niveles_tutorial":null,"tutorial_recursos_castellano":null,"tutorial_recursos_catalan":null,"dias_disponibles":null,"dias_de_la_semana":null,"dias_del_mes":null,"other_lang_post_id":null,"lang":"es","campanya_descripcion":null,"campanya_fecha_inicio":null,"campanya_fecha_fin":null,"campanya_legales":null,"campanya_imagen":null,"campanya_characteristics":null,"campanya_url":null,"campanya_posicion_visualizacion":null,"campanya_estado":null,"_links":{"self":[{"href":"https:\/\/www.ametllerorigenwp.com\/es\/wp-json\/wp\/v2\/posts\/4168","targetHints":{"allow":["GET"]}}],"collection":[{"href":"https:\/\/www.ametllerorigenwp.com\/es\/wp-json\/wp\/v2\/posts"}],"about":[{"href":"https:\/\/www.ametllerorigenwp.com\/es\/wp-json\/wp\/v2\/types\/post"}],"author":[{"embeddable":true,"href":"https:\/\/www.ametllerorigenwp.com\/es\/wp-json\/wp\/v2\/users\/5"}],"replies":[{"embeddable":true,"href":"https:\/\/www.ametllerorigenwp.com\/es\/wp-json\/wp\/v2\/comments?post=4168"}],"version-history":[{"count":2,"href":"https:\/\/www.ametllerorigenwp.com\/es\/wp-json\/wp\/v2\/posts\/4168\/revisions"}],"predecessor-version":[{"id":4170,"href":"https:\/\/www.ametllerorigenwp.com\/es\/wp-json\/wp\/v2\/posts\/4168\/revisions\/4170"}],"wp:featuredmedia":[{"embeddable":true,"href":"https:\/\/www.ametllerorigenwp.com\/es\/wp-json\/wp\/v2\/media\/4165"}],"wp:attachment":[{"href":"https:\/\/www.ametllerorigenwp.com\/es\/wp-json\/wp\/v2\/media?parent=4168"}],"wp:term":[{"taxonomy":"category","embeddable":true,"href":"https:\/\/www.ametllerorigenwp.com\/es\/wp-json\/wp\/v2\/categories?post=4168"},{"taxonomy":"post_tag","embeddable":true,"href":"https:\/\/www.ametllerorigenwp.com\/es\/wp-json\/wp\/v2\/tags?post=4168"}],"curies":[{"name":"wp","href":"https:\/\/api.w.org\/{rel}","templated":true}]}}