{"id":4216,"date":"2021-12-14T14:59:32","date_gmt":"2021-12-14T14:59:32","guid":{"rendered":"https:\/\/www.ametllerorigenwp.com\/?p=4216"},"modified":"2021-12-14T14:59:35","modified_gmt":"2021-12-14T14:59:35","slug":"quieres-disfrutar-de-un-maridaje-de-cava-y-fruta-apuntate","status":"publish","type":"post","link":"https:\/\/www.ametllerorigenwp.com\/es\/quieres-disfrutar-de-un-maridaje-de-cava-y-fruta-apuntate\/","title":{"rendered":"\u00bfQuieres disfrutar de un maridaje de cava y fruta? \u00a1Ap\u00fantate!"},"content":{"rendered":"\n<p>El pr\u00f3ximo <strong>lunes d\u00eda 20<\/strong>, a las 18 h, te invitamos a participar en <strong>el maridaje de cavas y fruta fresca y frutos secos<\/strong> que celebraremos en <strong>Ametller Origen Mercat d\u2019Autors<\/strong> (C\/Num\u00e0ncia, 47 Barcelona).<\/p>\n\n\n\n<p>Durante el maridaje, que estar\u00e1 dirigido por <strong>la sumiller Meritxell Falgueres<\/strong>, podr\u00e1s <strong>probar cuatro cavas combinados con cuatro platos de fruta fresca y frutos secos.<\/strong><\/p>\n\n\n\n<p><a href=\"https:\/\/www.femcami.org\/ca\/esdeveniment\/maridatge-de-caves-amb-fruita\/\">\u00a1Te esperamos!<\/a><\/p>\n","protected":false},"excerpt":{"rendered":"<p>El pr\u00f3ximo lunes d\u00eda 20, a las 18 h, te invitamos a participar en el maridaje de cavas y fruta fresca y frutos secos que celebraremos en Ametller Origen Mercat d\u2019Autors (C\/Num\u00e0ncia, 47 Barcelona). Durante el maridaje, que estar\u00e1 dirigido por la sumiller Meritxell Falgueres, podr\u00e1s probar cuatro cavas combinados con cuatro platos de fruta &hellip; <a href=\"https:\/\/www.ametllerorigenwp.com\/es\/quieres-disfrutar-de-un-maridaje-de-cava-y-fruta-apuntate\/\" class=\"more-link\">Continuar leyendo<span class=\"screen-reader-text\"> \u00ab\u00bfQuieres disfrutar de un maridaje de cava y fruta? \u00a1Ap\u00fantate!\u00bb<\/span><\/a><\/p>\n","protected":false},"author":5,"featured_media":4217,"comment_status":"open","ping_status":"open","sticky":false,"template":"","format":"standard","meta":{"_uag_custom_page_level_css":"","advgb_blocks_editor_width":"","advgb_blocks_columns_visual_guide":"","footnotes":""},"categories":[1],"tags":[],"class_list":["post-4216","post","type-post","status-publish","format-standard","has-post-thumbnail","hentry","category-noticias"],"author_meta":{"display_name":"Mireia Zaragoza","author_link":"https:\/\/www.ametllerorigenwp.com\/es\/author\/mzaragoza\/"},"featured_img":"https:\/\/www.ametllerorigenwp.com\/wp-content\/uploads\/2021\/12\/Nuevo-proyecto-24-300x102.jpg","uagb_featured_image_src":{"full":["https:\/\/www.ametllerorigenwp.com\/wp-content\/uploads\/2021\/12\/Nuevo-proyecto-24.jpg",1000,340,false],"thumbnail":["https:\/\/www.ametllerorigenwp.com\/wp-content\/uploads\/2021\/12\/Nuevo-proyecto-24-150x150.jpg",150,150,true],"medium":["https:\/\/www.ametllerorigenwp.com\/wp-content\/uploads\/2021\/12\/Nuevo-proyecto-24-300x102.jpg",300,102,true],"medium_large":["https:\/\/www.ametllerorigenwp.com\/wp-content\/uploads\/2021\/12\/Nuevo-proyecto-24-768x261.jpg",768,261,true],"large":["https:\/\/www.ametllerorigenwp.com\/wp-content\/uploads\/2021\/12\/Nuevo-proyecto-24.jpg",840,286,false],"1536x1536":["https:\/\/www.ametllerorigenwp.com\/wp-content\/uploads\/2021\/12\/Nuevo-proyecto-24.jpg",1000,340,false],"2048x2048":["https:\/\/www.ametllerorigenwp.com\/wp-content\/uploads\/2021\/12\/Nuevo-proyecto-24.jpg",1000,340,false],"post-thumbnail":["https:\/\/www.ametllerorigenwp.com\/wp-content\/uploads\/2021\/12\/Nuevo-proyecto-24.jpg",1000,340,false]},"uagb_author_info":{"display_name":"Mireia Zaragoza","author_link":"https:\/\/www.ametllerorigenwp.com\/es\/author\/mzaragoza\/"},"uagb_comment_info":0,"uagb_excerpt":"El pr\u00f3ximo lunes d\u00eda 20, a las 18 h, te invitamos a participar en el maridaje de cavas y fruta fresca y frutos secos que celebraremos en Ametller Origen Mercat d\u2019Autors (C\/Num\u00e0ncia, 47 Barcelona). Durante el maridaje, que estar\u00e1 dirigido por la sumiller Meritxell Falgueres, podr\u00e1s probar cuatro cavas combinados con cuatro platos de fruta&hellip;","coauthors":[],"tax_additional":{"categories":{"linked":["<a href=\"https:\/\/www.ametllerorigenwp.com\/es\/category\/noticias\/\" class=\"advgb-post-tax-term\">Noticias<\/a>"],"unlinked":["<span class=\"advgb-post-tax-term\">Noticias<\/span>"]}},"comment_count":"0","relative_dates":{"created":"Publicado 4 a\u00f1os hace","modified":"Actualizado 4 a\u00f1os hace"},"absolute_dates":{"created":"Publicado el 14 de diciembre de 2021","modified":"Actualizado el 14 de diciembre de 2021"},"absolute_dates_time":{"created":"Publicado el 14 de diciembre de 2021 14:59","modified":"Actualizado el 14 de diciembre de 2021 14:59"},"featured_img_caption":"","series_order":"","show_in_app":true,"fecha_inicio_destacado":null,"hora_inicio_visualizacion":null,"minutos_inicio_visualizacion":null,"fecha_final_destacado":null,"hora_final_visualizacion":null,"minutos_final_visualizacion":null,"posicion_visualizacion":null,"estado_destacado":null,"niveles_destacados":null,"url_del_enlace":null,"banner_destacado":null,"posicion_visualizacion_de_la_noticia":null,"estado_noticia":null,"fecha_de_inicio_de_visualizacion_del_tutorial":null,"hora_inicio_visualizacion_tutorial":null,"minutos_inicio_visualizacion_tutorial":null,"fecha_de_final_de_visualizacion_del_tutorial":null,"hora_final_visualizacion_tutorial":null,"minutos_final_visualizacion_tutorial":null,"numero_de_veces_visto":null,"numero_de_veces_total":null,"niveles_tutorial":null,"tutorial_recursos_castellano":null,"tutorial_recursos_catalan":null,"dias_disponibles":null,"dias_de_la_semana":null,"dias_del_mes":null,"other_lang_post_id":null,"lang":"es","campanya_descripcion":null,"campanya_fecha_inicio":null,"campanya_fecha_fin":null,"campanya_legales":null,"campanya_imagen":null,"campanya_characteristics":null,"campanya_url":null,"campanya_posicion_visualizacion":null,"campanya_estado":null,"_links":{"self":[{"href":"https:\/\/www.ametllerorigenwp.com\/es\/wp-json\/wp\/v2\/posts\/4216","targetHints":{"allow":["GET"]}}],"collection":[{"href":"https:\/\/www.ametllerorigenwp.com\/es\/wp-json\/wp\/v2\/posts"}],"about":[{"href":"https:\/\/www.ametllerorigenwp.com\/es\/wp-json\/wp\/v2\/types\/post"}],"author":[{"embeddable":true,"href":"https:\/\/www.ametllerorigenwp.com\/es\/wp-json\/wp\/v2\/users\/5"}],"replies":[{"embeddable":true,"href":"https:\/\/www.ametllerorigenwp.com\/es\/wp-json\/wp\/v2\/comments?post=4216"}],"version-history":[{"count":2,"href":"https:\/\/www.ametllerorigenwp.com\/es\/wp-json\/wp\/v2\/posts\/4216\/revisions"}],"predecessor-version":[{"id":4220,"href":"https:\/\/www.ametllerorigenwp.com\/es\/wp-json\/wp\/v2\/posts\/4216\/revisions\/4220"}],"wp:featuredmedia":[{"embeddable":true,"href":"https:\/\/www.ametllerorigenwp.com\/es\/wp-json\/wp\/v2\/media\/4217"}],"wp:attachment":[{"href":"https:\/\/www.ametllerorigenwp.com\/es\/wp-json\/wp\/v2\/media?parent=4216"}],"wp:term":[{"taxonomy":"category","embeddable":true,"href":"https:\/\/www.ametllerorigenwp.com\/es\/wp-json\/wp\/v2\/categories?post=4216"},{"taxonomy":"post_tag","embeddable":true,"href":"https:\/\/www.ametllerorigenwp.com\/es\/wp-json\/wp\/v2\/tags?post=4216"}],"curies":[{"name":"wp","href":"https:\/\/api.w.org\/{rel}","templated":true}]}}