{"id":4252,"date":"2021-12-17T14:27:48","date_gmt":"2021-12-17T14:27:48","guid":{"rendered":"https:\/\/www.ametllerorigenwp.com\/?p=4252"},"modified":"2021-12-17T14:27:51","modified_gmt":"2021-12-17T14:27:51","slug":"el-agroparc-penedes-galardonado-con-el-premio-alimentem-el-mon","status":"publish","type":"post","link":"https:\/\/www.ametllerorigenwp.com\/es\/el-agroparc-penedes-galardonado-con-el-premio-alimentem-el-mon\/","title":{"rendered":"El Agroparc Pened\u00e8s, galardonado con el premio \u2018Alimentem el m\u00f3n\u2019"},"content":{"rendered":"\n<p>El <strong>Col\u00b7legi Oficial d\u2019Enginyers Agr\u00f2noms de Catalunya ha reconocido el proyecto del Agroparc Pened\u00e8s con el \u2018IV Premi Alimentem el m\u00f3n\u2019 <\/strong>por ser una iniciativa que promueve el desarrollo sostenible en el sector de la agroalimentaci\u00f3n.<\/p>\n\n\n\n<p>El premio reconoce el esfuerzo del grupo por impulsar un nuevo modelo de producci\u00f3n alimentaria m\u00e1s eficiente y contribuir a afrontar los nuevos retos del sector. Asimismo, el jurado ha destacado el componente innovador del Agroparc Pened\u00e8s porque integra agricultura, ganader\u00eda, agroindustria y energ\u00edas renovables en un \u00fanico espacio y fomenta la sostenibilidad.<\/p>\n\n\n\n<p>El <strong>Agroparc Pened\u00e8s ser\u00e1 el primer distrito agroindustrial de energ\u00eda positiva y CO2 negativo<\/strong> con el que evitaremos la emisi\u00f3n de 1.400 toneladas de CO2 en un a\u00f1o.<\/p>\n","protected":false},"excerpt":{"rendered":"<p>El Col\u00b7legi Oficial d\u2019Enginyers Agr\u00f2noms de Catalunya ha reconocido el proyecto del Agroparc Pened\u00e8s con el \u2018IV Premi Alimentem el m\u00f3n\u2019 por ser una iniciativa que promueve el desarrollo sostenible en el sector de la agroalimentaci\u00f3n. El premio reconoce el esfuerzo del grupo por impulsar un nuevo modelo de producci\u00f3n alimentaria m\u00e1s eficiente y contribuir &hellip; <a href=\"https:\/\/www.ametllerorigenwp.com\/es\/el-agroparc-penedes-galardonado-con-el-premio-alimentem-el-mon\/\" class=\"more-link\">Continuar leyendo<span class=\"screen-reader-text\"> \u00abEl Agroparc Pened\u00e8s, galardonado con el premio \u2018Alimentem el m\u00f3n\u2019\u00bb<\/span><\/a><\/p>\n","protected":false},"author":5,"featured_media":3699,"comment_status":"open","ping_status":"open","sticky":false,"template":"","format":"standard","meta":{"_uag_custom_page_level_css":"","advgb_blocks_editor_width":"","advgb_blocks_columns_visual_guide":"","footnotes":""},"categories":[1],"tags":[],"class_list":["post-4252","post","type-post","status-publish","format-standard","has-post-thumbnail","hentry","category-noticias"],"author_meta":{"display_name":"Mireia Zaragoza","author_link":"https:\/\/www.ametllerorigenwp.com\/es\/author\/mzaragoza\/"},"featured_img":"https:\/\/www.ametllerorigenwp.com\/wp-content\/uploads\/2021\/10\/APPagroparc4-300x102.jpg","uagb_featured_image_src":{"full":["https:\/\/www.ametllerorigenwp.com\/wp-content\/uploads\/2021\/10\/APPagroparc4.jpg",1000,340,false],"thumbnail":["https:\/\/www.ametllerorigenwp.com\/wp-content\/uploads\/2021\/10\/APPagroparc4-150x150.jpg",150,150,true],"medium":["https:\/\/www.ametllerorigenwp.com\/wp-content\/uploads\/2021\/10\/APPagroparc4-300x102.jpg",300,102,true],"medium_large":["https:\/\/www.ametllerorigenwp.com\/wp-content\/uploads\/2021\/10\/APPagroparc4-768x261.jpg",768,261,true],"large":["https:\/\/www.ametllerorigenwp.com\/wp-content\/uploads\/2021\/10\/APPagroparc4.jpg",840,286,false],"1536x1536":["https:\/\/www.ametllerorigenwp.com\/wp-content\/uploads\/2021\/10\/APPagroparc4.jpg",1000,340,false],"2048x2048":["https:\/\/www.ametllerorigenwp.com\/wp-content\/uploads\/2021\/10\/APPagroparc4.jpg",1000,340,false],"post-thumbnail":["https:\/\/www.ametllerorigenwp.com\/wp-content\/uploads\/2021\/10\/APPagroparc4.jpg",1000,340,false]},"uagb_author_info":{"display_name":"Mireia Zaragoza","author_link":"https:\/\/www.ametllerorigenwp.com\/es\/author\/mzaragoza\/"},"uagb_comment_info":0,"uagb_excerpt":"El Col\u00b7legi Oficial d\u2019Enginyers Agr\u00f2noms de Catalunya ha reconocido el proyecto del Agroparc Pened\u00e8s con el \u2018IV Premi Alimentem el m\u00f3n\u2019 por ser una iniciativa que promueve el desarrollo sostenible en el sector de la agroalimentaci\u00f3n. El premio reconoce el esfuerzo del grupo por impulsar un nuevo modelo de producci\u00f3n alimentaria m\u00e1s eficiente y contribuir&hellip;","coauthors":[],"tax_additional":{"categories":{"linked":["<a href=\"https:\/\/www.ametllerorigenwp.com\/es\/category\/noticias\/\" class=\"advgb-post-tax-term\">Noticias<\/a>"],"unlinked":["<span class=\"advgb-post-tax-term\">Noticias<\/span>"]}},"comment_count":"0","relative_dates":{"created":"Publicado 4 a\u00f1os hace","modified":"Actualizado 4 a\u00f1os hace"},"absolute_dates":{"created":"Publicado el 17 de diciembre de 2021","modified":"Actualizado el 17 de diciembre de 2021"},"absolute_dates_time":{"created":"Publicado el 17 de diciembre de 2021 14:27","modified":"Actualizado el 17 de diciembre de 2021 14:27"},"featured_img_caption":"","series_order":"","show_in_app":true,"fecha_inicio_destacado":null,"hora_inicio_visualizacion":null,"minutos_inicio_visualizacion":null,"fecha_final_destacado":null,"hora_final_visualizacion":null,"minutos_final_visualizacion":null,"posicion_visualizacion":null,"estado_destacado":null,"niveles_destacados":null,"url_del_enlace":null,"banner_destacado":null,"posicion_visualizacion_de_la_noticia":null,"estado_noticia":null,"fecha_de_inicio_de_visualizacion_del_tutorial":null,"hora_inicio_visualizacion_tutorial":null,"minutos_inicio_visualizacion_tutorial":null,"fecha_de_final_de_visualizacion_del_tutorial":null,"hora_final_visualizacion_tutorial":null,"minutos_final_visualizacion_tutorial":null,"numero_de_veces_visto":null,"numero_de_veces_total":null,"niveles_tutorial":null,"tutorial_recursos_castellano":null,"tutorial_recursos_catalan":null,"dias_disponibles":null,"dias_de_la_semana":null,"dias_del_mes":null,"other_lang_post_id":null,"lang":"es","campanya_descripcion":null,"campanya_fecha_inicio":null,"campanya_fecha_fin":null,"campanya_legales":null,"campanya_imagen":null,"campanya_characteristics":null,"campanya_url":null,"campanya_posicion_visualizacion":null,"campanya_estado":null,"_links":{"self":[{"href":"https:\/\/www.ametllerorigenwp.com\/es\/wp-json\/wp\/v2\/posts\/4252","targetHints":{"allow":["GET"]}}],"collection":[{"href":"https:\/\/www.ametllerorigenwp.com\/es\/wp-json\/wp\/v2\/posts"}],"about":[{"href":"https:\/\/www.ametllerorigenwp.com\/es\/wp-json\/wp\/v2\/types\/post"}],"author":[{"embeddable":true,"href":"https:\/\/www.ametllerorigenwp.com\/es\/wp-json\/wp\/v2\/users\/5"}],"replies":[{"embeddable":true,"href":"https:\/\/www.ametllerorigenwp.com\/es\/wp-json\/wp\/v2\/comments?post=4252"}],"version-history":[{"count":1,"href":"https:\/\/www.ametllerorigenwp.com\/es\/wp-json\/wp\/v2\/posts\/4252\/revisions"}],"predecessor-version":[{"id":4253,"href":"https:\/\/www.ametllerorigenwp.com\/es\/wp-json\/wp\/v2\/posts\/4252\/revisions\/4253"}],"wp:featuredmedia":[{"embeddable":true,"href":"https:\/\/www.ametllerorigenwp.com\/es\/wp-json\/wp\/v2\/media\/3699"}],"wp:attachment":[{"href":"https:\/\/www.ametllerorigenwp.com\/es\/wp-json\/wp\/v2\/media?parent=4252"}],"wp:term":[{"taxonomy":"category","embeddable":true,"href":"https:\/\/www.ametllerorigenwp.com\/es\/wp-json\/wp\/v2\/categories?post=4252"},{"taxonomy":"post_tag","embeddable":true,"href":"https:\/\/www.ametllerorigenwp.com\/es\/wp-json\/wp\/v2\/tags?post=4252"}],"curies":[{"name":"wp","href":"https:\/\/api.w.org\/{rel}","templated":true}]}}