{"id":4278,"date":"2021-12-21T17:07:27","date_gmt":"2021-12-21T17:07:27","guid":{"rendered":"https:\/\/www.ametllerorigenwp.com\/?p=4278"},"modified":"2021-12-21T17:11:30","modified_gmt":"2021-12-21T17:11:30","slug":"el-movimiento-fem-cami-seleccionado-como-uno-de-los-101ejemplosporelclima","status":"publish","type":"post","link":"https:\/\/www.ametllerorigenwp.com\/es\/el-movimiento-fem-cami-seleccionado-como-uno-de-los-101ejemplosporelclima\/","title":{"rendered":"El movimiento Fem Cam\u00ed, seleccionado como uno de los #101EjemplosPorElClima"},"content":{"rendered":"\n<p><strong>La iniciativa Fem Cam\u00ed ha sido escogida como uno de los \u2018101 Ejemplos Empresariales de acciones #porelclima\u2019<\/strong> que otorga la comunidad #PorElClima, una alianza de diferentes actores que contribuye a la implementaci\u00f3n del Acuerdo de Par\u00eds en Espa\u00f1a. Esta entidad reconoce aquellas <strong>propuestas que trabajan para luchar contra la emergencia clim\u00e1tica e impulsan acciones de descarbonizaci\u00f3n<\/strong>.<\/p>\n\n\n\n<p>Con <strong>el objetivo de ser neutros en emisiones de CO2 en alcance 1,2 y 3 antes del a\u00f1o 2027, luchamos contra el desperdicio alimentario<\/strong> a trav\u00e9s de la donaci\u00f3n de alimentos con fecha de caducidad corta, y <strong>llevamos a cabo otras acciones para avanzar en esta direcci\u00f3n<\/strong>.<\/p>\n\n\n\n<p>\u00a1Lo puedes leer <a href=\"https:\/\/empresasporelclima.es\/empresas-comprometidas\/historias\/4773-0-desperdicio-alimentario\" target=\"_blank\" rel=\"noreferrer noopener\">aqu\u00ed<\/a>!<\/p>\n","protected":false},"excerpt":{"rendered":"<p>La iniciativa Fem Cam\u00ed ha sido escogida como uno de los \u2018101 Ejemplos Empresariales de acciones #porelclima\u2019 que otorga la comunidad #PorElClima, una alianza de diferentes actores que contribuye a la implementaci\u00f3n del Acuerdo de Par\u00eds en Espa\u00f1a. Esta entidad reconoce aquellas propuestas que trabajan para luchar contra la emergencia clim\u00e1tica e impulsan acciones de &hellip; <a href=\"https:\/\/www.ametllerorigenwp.com\/es\/el-movimiento-fem-cami-seleccionado-como-uno-de-los-101ejemplosporelclima\/\" class=\"more-link\">Continuar leyendo<span class=\"screen-reader-text\"> \u00abEl movimiento Fem Cam\u00ed, seleccionado como uno de los #101EjemplosPorElClima\u00bb<\/span><\/a><\/p>\n","protected":false},"author":5,"featured_media":1720,"comment_status":"open","ping_status":"open","sticky":false,"template":"","format":"standard","meta":{"_uag_custom_page_level_css":"","advgb_blocks_editor_width":"","advgb_blocks_columns_visual_guide":"","footnotes":""},"categories":[1],"tags":[],"class_list":["post-4278","post","type-post","status-publish","format-standard","has-post-thumbnail","hentry","category-noticias"],"author_meta":{"display_name":"Mireia Zaragoza","author_link":"https:\/\/www.ametllerorigenwp.com\/es\/author\/mzaragoza\/"},"featured_img":"https:\/\/www.ametllerorigenwp.com\/wp-content\/uploads\/2021\/04\/donacio-300x102.png","uagb_featured_image_src":{"full":["https:\/\/www.ametllerorigenwp.com\/wp-content\/uploads\/2021\/04\/donacio.png",1000,340,false],"thumbnail":["https:\/\/www.ametllerorigenwp.com\/wp-content\/uploads\/2021\/04\/donacio-150x150.png",150,150,true],"medium":["https:\/\/www.ametllerorigenwp.com\/wp-content\/uploads\/2021\/04\/donacio-300x102.png",300,102,true],"medium_large":["https:\/\/www.ametllerorigenwp.com\/wp-content\/uploads\/2021\/04\/donacio-768x261.png",768,261,true],"large":["https:\/\/www.ametllerorigenwp.com\/wp-content\/uploads\/2021\/04\/donacio.png",840,286,false],"1536x1536":["https:\/\/www.ametllerorigenwp.com\/wp-content\/uploads\/2021\/04\/donacio.png",1000,340,false],"2048x2048":["https:\/\/www.ametllerorigenwp.com\/wp-content\/uploads\/2021\/04\/donacio.png",1000,340,false],"post-thumbnail":["https:\/\/www.ametllerorigenwp.com\/wp-content\/uploads\/2021\/04\/donacio.png",1000,340,false]},"uagb_author_info":{"display_name":"Mireia Zaragoza","author_link":"https:\/\/www.ametllerorigenwp.com\/es\/author\/mzaragoza\/"},"uagb_comment_info":0,"uagb_excerpt":"La iniciativa Fem Cam\u00ed ha sido escogida como uno de los \u2018101 Ejemplos Empresariales de acciones #porelclima\u2019 que otorga la comunidad #PorElClima, una alianza de diferentes actores que contribuye a la implementaci\u00f3n del Acuerdo de Par\u00eds en Espa\u00f1a. Esta entidad reconoce aquellas propuestas que trabajan para luchar contra la emergencia clim\u00e1tica e impulsan acciones de&hellip;","coauthors":[],"tax_additional":{"categories":{"linked":["<a href=\"https:\/\/www.ametllerorigenwp.com\/es\/category\/noticias\/\" class=\"advgb-post-tax-term\">Noticias<\/a>"],"unlinked":["<span class=\"advgb-post-tax-term\">Noticias<\/span>"]}},"comment_count":"0","relative_dates":{"created":"Publicado 4 a\u00f1os hace","modified":"Actualizado 4 a\u00f1os hace"},"absolute_dates":{"created":"Publicado el 21 de diciembre de 2021","modified":"Actualizado el 21 de diciembre de 2021"},"absolute_dates_time":{"created":"Publicado el 21 de diciembre de 2021 17:07","modified":"Actualizado el 21 de diciembre de 2021 17:11"},"featured_img_caption":"","series_order":"","show_in_app":true,"fecha_inicio_destacado":null,"hora_inicio_visualizacion":null,"minutos_inicio_visualizacion":null,"fecha_final_destacado":null,"hora_final_visualizacion":null,"minutos_final_visualizacion":null,"posicion_visualizacion":null,"estado_destacado":null,"niveles_destacados":null,"url_del_enlace":null,"banner_destacado":null,"posicion_visualizacion_de_la_noticia":null,"estado_noticia":null,"fecha_de_inicio_de_visualizacion_del_tutorial":null,"hora_inicio_visualizacion_tutorial":null,"minutos_inicio_visualizacion_tutorial":null,"fecha_de_final_de_visualizacion_del_tutorial":null,"hora_final_visualizacion_tutorial":null,"minutos_final_visualizacion_tutorial":null,"numero_de_veces_visto":null,"numero_de_veces_total":null,"niveles_tutorial":null,"tutorial_recursos_castellano":null,"tutorial_recursos_catalan":null,"dias_disponibles":null,"dias_de_la_semana":null,"dias_del_mes":null,"other_lang_post_id":null,"lang":"es","campanya_descripcion":null,"campanya_fecha_inicio":null,"campanya_fecha_fin":null,"campanya_legales":null,"campanya_imagen":null,"campanya_characteristics":null,"campanya_url":null,"campanya_posicion_visualizacion":null,"campanya_estado":null,"_links":{"self":[{"href":"https:\/\/www.ametllerorigenwp.com\/es\/wp-json\/wp\/v2\/posts\/4278","targetHints":{"allow":["GET"]}}],"collection":[{"href":"https:\/\/www.ametllerorigenwp.com\/es\/wp-json\/wp\/v2\/posts"}],"about":[{"href":"https:\/\/www.ametllerorigenwp.com\/es\/wp-json\/wp\/v2\/types\/post"}],"author":[{"embeddable":true,"href":"https:\/\/www.ametllerorigenwp.com\/es\/wp-json\/wp\/v2\/users\/5"}],"replies":[{"embeddable":true,"href":"https:\/\/www.ametllerorigenwp.com\/es\/wp-json\/wp\/v2\/comments?post=4278"}],"version-history":[{"count":3,"href":"https:\/\/www.ametllerorigenwp.com\/es\/wp-json\/wp\/v2\/posts\/4278\/revisions"}],"predecessor-version":[{"id":4282,"href":"https:\/\/www.ametllerorigenwp.com\/es\/wp-json\/wp\/v2\/posts\/4278\/revisions\/4282"}],"wp:featuredmedia":[{"embeddable":true,"href":"https:\/\/www.ametllerorigenwp.com\/es\/wp-json\/wp\/v2\/media\/1720"}],"wp:attachment":[{"href":"https:\/\/www.ametllerorigenwp.com\/es\/wp-json\/wp\/v2\/media?parent=4278"}],"wp:term":[{"taxonomy":"category","embeddable":true,"href":"https:\/\/www.ametllerorigenwp.com\/es\/wp-json\/wp\/v2\/categories?post=4278"},{"taxonomy":"post_tag","embeddable":true,"href":"https:\/\/www.ametllerorigenwp.com\/es\/wp-json\/wp\/v2\/tags?post=4278"}],"curies":[{"name":"wp","href":"https:\/\/api.w.org\/{rel}","templated":true}]}}