{"id":4409,"date":"2022-01-11T21:08:38","date_gmt":"2022-01-11T21:08:38","guid":{"rendered":"https:\/\/www.ametllerorigenwp.com\/?p=4409"},"modified":"2022-01-11T21:08:43","modified_gmt":"2022-01-11T21:08:43","slug":"alimentemos-bien-a-los-mas-pequenos-son-nuestro-futuro","status":"publish","type":"post","link":"https:\/\/www.ametllerorigenwp.com\/es\/alimentemos-bien-a-los-mas-pequenos-son-nuestro-futuro\/","title":{"rendered":"Alimentemos bien a los m\u00e1s peque\u00f1os, son nuestro futuro"},"content":{"rendered":"\n<p>Una <strong>buena alimentaci\u00f3n es un factor clave para el desarrollo de los m\u00e1s peque\u00f1os<\/strong>, pues les <strong>aporta los nutrientes y las vitaminas necesarias para que est\u00e9n sanos y llenos de energ\u00eda<\/strong>.<\/p>\n\n\n\n<p>Te damos algunos consejos:<\/p>\n\n\n\n<ul class=\"wp-block-list\"><li><strong>Cocci\u00f3n de las verduras y hortalizas:<\/strong> al vapor o con poca agua y una cocci\u00f3n r\u00e1pida para minimizar la p\u00e9rdida de nutrientes<\/li><li><strong>Integral:<\/strong> el pan, la pasta y el arroz mejor integrales pues son m\u00e1s ricos en fibras y nutrientes<\/li><li><strong>Leche:<\/strong> introduce la leche de oveja y cabra a partir del a\u00f1o<\/li><li><strong>Dulce:<\/strong> no a\u00f1adas az\u00facar, miel ni edulcorantes en los alimentos de los lactantes<\/li><li><strong>Desayuno y merienda:<\/strong> prioriza la fruta fresca, el yogur natural y el pan, acompa\u00f1ados de agua<\/li><li><strong>Textura:<\/strong> es recomendable incorporar preparaciones alternativas al triturado para que el beb\u00e9 descubra nuevas texturas, colores y olores diferentes<\/li><\/ul>\n","protected":false},"excerpt":{"rendered":"<p>Una buena alimentaci\u00f3n es un factor clave para el desarrollo de los m\u00e1s peque\u00f1os, pues les aporta los nutrientes y las vitaminas necesarias para que est\u00e9n sanos y llenos de energ\u00eda. Te damos algunos consejos: Cocci\u00f3n de las verduras y hortalizas: al vapor o con poca agua y una cocci\u00f3n r\u00e1pida para minimizar la p\u00e9rdida &hellip; <a href=\"https:\/\/www.ametllerorigenwp.com\/es\/alimentemos-bien-a-los-mas-pequenos-son-nuestro-futuro\/\" class=\"more-link\">Continuar leyendo<span class=\"screen-reader-text\"> \u00abAlimentemos bien a los m\u00e1s peque\u00f1os, son nuestro futuro\u00bb<\/span><\/a><\/p>\n","protected":false},"author":5,"featured_media":4410,"comment_status":"open","ping_status":"open","sticky":false,"template":"","format":"standard","meta":{"_uag_custom_page_level_css":"","advgb_blocks_editor_width":"","advgb_blocks_columns_visual_guide":"","footnotes":""},"categories":[1],"tags":[],"class_list":["post-4409","post","type-post","status-publish","format-standard","has-post-thumbnail","hentry","category-noticias"],"author_meta":{"display_name":"Mireia Zaragoza","author_link":"https:\/\/www.ametllerorigenwp.com\/es\/author\/mzaragoza\/"},"featured_img":"https:\/\/www.ametllerorigenwp.com\/wp-content\/uploads\/2022\/01\/App_alimentacio-infantil-es-300x102.jpg","uagb_featured_image_src":{"full":["https:\/\/www.ametllerorigenwp.com\/wp-content\/uploads\/2022\/01\/App_alimentacio-infantil-es.jpg",1000,340,false],"thumbnail":["https:\/\/www.ametllerorigenwp.com\/wp-content\/uploads\/2022\/01\/App_alimentacio-infantil-es-150x150.jpg",150,150,true],"medium":["https:\/\/www.ametllerorigenwp.com\/wp-content\/uploads\/2022\/01\/App_alimentacio-infantil-es-300x102.jpg",300,102,true],"medium_large":["https:\/\/www.ametllerorigenwp.com\/wp-content\/uploads\/2022\/01\/App_alimentacio-infantil-es-768x261.jpg",768,261,true],"large":["https:\/\/www.ametllerorigenwp.com\/wp-content\/uploads\/2022\/01\/App_alimentacio-infantil-es.jpg",840,286,false],"1536x1536":["https:\/\/www.ametllerorigenwp.com\/wp-content\/uploads\/2022\/01\/App_alimentacio-infantil-es.jpg",1000,340,false],"2048x2048":["https:\/\/www.ametllerorigenwp.com\/wp-content\/uploads\/2022\/01\/App_alimentacio-infantil-es.jpg",1000,340,false],"post-thumbnail":["https:\/\/www.ametllerorigenwp.com\/wp-content\/uploads\/2022\/01\/App_alimentacio-infantil-es.jpg",1000,340,false]},"uagb_author_info":{"display_name":"Mireia Zaragoza","author_link":"https:\/\/www.ametllerorigenwp.com\/es\/author\/mzaragoza\/"},"uagb_comment_info":0,"uagb_excerpt":"Una buena alimentaci\u00f3n es un factor clave para el desarrollo de los m\u00e1s peque\u00f1os, pues les aporta los nutrientes y las vitaminas necesarias para que est\u00e9n sanos y llenos de energ\u00eda. Te damos algunos consejos: Cocci\u00f3n de las verduras y hortalizas: al vapor o con poca agua y una cocci\u00f3n r\u00e1pida para minimizar la p\u00e9rdida&hellip;","coauthors":[],"tax_additional":{"categories":{"linked":["<a href=\"https:\/\/www.ametllerorigenwp.com\/es\/category\/noticias\/\" class=\"advgb-post-tax-term\">Noticias<\/a>"],"unlinked":["<span class=\"advgb-post-tax-term\">Noticias<\/span>"]}},"comment_count":"0","relative_dates":{"created":"Publicado 4 a\u00f1os hace","modified":"Actualizado 4 a\u00f1os hace"},"absolute_dates":{"created":"Publicado el 11 de enero de 2022","modified":"Actualizado el 11 de enero de 2022"},"absolute_dates_time":{"created":"Publicado el 11 de enero de 2022 21:08","modified":"Actualizado el 11 de enero de 2022 21:08"},"featured_img_caption":"","series_order":"","show_in_app":true,"fecha_inicio_destacado":null,"hora_inicio_visualizacion":null,"minutos_inicio_visualizacion":null,"fecha_final_destacado":null,"hora_final_visualizacion":null,"minutos_final_visualizacion":null,"posicion_visualizacion":null,"estado_destacado":null,"niveles_destacados":null,"url_del_enlace":null,"banner_destacado":null,"posicion_visualizacion_de_la_noticia":null,"estado_noticia":null,"fecha_de_inicio_de_visualizacion_del_tutorial":null,"hora_inicio_visualizacion_tutorial":null,"minutos_inicio_visualizacion_tutorial":null,"fecha_de_final_de_visualizacion_del_tutorial":null,"hora_final_visualizacion_tutorial":null,"minutos_final_visualizacion_tutorial":null,"numero_de_veces_visto":null,"numero_de_veces_total":null,"niveles_tutorial":null,"tutorial_recursos_castellano":null,"tutorial_recursos_catalan":null,"dias_disponibles":null,"dias_de_la_semana":null,"dias_del_mes":null,"other_lang_post_id":null,"lang":"es","campanya_descripcion":null,"campanya_fecha_inicio":null,"campanya_fecha_fin":null,"campanya_legales":null,"campanya_imagen":null,"campanya_characteristics":null,"campanya_url":null,"campanya_posicion_visualizacion":null,"campanya_estado":null,"_links":{"self":[{"href":"https:\/\/www.ametllerorigenwp.com\/es\/wp-json\/wp\/v2\/posts\/4409","targetHints":{"allow":["GET"]}}],"collection":[{"href":"https:\/\/www.ametllerorigenwp.com\/es\/wp-json\/wp\/v2\/posts"}],"about":[{"href":"https:\/\/www.ametllerorigenwp.com\/es\/wp-json\/wp\/v2\/types\/post"}],"author":[{"embeddable":true,"href":"https:\/\/www.ametllerorigenwp.com\/es\/wp-json\/wp\/v2\/users\/5"}],"replies":[{"embeddable":true,"href":"https:\/\/www.ametllerorigenwp.com\/es\/wp-json\/wp\/v2\/comments?post=4409"}],"version-history":[{"count":1,"href":"https:\/\/www.ametllerorigenwp.com\/es\/wp-json\/wp\/v2\/posts\/4409\/revisions"}],"predecessor-version":[{"id":4412,"href":"https:\/\/www.ametllerorigenwp.com\/es\/wp-json\/wp\/v2\/posts\/4409\/revisions\/4412"}],"wp:featuredmedia":[{"embeddable":true,"href":"https:\/\/www.ametllerorigenwp.com\/es\/wp-json\/wp\/v2\/media\/4410"}],"wp:attachment":[{"href":"https:\/\/www.ametllerorigenwp.com\/es\/wp-json\/wp\/v2\/media?parent=4409"}],"wp:term":[{"taxonomy":"category","embeddable":true,"href":"https:\/\/www.ametllerorigenwp.com\/es\/wp-json\/wp\/v2\/categories?post=4409"},{"taxonomy":"post_tag","embeddable":true,"href":"https:\/\/www.ametllerorigenwp.com\/es\/wp-json\/wp\/v2\/tags?post=4409"}],"curies":[{"name":"wp","href":"https:\/\/api.w.org\/{rel}","templated":true}]}}