{"id":4455,"date":"2022-01-14T19:01:18","date_gmt":"2022-01-14T19:01:18","guid":{"rendered":"https:\/\/www.ametllerorigenwp.com\/?p=4455"},"modified":"2022-01-14T19:01:25","modified_gmt":"2022-01-14T19:01:25","slug":"crujientes-por-fuera-melosas-por-dentro-imposible-resistirse-a-una-buena-croqueta","status":"publish","type":"post","link":"https:\/\/www.ametllerorigenwp.com\/es\/crujientes-por-fuera-melosas-por-dentro-imposible-resistirse-a-una-buena-croqueta\/","title":{"rendered":"Crujientes por fuera, melosas por dentro: \u00a1imposible resistirse a una buena croqueta!"},"content":{"rendered":"\n<p>Ma\u00f1ana se celebra el <strong>D\u00eda Mundial de la Croqueta<\/strong>, una fecha dedicada a esta delicia culinaria. Y para que lo puedas celebrar de la mejor manera, te ofrecemos <strong>las mejores croquetas de asado, de gamba, de setas, de jam\u00f3n ib\u00e9rico, de pollo al ast, de jam\u00f3n dulce y queso<\/strong> y de temporada: <strong>la croqueta de cal\u00e7ots con salsa<\/strong>, elaboradas por el cocinero Nandu Jubany. Ya las puedes encontrar en tu tienda habitual y en la <a href=\"https:\/\/www.ametllerorigen.com\/es\/mercat-d-autors\/platos-tradicionales-nandu-jubany?sc=14\">tienda online<\/a>.<\/p>\n\n\n\n<p>\u00bfCu\u00e1l es tu preferida?<\/p>\n","protected":false},"excerpt":{"rendered":"<p>Ma\u00f1ana se celebra el D\u00eda Mundial de la Croqueta, una fecha dedicada a esta delicia culinaria. Y para que lo puedas celebrar de la mejor manera, te ofrecemos las mejores croquetas de asado, de gamba, de setas, de jam\u00f3n ib\u00e9rico, de pollo al ast, de jam\u00f3n dulce y queso y de temporada: la croqueta de &hellip; <a href=\"https:\/\/www.ametllerorigenwp.com\/es\/crujientes-por-fuera-melosas-por-dentro-imposible-resistirse-a-una-buena-croqueta\/\" class=\"more-link\">Continuar leyendo<span class=\"screen-reader-text\"> \u00abCrujientes por fuera, melosas por dentro: \u00a1imposible resistirse a una buena croqueta!\u00bb<\/span><\/a><\/p>\n","protected":false},"author":5,"featured_media":4449,"comment_status":"open","ping_status":"open","sticky":false,"template":"","format":"standard","meta":{"_uag_custom_page_level_css":"","advgb_blocks_editor_width":"","advgb_blocks_columns_visual_guide":"","footnotes":""},"categories":[1],"tags":[],"class_list":["post-4455","post","type-post","status-publish","format-standard","has-post-thumbnail","hentry","category-noticias"],"author_meta":{"display_name":"Mireia Zaragoza","author_link":"https:\/\/www.ametllerorigenwp.com\/es\/author\/mzaragoza\/"},"featured_img":"https:\/\/www.ametllerorigenwp.com\/wp-content\/uploads\/2022\/01\/APP_croquetes-300x102.jpg","uagb_featured_image_src":{"full":["https:\/\/www.ametllerorigenwp.com\/wp-content\/uploads\/2022\/01\/APP_croquetes.jpg",1000,340,false],"thumbnail":["https:\/\/www.ametllerorigenwp.com\/wp-content\/uploads\/2022\/01\/APP_croquetes-150x150.jpg",150,150,true],"medium":["https:\/\/www.ametllerorigenwp.com\/wp-content\/uploads\/2022\/01\/APP_croquetes-300x102.jpg",300,102,true],"medium_large":["https:\/\/www.ametllerorigenwp.com\/wp-content\/uploads\/2022\/01\/APP_croquetes-768x261.jpg",768,261,true],"large":["https:\/\/www.ametllerorigenwp.com\/wp-content\/uploads\/2022\/01\/APP_croquetes.jpg",840,286,false],"1536x1536":["https:\/\/www.ametllerorigenwp.com\/wp-content\/uploads\/2022\/01\/APP_croquetes.jpg",1000,340,false],"2048x2048":["https:\/\/www.ametllerorigenwp.com\/wp-content\/uploads\/2022\/01\/APP_croquetes.jpg",1000,340,false],"post-thumbnail":["https:\/\/www.ametllerorigenwp.com\/wp-content\/uploads\/2022\/01\/APP_croquetes.jpg",1000,340,false]},"uagb_author_info":{"display_name":"Mireia Zaragoza","author_link":"https:\/\/www.ametllerorigenwp.com\/es\/author\/mzaragoza\/"},"uagb_comment_info":2,"uagb_excerpt":"Ma\u00f1ana se celebra el D\u00eda Mundial de la Croqueta, una fecha dedicada a esta delicia culinaria. Y para que lo puedas celebrar de la mejor manera, te ofrecemos las mejores croquetas de asado, de gamba, de setas, de jam\u00f3n ib\u00e9rico, de pollo al ast, de jam\u00f3n dulce y queso y de temporada: la croqueta de&hellip;","coauthors":[],"tax_additional":{"categories":{"linked":["<a href=\"https:\/\/www.ametllerorigenwp.com\/es\/category\/noticias\/\" class=\"advgb-post-tax-term\">Noticias<\/a>"],"unlinked":["<span class=\"advgb-post-tax-term\">Noticias<\/span>"]}},"comment_count":"0","relative_dates":{"created":"Publicado 4 a\u00f1os hace","modified":"Actualizado 4 a\u00f1os hace"},"absolute_dates":{"created":"Publicado el 14 de enero de 2022","modified":"Actualizado el 14 de enero de 2022"},"absolute_dates_time":{"created":"Publicado el 14 de enero de 2022 19:01","modified":"Actualizado el 14 de enero de 2022 19:01"},"featured_img_caption":"","series_order":"","show_in_app":true,"fecha_inicio_destacado":null,"hora_inicio_visualizacion":null,"minutos_inicio_visualizacion":null,"fecha_final_destacado":null,"hora_final_visualizacion":null,"minutos_final_visualizacion":null,"posicion_visualizacion":null,"estado_destacado":null,"niveles_destacados":null,"url_del_enlace":null,"banner_destacado":null,"posicion_visualizacion_de_la_noticia":null,"estado_noticia":null,"fecha_de_inicio_de_visualizacion_del_tutorial":null,"hora_inicio_visualizacion_tutorial":null,"minutos_inicio_visualizacion_tutorial":null,"fecha_de_final_de_visualizacion_del_tutorial":null,"hora_final_visualizacion_tutorial":null,"minutos_final_visualizacion_tutorial":null,"numero_de_veces_visto":null,"numero_de_veces_total":null,"niveles_tutorial":null,"tutorial_recursos_castellano":null,"tutorial_recursos_catalan":null,"dias_disponibles":null,"dias_de_la_semana":null,"dias_del_mes":null,"other_lang_post_id":null,"lang":"es","campanya_descripcion":null,"campanya_fecha_inicio":null,"campanya_fecha_fin":null,"campanya_legales":null,"campanya_imagen":null,"campanya_characteristics":null,"campanya_url":null,"campanya_posicion_visualizacion":null,"campanya_estado":null,"_links":{"self":[{"href":"https:\/\/www.ametllerorigenwp.com\/es\/wp-json\/wp\/v2\/posts\/4455","targetHints":{"allow":["GET"]}}],"collection":[{"href":"https:\/\/www.ametllerorigenwp.com\/es\/wp-json\/wp\/v2\/posts"}],"about":[{"href":"https:\/\/www.ametllerorigenwp.com\/es\/wp-json\/wp\/v2\/types\/post"}],"author":[{"embeddable":true,"href":"https:\/\/www.ametllerorigenwp.com\/es\/wp-json\/wp\/v2\/users\/5"}],"replies":[{"embeddable":true,"href":"https:\/\/www.ametllerorigenwp.com\/es\/wp-json\/wp\/v2\/comments?post=4455"}],"version-history":[{"count":1,"href":"https:\/\/www.ametllerorigenwp.com\/es\/wp-json\/wp\/v2\/posts\/4455\/revisions"}],"predecessor-version":[{"id":4456,"href":"https:\/\/www.ametllerorigenwp.com\/es\/wp-json\/wp\/v2\/posts\/4455\/revisions\/4456"}],"wp:featuredmedia":[{"embeddable":true,"href":"https:\/\/www.ametllerorigenwp.com\/es\/wp-json\/wp\/v2\/media\/4449"}],"wp:attachment":[{"href":"https:\/\/www.ametllerorigenwp.com\/es\/wp-json\/wp\/v2\/media?parent=4455"}],"wp:term":[{"taxonomy":"category","embeddable":true,"href":"https:\/\/www.ametllerorigenwp.com\/es\/wp-json\/wp\/v2\/categories?post=4455"},{"taxonomy":"post_tag","embeddable":true,"href":"https:\/\/www.ametllerorigenwp.com\/es\/wp-json\/wp\/v2\/tags?post=4455"}],"curies":[{"name":"wp","href":"https:\/\/api.w.org\/{rel}","templated":true}]}}