{"id":4518,"date":"2022-01-21T16:58:31","date_gmt":"2022-01-21T16:58:31","guid":{"rendered":"https:\/\/www.ametllerorigenwp.com\/?p=4518"},"modified":"2022-01-21T16:59:43","modified_gmt":"2022-01-21T16:59:43","slug":"la-pera-fuente-de-fibra-y-potasio","status":"publish","type":"post","link":"https:\/\/www.ametllerorigenwp.com\/es\/la-pera-fuente-de-fibra-y-potasio\/","title":{"rendered":"La pera, fuente de fibra y potasio"},"content":{"rendered":"\n<p>\u00bfSab\u00edas que existen m\u00e1s de 30 variedades de pera? Entre las m\u00e1s conocidas encontramos <strong>la Conference, la Blanquilla, la Ercolina, la Limonera o la de San Juan. <\/strong>\u00bfCu\u00e1l es tu preferida?<\/p>\n\n\n\n<p>Esta <strong>fruta, de piel fina, pulpa jugosa y sabor dulce, es muy rica en nutrientes y muy saludable<\/strong>. Te explicamos sus beneficios:<\/p>\n\n\n\n<ul class=\"wp-block-list\"><li><strong>Fibra:<\/strong> te aporta una cantidad importante de fibra que te ayuda a regular tu tr\u00e1nsito intestinal, eliminar toxinas y evitar el estre\u00f1imiento.<\/li><li><strong>Potasio:<\/strong> es una de las frutas con m\u00e1s potasio, mineral que contribuye al buen funcionamiento del sistema nervioso y los m\u00fasculos.<\/li><li><strong>Vitamina C:<\/strong> potente antioxidante importante en el metabolismo y en la absorci\u00f3n intestinal del hierro.<\/li><\/ul>\n\n\n\n<p>Incorpora <a href=\"https:\/\/www.ametllerorigen.com\/es\/fruta\/manzanas-y-peras?sc=14\">esta fruta<\/a> en tu d\u00eda a d\u00eda y \u00a1enam\u00f3rate de su dulzura!<\/p>\n","protected":false},"excerpt":{"rendered":"<p>\u00bfSab\u00edas que existen m\u00e1s de 30 variedades de pera? Entre las m\u00e1s conocidas encontramos la Conference, la Blanquilla, la Ercolina, la Limonera o la de San Juan. \u00bfCu\u00e1l es tu preferida? Esta fruta, de piel fina, pulpa jugosa y sabor dulce, es muy rica en nutrientes y muy saludable. Te explicamos sus beneficios: Fibra: te &hellip; <a href=\"https:\/\/www.ametllerorigenwp.com\/es\/la-pera-fuente-de-fibra-y-potasio\/\" class=\"more-link\">Continuar leyendo<span class=\"screen-reader-text\"> \u00abLa pera, fuente de fibra y potasio\u00bb<\/span><\/a><\/p>\n","protected":false},"author":5,"featured_media":4513,"comment_status":"open","ping_status":"open","sticky":false,"template":"","format":"standard","meta":{"_uag_custom_page_level_css":"","advgb_blocks_editor_width":"","advgb_blocks_columns_visual_guide":"","footnotes":""},"categories":[1],"tags":[],"class_list":["post-4518","post","type-post","status-publish","format-standard","has-post-thumbnail","hentry","category-noticias"],"author_meta":{"display_name":"Mireia Zaragoza","author_link":"https:\/\/www.ametllerorigenwp.com\/es\/author\/mzaragoza\/"},"featured_img":"https:\/\/www.ametllerorigenwp.com\/wp-content\/uploads\/2022\/01\/Nuevo-proyecto-41-300x102.jpg","uagb_featured_image_src":{"full":["https:\/\/www.ametllerorigenwp.com\/wp-content\/uploads\/2022\/01\/Nuevo-proyecto-41.jpg",1000,340,false],"thumbnail":["https:\/\/www.ametllerorigenwp.com\/wp-content\/uploads\/2022\/01\/Nuevo-proyecto-41-150x150.jpg",150,150,true],"medium":["https:\/\/www.ametllerorigenwp.com\/wp-content\/uploads\/2022\/01\/Nuevo-proyecto-41-300x102.jpg",300,102,true],"medium_large":["https:\/\/www.ametllerorigenwp.com\/wp-content\/uploads\/2022\/01\/Nuevo-proyecto-41-768x261.jpg",768,261,true],"large":["https:\/\/www.ametllerorigenwp.com\/wp-content\/uploads\/2022\/01\/Nuevo-proyecto-41.jpg",840,286,false],"1536x1536":["https:\/\/www.ametllerorigenwp.com\/wp-content\/uploads\/2022\/01\/Nuevo-proyecto-41.jpg",1000,340,false],"2048x2048":["https:\/\/www.ametllerorigenwp.com\/wp-content\/uploads\/2022\/01\/Nuevo-proyecto-41.jpg",1000,340,false],"post-thumbnail":["https:\/\/www.ametllerorigenwp.com\/wp-content\/uploads\/2022\/01\/Nuevo-proyecto-41.jpg",1000,340,false]},"uagb_author_info":{"display_name":"Mireia Zaragoza","author_link":"https:\/\/www.ametllerorigenwp.com\/es\/author\/mzaragoza\/"},"uagb_comment_info":0,"uagb_excerpt":"\u00bfSab\u00edas que existen m\u00e1s de 30 variedades de pera? Entre las m\u00e1s conocidas encontramos la Conference, la Blanquilla, la Ercolina, la Limonera o la de San Juan. \u00bfCu\u00e1l es tu preferida? Esta fruta, de piel fina, pulpa jugosa y sabor dulce, es muy rica en nutrientes y muy saludable. Te explicamos sus beneficios: Fibra: te&hellip;","coauthors":[],"tax_additional":{"categories":{"linked":["<a href=\"https:\/\/www.ametllerorigenwp.com\/es\/category\/noticias\/\" class=\"advgb-post-tax-term\">Noticias<\/a>"],"unlinked":["<span class=\"advgb-post-tax-term\">Noticias<\/span>"]}},"comment_count":"0","relative_dates":{"created":"Publicado 4 a\u00f1os hace","modified":"Actualizado 4 a\u00f1os hace"},"absolute_dates":{"created":"Publicado el 21 de enero de 2022","modified":"Actualizado el 21 de enero de 2022"},"absolute_dates_time":{"created":"Publicado el 21 de enero de 2022 16:58","modified":"Actualizado el 21 de enero de 2022 16:59"},"featured_img_caption":"","series_order":"","show_in_app":true,"fecha_inicio_destacado":null,"hora_inicio_visualizacion":null,"minutos_inicio_visualizacion":null,"fecha_final_destacado":null,"hora_final_visualizacion":null,"minutos_final_visualizacion":null,"posicion_visualizacion":null,"estado_destacado":null,"niveles_destacados":null,"url_del_enlace":null,"banner_destacado":null,"posicion_visualizacion_de_la_noticia":null,"estado_noticia":null,"fecha_de_inicio_de_visualizacion_del_tutorial":null,"hora_inicio_visualizacion_tutorial":null,"minutos_inicio_visualizacion_tutorial":null,"fecha_de_final_de_visualizacion_del_tutorial":null,"hora_final_visualizacion_tutorial":null,"minutos_final_visualizacion_tutorial":null,"numero_de_veces_visto":null,"numero_de_veces_total":null,"niveles_tutorial":null,"tutorial_recursos_castellano":null,"tutorial_recursos_catalan":null,"dias_disponibles":null,"dias_de_la_semana":null,"dias_del_mes":null,"other_lang_post_id":null,"lang":"es","campanya_descripcion":null,"campanya_fecha_inicio":null,"campanya_fecha_fin":null,"campanya_legales":null,"campanya_imagen":null,"campanya_characteristics":null,"campanya_url":null,"campanya_posicion_visualizacion":null,"campanya_estado":null,"_links":{"self":[{"href":"https:\/\/www.ametllerorigenwp.com\/es\/wp-json\/wp\/v2\/posts\/4518","targetHints":{"allow":["GET"]}}],"collection":[{"href":"https:\/\/www.ametllerorigenwp.com\/es\/wp-json\/wp\/v2\/posts"}],"about":[{"href":"https:\/\/www.ametllerorigenwp.com\/es\/wp-json\/wp\/v2\/types\/post"}],"author":[{"embeddable":true,"href":"https:\/\/www.ametllerorigenwp.com\/es\/wp-json\/wp\/v2\/users\/5"}],"replies":[{"embeddable":true,"href":"https:\/\/www.ametllerorigenwp.com\/es\/wp-json\/wp\/v2\/comments?post=4518"}],"version-history":[{"count":2,"href":"https:\/\/www.ametllerorigenwp.com\/es\/wp-json\/wp\/v2\/posts\/4518\/revisions"}],"predecessor-version":[{"id":4521,"href":"https:\/\/www.ametllerorigenwp.com\/es\/wp-json\/wp\/v2\/posts\/4518\/revisions\/4521"}],"wp:featuredmedia":[{"embeddable":true,"href":"https:\/\/www.ametllerorigenwp.com\/es\/wp-json\/wp\/v2\/media\/4513"}],"wp:attachment":[{"href":"https:\/\/www.ametllerorigenwp.com\/es\/wp-json\/wp\/v2\/media?parent=4518"}],"wp:term":[{"taxonomy":"category","embeddable":true,"href":"https:\/\/www.ametllerorigenwp.com\/es\/wp-json\/wp\/v2\/categories?post=4518"},{"taxonomy":"post_tag","embeddable":true,"href":"https:\/\/www.ametllerorigenwp.com\/es\/wp-json\/wp\/v2\/tags?post=4518"}],"curies":[{"name":"wp","href":"https:\/\/api.w.org\/{rel}","templated":true}]}}