{"id":4607,"date":"2022-01-31T10:22:25","date_gmt":"2022-01-31T10:22:25","guid":{"rendered":"https:\/\/www.ametllerorigenwp.com\/?p=4607"},"modified":"2022-02-01T08:59:44","modified_gmt":"2022-02-01T08:59:44","slug":"la-importancia-del-tiempo-de-coccion-y-la-cantidad-de-agua-al-hervir-verduras","status":"publish","type":"post","link":"https:\/\/www.ametllerorigenwp.com\/es\/la-importancia-del-tiempo-de-coccion-y-la-cantidad-de-agua-al-hervir-verduras\/","title":{"rendered":"La importancia del tiempo de cocci\u00f3n y la cantidad de agua al hervir verduras"},"content":{"rendered":"\n<p><strong>\u00bfSab\u00edas que la p\u00e9rdida de vitaminas en el momento de hervir las verduras depender\u00e1 de la cantidad de agua que utilices y el tiempo de cocci\u00f3n?<\/strong> Nuestra recomendaci\u00f3n es <strong>hervir las verduras con poca agua<\/strong> y, si es posible, utilizando <strong>la olla expr\u00e9s para conservar al m\u00e1ximo sus propiedades<\/strong>. \u00bfQuieres saber cu\u00e1nto tiempo debe hervir cada verdura? \u00a1Te lo contamos <a href=\"https:\/\/www.instagram.com\/p\/CZNLcZWoMOx\/\">aqu\u00ed<\/a>!<\/p>\n\n\n\n<p>Y recuerda, <strong>tan importante es la cantidad de verduras que comes, como que esta sea variada y de diferentes colores y texturas. \u00a1Prioriza siempre la verdura de temporada!<\/strong><\/p>\n","protected":false},"excerpt":{"rendered":"<p>\u00bfSab\u00edas que la p\u00e9rdida de vitaminas en el momento de hervir las verduras depender\u00e1 de la cantidad de agua que utilices y el tiempo de cocci\u00f3n? Nuestra recomendaci\u00f3n es hervir las verduras con poca agua y, si es posible, utilizando la olla expr\u00e9s para conservar al m\u00e1ximo sus propiedades. \u00bfQuieres saber cu\u00e1nto tiempo debe hervir &hellip; <a href=\"https:\/\/www.ametllerorigenwp.com\/es\/la-importancia-del-tiempo-de-coccion-y-la-cantidad-de-agua-al-hervir-verduras\/\" class=\"more-link\">Continuar leyendo<span class=\"screen-reader-text\"> \u00abLa importancia del tiempo de cocci\u00f3n y la cantidad de agua al hervir verduras\u00bb<\/span><\/a><\/p>\n","protected":false},"author":3,"featured_media":4608,"comment_status":"open","ping_status":"open","sticky":false,"template":"","format":"standard","meta":{"_uag_custom_page_level_css":"","advgb_blocks_editor_width":"","advgb_blocks_columns_visual_guide":"","footnotes":""},"categories":[1],"tags":[],"class_list":["post-4607","post","type-post","status-publish","format-standard","has-post-thumbnail","hentry","category-noticias"],"author_meta":{"display_name":"Ametller Origen","author_link":"https:\/\/www.ametllerorigenwp.com\/es\/author\/ao_editor\/"},"featured_img":"https:\/\/www.ametllerorigenwp.com\/wp-content\/uploads\/2022\/01\/Portada-feed_ES-300x102.jpg","uagb_featured_image_src":{"full":["https:\/\/www.ametllerorigenwp.com\/wp-content\/uploads\/2022\/01\/Portada-feed_ES.jpg",1000,340,false],"thumbnail":["https:\/\/www.ametllerorigenwp.com\/wp-content\/uploads\/2022\/01\/Portada-feed_ES-150x150.jpg",150,150,true],"medium":["https:\/\/www.ametllerorigenwp.com\/wp-content\/uploads\/2022\/01\/Portada-feed_ES-300x102.jpg",300,102,true],"medium_large":["https:\/\/www.ametllerorigenwp.com\/wp-content\/uploads\/2022\/01\/Portada-feed_ES-768x261.jpg",768,261,true],"large":["https:\/\/www.ametllerorigenwp.com\/wp-content\/uploads\/2022\/01\/Portada-feed_ES.jpg",840,286,false],"1536x1536":["https:\/\/www.ametllerorigenwp.com\/wp-content\/uploads\/2022\/01\/Portada-feed_ES.jpg",1000,340,false],"2048x2048":["https:\/\/www.ametllerorigenwp.com\/wp-content\/uploads\/2022\/01\/Portada-feed_ES.jpg",1000,340,false],"post-thumbnail":["https:\/\/www.ametllerorigenwp.com\/wp-content\/uploads\/2022\/01\/Portada-feed_ES.jpg",1000,340,false]},"uagb_author_info":{"display_name":"Ametller Origen","author_link":"https:\/\/www.ametllerorigenwp.com\/es\/author\/ao_editor\/"},"uagb_comment_info":0,"uagb_excerpt":"\u00bfSab\u00edas que la p\u00e9rdida de vitaminas en el momento de hervir las verduras depender\u00e1 de la cantidad de agua que utilices y el tiempo de cocci\u00f3n? Nuestra recomendaci\u00f3n es hervir las verduras con poca agua y, si es posible, utilizando la olla expr\u00e9s para conservar al m\u00e1ximo sus propiedades. \u00bfQuieres saber cu\u00e1nto tiempo debe hervir&hellip;","coauthors":[],"tax_additional":{"categories":{"linked":["<a href=\"https:\/\/www.ametllerorigenwp.com\/es\/category\/noticias\/\" class=\"advgb-post-tax-term\">Noticias<\/a>"],"unlinked":["<span class=\"advgb-post-tax-term\">Noticias<\/span>"]}},"comment_count":"0","relative_dates":{"created":"Publicado 4 a\u00f1os hace","modified":"Actualizado 4 a\u00f1os hace"},"absolute_dates":{"created":"Publicado el 31 de enero de 2022","modified":"Actualizado el 1 de febrero de 2022"},"absolute_dates_time":{"created":"Publicado el 31 de enero de 2022 10:22","modified":"Actualizado el 1 de febrero de 2022 08:59"},"featured_img_caption":"","series_order":"","show_in_app":true,"fecha_inicio_destacado":null,"hora_inicio_visualizacion":null,"minutos_inicio_visualizacion":null,"fecha_final_destacado":null,"hora_final_visualizacion":null,"minutos_final_visualizacion":null,"posicion_visualizacion":null,"estado_destacado":null,"niveles_destacados":null,"url_del_enlace":null,"banner_destacado":null,"posicion_visualizacion_de_la_noticia":null,"estado_noticia":null,"fecha_de_inicio_de_visualizacion_del_tutorial":null,"hora_inicio_visualizacion_tutorial":null,"minutos_inicio_visualizacion_tutorial":null,"fecha_de_final_de_visualizacion_del_tutorial":null,"hora_final_visualizacion_tutorial":null,"minutos_final_visualizacion_tutorial":null,"numero_de_veces_visto":null,"numero_de_veces_total":null,"niveles_tutorial":null,"tutorial_recursos_castellano":null,"tutorial_recursos_catalan":null,"dias_disponibles":null,"dias_de_la_semana":null,"dias_del_mes":null,"other_lang_post_id":null,"lang":"es","campanya_descripcion":null,"campanya_fecha_inicio":null,"campanya_fecha_fin":null,"campanya_legales":null,"campanya_imagen":null,"campanya_characteristics":null,"campanya_url":null,"campanya_posicion_visualizacion":null,"campanya_estado":null,"_links":{"self":[{"href":"https:\/\/www.ametllerorigenwp.com\/es\/wp-json\/wp\/v2\/posts\/4607","targetHints":{"allow":["GET"]}}],"collection":[{"href":"https:\/\/www.ametllerorigenwp.com\/es\/wp-json\/wp\/v2\/posts"}],"about":[{"href":"https:\/\/www.ametllerorigenwp.com\/es\/wp-json\/wp\/v2\/types\/post"}],"author":[{"embeddable":true,"href":"https:\/\/www.ametllerorigenwp.com\/es\/wp-json\/wp\/v2\/users\/3"}],"replies":[{"embeddable":true,"href":"https:\/\/www.ametllerorigenwp.com\/es\/wp-json\/wp\/v2\/comments?post=4607"}],"version-history":[{"count":2,"href":"https:\/\/www.ametllerorigenwp.com\/es\/wp-json\/wp\/v2\/posts\/4607\/revisions"}],"predecessor-version":[{"id":4612,"href":"https:\/\/www.ametllerorigenwp.com\/es\/wp-json\/wp\/v2\/posts\/4607\/revisions\/4612"}],"wp:featuredmedia":[{"embeddable":true,"href":"https:\/\/www.ametllerorigenwp.com\/es\/wp-json\/wp\/v2\/media\/4608"}],"wp:attachment":[{"href":"https:\/\/www.ametllerorigenwp.com\/es\/wp-json\/wp\/v2\/media?parent=4607"}],"wp:term":[{"taxonomy":"category","embeddable":true,"href":"https:\/\/www.ametllerorigenwp.com\/es\/wp-json\/wp\/v2\/categories?post=4607"},{"taxonomy":"post_tag","embeddable":true,"href":"https:\/\/www.ametllerorigenwp.com\/es\/wp-json\/wp\/v2\/tags?post=4607"}],"curies":[{"name":"wp","href":"https:\/\/api.w.org\/{rel}","templated":true}]}}