{"id":4850,"date":"2022-03-03T17:34:16","date_gmt":"2022-03-03T17:34:16","guid":{"rendered":"https:\/\/www.ametllerorigenwp.com\/?p=4850"},"modified":"2022-03-09T16:51:55","modified_gmt":"2022-03-09T16:51:55","slug":"mas-de-23-000-escolares-se-benefician-del-programa-menja-sa-en-familia","status":"publish","type":"post","link":"https:\/\/www.ametllerorigenwp.com\/es\/mas-de-23-000-escolares-se-benefician-del-programa-menja-sa-en-familia\/","title":{"rendered":"M\u00e1s de 23.000 escolares se benefician del programa \u2018Menja sa en fam\u00edlia\u2019"},"content":{"rendered":"\n<p>Desde Ametller Origen impartimos, a trav\u00e9s de la Fundaci\u00f3 Ametller y con el apoyo del Departamento de Salud y Ense\u00f1anza de la Generalitat de Catalunya, <strong>un programa de educaci\u00f3n nutricional con el objetivo de promover un estilo de vida saludable y prevenir enfermedades cr\u00f3nicas como la obesidad<\/strong>.<\/p>\n\n\n\n<p>Seg\u00fan los \u00faltimos datos de la Encuesta de Salud de Catalu\u00f1a, la mitad de la poblaci\u00f3n mayor de edad y un 35,9% de los ni\u00f1os de 6 a 12 a\u00f1os tiene exceso de peso (un 24,4% tiene sobrepeso y un 11,7% obesidad). Hoy, coincidiendo con el D\u00eda Mundial de la Obesidad, queremos poner en valor la tarea que estamos llevando entre los escolares para <strong>transmitir la importancia de seguir unos h\u00e1bitos de vida saludables, fomentando una alimentaci\u00f3n variada, equilibrada y saludable<\/strong>. Desde hace 8 a\u00f1os <strong>llevamos a cabo el proyecto de educaci\u00f3n nutricional \u2018Menja sa en fam\u00edlia\u2019 con el cual hemos conseguido que m\u00e1s de 23.000 alumnos de m\u00e1s de 300 escuelas reciban una formaci\u00f3n nutricional b\u00e1sica<\/strong>.<\/p>\n\n\n\n<p>Los talleres, que se imparten por nutricionistas de la Fundaci\u00f3 Ametller, se llevan a cabo en las escuelas, y este a\u00f1o hemos puesto en marcha <strong>un nuevo programa que permite a los escolares visitar la tienda Ametller Origen Mercat de Autors<\/strong>, donde tienen la oportunidad de conocer de primera mano las frutas y verduras de temporada y preparar un desayuno saludable.<\/p>\n\n\n\n<p>\u00a1Seguimos avanzando hacia el mundo donde queremos vivir!<\/p>\n","protected":false},"excerpt":{"rendered":"<p>Desde Ametller Origen impartimos, a trav\u00e9s de la Fundaci\u00f3 Ametller y con el apoyo del Departamento de Salud y Ense\u00f1anza de la Generalitat de Catalunya, un programa de educaci\u00f3n nutricional con el objetivo de promover un estilo de vida saludable y prevenir enfermedades cr\u00f3nicas como la obesidad. Seg\u00fan los \u00faltimos datos de la Encuesta de &hellip; <a href=\"https:\/\/www.ametllerorigenwp.com\/es\/mas-de-23-000-escolares-se-benefician-del-programa-menja-sa-en-familia\/\" class=\"more-link\">Continuar leyendo<span class=\"screen-reader-text\"> \u00abM\u00e1s de 23.000 escolares se benefician del programa \u2018Menja sa en fam\u00edlia\u2019\u00bb<\/span><\/a><\/p>\n","protected":false},"author":3,"featured_media":4847,"comment_status":"open","ping_status":"open","sticky":false,"template":"","format":"standard","meta":{"_uag_custom_page_level_css":"","advgb_blocks_editor_width":"","advgb_blocks_columns_visual_guide":"","footnotes":""},"categories":[1],"tags":[],"class_list":["post-4850","post","type-post","status-publish","format-standard","has-post-thumbnail","hentry","category-noticias"],"author_meta":{"display_name":"Ametller Origen","author_link":"https:\/\/www.ametllerorigenwp.com\/es\/author\/ao_editor\/"},"featured_img":"https:\/\/www.ametllerorigenwp.com\/wp-content\/uploads\/2022\/03\/Nuevo-proyecto-53-300x102.jpg","uagb_featured_image_src":{"full":["https:\/\/www.ametllerorigenwp.com\/wp-content\/uploads\/2022\/03\/Nuevo-proyecto-53.jpg",1000,340,false],"thumbnail":["https:\/\/www.ametllerorigenwp.com\/wp-content\/uploads\/2022\/03\/Nuevo-proyecto-53-150x150.jpg",150,150,true],"medium":["https:\/\/www.ametllerorigenwp.com\/wp-content\/uploads\/2022\/03\/Nuevo-proyecto-53-300x102.jpg",300,102,true],"medium_large":["https:\/\/www.ametllerorigenwp.com\/wp-content\/uploads\/2022\/03\/Nuevo-proyecto-53-768x261.jpg",768,261,true],"large":["https:\/\/www.ametllerorigenwp.com\/wp-content\/uploads\/2022\/03\/Nuevo-proyecto-53.jpg",840,286,false],"1536x1536":["https:\/\/www.ametllerorigenwp.com\/wp-content\/uploads\/2022\/03\/Nuevo-proyecto-53.jpg",1000,340,false],"2048x2048":["https:\/\/www.ametllerorigenwp.com\/wp-content\/uploads\/2022\/03\/Nuevo-proyecto-53.jpg",1000,340,false],"post-thumbnail":["https:\/\/www.ametllerorigenwp.com\/wp-content\/uploads\/2022\/03\/Nuevo-proyecto-53.jpg",1000,340,false]},"uagb_author_info":{"display_name":"Ametller Origen","author_link":"https:\/\/www.ametllerorigenwp.com\/es\/author\/ao_editor\/"},"uagb_comment_info":0,"uagb_excerpt":"Desde Ametller Origen impartimos, a trav\u00e9s de la Fundaci\u00f3 Ametller y con el apoyo del Departamento de Salud y Ense\u00f1anza de la Generalitat de Catalunya, un programa de educaci\u00f3n nutricional con el objetivo de promover un estilo de vida saludable y prevenir enfermedades cr\u00f3nicas como la obesidad. Seg\u00fan los \u00faltimos datos de la Encuesta de&hellip;","coauthors":[],"tax_additional":{"categories":{"linked":["<a href=\"https:\/\/www.ametllerorigenwp.com\/es\/category\/noticias\/\" class=\"advgb-post-tax-term\">Noticias<\/a>"],"unlinked":["<span class=\"advgb-post-tax-term\">Noticias<\/span>"]}},"comment_count":"0","relative_dates":{"created":"Publicado 4 a\u00f1os hace","modified":"Actualizado 4 a\u00f1os hace"},"absolute_dates":{"created":"Publicado el 3 de marzo de 2022","modified":"Actualizado el 9 de marzo de 2022"},"absolute_dates_time":{"created":"Publicado el 3 de marzo de 2022 17:34","modified":"Actualizado el 9 de marzo de 2022 16:51"},"featured_img_caption":"","series_order":"","show_in_app":true,"fecha_inicio_destacado":null,"hora_inicio_visualizacion":null,"minutos_inicio_visualizacion":null,"fecha_final_destacado":null,"hora_final_visualizacion":null,"minutos_final_visualizacion":null,"posicion_visualizacion":null,"estado_destacado":null,"niveles_destacados":null,"url_del_enlace":null,"banner_destacado":null,"posicion_visualizacion_de_la_noticia":null,"estado_noticia":null,"fecha_de_inicio_de_visualizacion_del_tutorial":null,"hora_inicio_visualizacion_tutorial":null,"minutos_inicio_visualizacion_tutorial":null,"fecha_de_final_de_visualizacion_del_tutorial":null,"hora_final_visualizacion_tutorial":null,"minutos_final_visualizacion_tutorial":null,"numero_de_veces_visto":null,"numero_de_veces_total":null,"niveles_tutorial":null,"tutorial_recursos_castellano":null,"tutorial_recursos_catalan":null,"dias_disponibles":null,"dias_de_la_semana":null,"dias_del_mes":null,"other_lang_post_id":null,"lang":"es","campanya_descripcion":null,"campanya_fecha_inicio":null,"campanya_fecha_fin":null,"campanya_legales":null,"campanya_imagen":null,"campanya_characteristics":null,"campanya_url":null,"campanya_posicion_visualizacion":null,"campanya_estado":null,"_links":{"self":[{"href":"https:\/\/www.ametllerorigenwp.com\/es\/wp-json\/wp\/v2\/posts\/4850","targetHints":{"allow":["GET"]}}],"collection":[{"href":"https:\/\/www.ametllerorigenwp.com\/es\/wp-json\/wp\/v2\/posts"}],"about":[{"href":"https:\/\/www.ametllerorigenwp.com\/es\/wp-json\/wp\/v2\/types\/post"}],"author":[{"embeddable":true,"href":"https:\/\/www.ametllerorigenwp.com\/es\/wp-json\/wp\/v2\/users\/3"}],"replies":[{"embeddable":true,"href":"https:\/\/www.ametllerorigenwp.com\/es\/wp-json\/wp\/v2\/comments?post=4850"}],"version-history":[{"count":2,"href":"https:\/\/www.ametllerorigenwp.com\/es\/wp-json\/wp\/v2\/posts\/4850\/revisions"}],"predecessor-version":[{"id":4852,"href":"https:\/\/www.ametllerorigenwp.com\/es\/wp-json\/wp\/v2\/posts\/4850\/revisions\/4852"}],"wp:featuredmedia":[{"embeddable":true,"href":"https:\/\/www.ametllerorigenwp.com\/es\/wp-json\/wp\/v2\/media\/4847"}],"wp:attachment":[{"href":"https:\/\/www.ametllerorigenwp.com\/es\/wp-json\/wp\/v2\/media?parent=4850"}],"wp:term":[{"taxonomy":"category","embeddable":true,"href":"https:\/\/www.ametllerorigenwp.com\/es\/wp-json\/wp\/v2\/categories?post=4850"},{"taxonomy":"post_tag","embeddable":true,"href":"https:\/\/www.ametllerorigenwp.com\/es\/wp-json\/wp\/v2\/tags?post=4850"}],"curies":[{"name":"wp","href":"https:\/\/api.w.org\/{rel}","templated":true}]}}