{"id":4895,"date":"2022-03-10T14:57:39","date_gmt":"2022-03-10T14:57:39","guid":{"rendered":"https:\/\/www.ametllerorigenwp.com\/?p=4895"},"modified":"2022-03-10T14:58:18","modified_gmt":"2022-03-10T14:58:18","slug":"fem-cami-galardonado-con-el-premio-aster-de-esic","status":"publish","type":"post","link":"https:\/\/www.ametllerorigenwp.com\/es\/fem-cami-galardonado-con-el-premio-aster-de-esic\/","title":{"rendered":"Fem Cam\u00ed galardonado con el premio ASTER de ESIC"},"content":{"rendered":"\n<p>El <strong>movimiento Fem Cam\u00ed<\/strong>, que pusimos en marcha hace un a\u00f1o con el objetivo de seguir extendiendo nuestro prop\u00f3sito y avanzar hacia un mundo m\u00e1s saludable y sostenible, <strong>ha recibido el premio ASTER de ESIC de Marketing por defender un consumo sostenible y por su filosof\u00eda de negocio donde prevalece la contribuci\u00f3n social desde lo local.<\/strong><\/p>\n\n\n\n<p>La entrega de <strong>premios<\/strong>, que este a\u00f1o llegaba a la 39\u00aa edici\u00f3n, se celebr\u00f3 el pasado 4 de marzo y lo recogi\u00f3 el equipo de marca de Ametller Origen. Un premio que, sin ninguna duda, <strong>reconoce el esfuerzo que hacemos junto con nuestra comunidad para avanzar hacia un mundo m\u00e1s saludable y sostenible<\/strong>.<\/p>\n","protected":false},"excerpt":{"rendered":"<p>El movimiento Fem Cam\u00ed, que pusimos en marcha hace un a\u00f1o con el objetivo de seguir extendiendo nuestro prop\u00f3sito y avanzar hacia un mundo m\u00e1s saludable y sostenible, ha recibido el premio ASTER de ESIC de Marketing por defender un consumo sostenible y por su filosof\u00eda de negocio donde prevalece la contribuci\u00f3n social desde lo &hellip; <a href=\"https:\/\/www.ametllerorigenwp.com\/es\/fem-cami-galardonado-con-el-premio-aster-de-esic\/\" class=\"more-link\">Continuar leyendo<span class=\"screen-reader-text\"> \u00abFem Cam\u00ed galardonado con el premio ASTER de ESIC\u00bb<\/span><\/a><\/p>\n","protected":false},"author":3,"featured_media":4893,"comment_status":"open","ping_status":"open","sticky":false,"template":"","format":"standard","meta":{"_uag_custom_page_level_css":"","advgb_blocks_editor_width":"","advgb_blocks_columns_visual_guide":"","footnotes":""},"categories":[1],"tags":[],"class_list":["post-4895","post","type-post","status-publish","format-standard","has-post-thumbnail","hentry","category-noticias"],"author_meta":{"display_name":"Ametller Origen","author_link":"https:\/\/www.ametllerorigenwp.com\/es\/author\/ao_editor\/"},"featured_img":"https:\/\/www.ametllerorigenwp.com\/wp-content\/uploads\/2022\/03\/Nuevo-proyecto-56-300x102.jpg","uagb_featured_image_src":{"full":["https:\/\/www.ametllerorigenwp.com\/wp-content\/uploads\/2022\/03\/Nuevo-proyecto-56.jpg",1000,340,false],"thumbnail":["https:\/\/www.ametllerorigenwp.com\/wp-content\/uploads\/2022\/03\/Nuevo-proyecto-56-150x150.jpg",150,150,true],"medium":["https:\/\/www.ametllerorigenwp.com\/wp-content\/uploads\/2022\/03\/Nuevo-proyecto-56-300x102.jpg",300,102,true],"medium_large":["https:\/\/www.ametllerorigenwp.com\/wp-content\/uploads\/2022\/03\/Nuevo-proyecto-56-768x261.jpg",768,261,true],"large":["https:\/\/www.ametllerorigenwp.com\/wp-content\/uploads\/2022\/03\/Nuevo-proyecto-56.jpg",840,286,false],"1536x1536":["https:\/\/www.ametllerorigenwp.com\/wp-content\/uploads\/2022\/03\/Nuevo-proyecto-56.jpg",1000,340,false],"2048x2048":["https:\/\/www.ametllerorigenwp.com\/wp-content\/uploads\/2022\/03\/Nuevo-proyecto-56.jpg",1000,340,false],"post-thumbnail":["https:\/\/www.ametllerorigenwp.com\/wp-content\/uploads\/2022\/03\/Nuevo-proyecto-56.jpg",1000,340,false]},"uagb_author_info":{"display_name":"Ametller Origen","author_link":"https:\/\/www.ametllerorigenwp.com\/es\/author\/ao_editor\/"},"uagb_comment_info":0,"uagb_excerpt":"El movimiento Fem Cam\u00ed, que pusimos en marcha hace un a\u00f1o con el objetivo de seguir extendiendo nuestro prop\u00f3sito y avanzar hacia un mundo m\u00e1s saludable y sostenible, ha recibido el premio ASTER de ESIC de Marketing por defender un consumo sostenible y por su filosof\u00eda de negocio donde prevalece la contribuci\u00f3n social desde lo&hellip;","coauthors":[],"tax_additional":{"categories":{"linked":["<a href=\"https:\/\/www.ametllerorigenwp.com\/es\/category\/noticias\/\" class=\"advgb-post-tax-term\">Noticias<\/a>"],"unlinked":["<span class=\"advgb-post-tax-term\">Noticias<\/span>"]}},"comment_count":"0","relative_dates":{"created":"Publicado 4 a\u00f1os hace","modified":"Actualizado 4 a\u00f1os hace"},"absolute_dates":{"created":"Publicado el 10 de marzo de 2022","modified":"Actualizado el 10 de marzo de 2022"},"absolute_dates_time":{"created":"Publicado el 10 de marzo de 2022 14:57","modified":"Actualizado el 10 de marzo de 2022 14:58"},"featured_img_caption":"","series_order":"","show_in_app":true,"fecha_inicio_destacado":null,"hora_inicio_visualizacion":null,"minutos_inicio_visualizacion":null,"fecha_final_destacado":null,"hora_final_visualizacion":null,"minutos_final_visualizacion":null,"posicion_visualizacion":null,"estado_destacado":null,"niveles_destacados":null,"url_del_enlace":null,"banner_destacado":null,"posicion_visualizacion_de_la_noticia":null,"estado_noticia":null,"fecha_de_inicio_de_visualizacion_del_tutorial":null,"hora_inicio_visualizacion_tutorial":null,"minutos_inicio_visualizacion_tutorial":null,"fecha_de_final_de_visualizacion_del_tutorial":null,"hora_final_visualizacion_tutorial":null,"minutos_final_visualizacion_tutorial":null,"numero_de_veces_visto":null,"numero_de_veces_total":null,"niveles_tutorial":null,"tutorial_recursos_castellano":null,"tutorial_recursos_catalan":null,"dias_disponibles":null,"dias_de_la_semana":null,"dias_del_mes":null,"other_lang_post_id":null,"lang":"es","campanya_descripcion":null,"campanya_fecha_inicio":null,"campanya_fecha_fin":null,"campanya_legales":null,"campanya_imagen":null,"campanya_characteristics":null,"campanya_url":null,"campanya_posicion_visualizacion":null,"campanya_estado":null,"_links":{"self":[{"href":"https:\/\/www.ametllerorigenwp.com\/es\/wp-json\/wp\/v2\/posts\/4895","targetHints":{"allow":["GET"]}}],"collection":[{"href":"https:\/\/www.ametllerorigenwp.com\/es\/wp-json\/wp\/v2\/posts"}],"about":[{"href":"https:\/\/www.ametllerorigenwp.com\/es\/wp-json\/wp\/v2\/types\/post"}],"author":[{"embeddable":true,"href":"https:\/\/www.ametllerorigenwp.com\/es\/wp-json\/wp\/v2\/users\/3"}],"replies":[{"embeddable":true,"href":"https:\/\/www.ametllerorigenwp.com\/es\/wp-json\/wp\/v2\/comments?post=4895"}],"version-history":[{"count":2,"href":"https:\/\/www.ametllerorigenwp.com\/es\/wp-json\/wp\/v2\/posts\/4895\/revisions"}],"predecessor-version":[{"id":4897,"href":"https:\/\/www.ametllerorigenwp.com\/es\/wp-json\/wp\/v2\/posts\/4895\/revisions\/4897"}],"wp:featuredmedia":[{"embeddable":true,"href":"https:\/\/www.ametllerorigenwp.com\/es\/wp-json\/wp\/v2\/media\/4893"}],"wp:attachment":[{"href":"https:\/\/www.ametllerorigenwp.com\/es\/wp-json\/wp\/v2\/media?parent=4895"}],"wp:term":[{"taxonomy":"category","embeddable":true,"href":"https:\/\/www.ametllerorigenwp.com\/es\/wp-json\/wp\/v2\/categories?post=4895"},{"taxonomy":"post_tag","embeddable":true,"href":"https:\/\/www.ametllerorigenwp.com\/es\/wp-json\/wp\/v2\/tags?post=4895"}],"curies":[{"name":"wp","href":"https:\/\/api.w.org\/{rel}","templated":true}]}}