{"id":4989,"date":"2022-03-23T18:34:11","date_gmt":"2022-03-23T18:34:11","guid":{"rendered":"https:\/\/www.ametllerorigenwp.com\/?p=4989"},"modified":"2022-03-25T12:35:05","modified_gmt":"2022-03-25T12:35:05","slug":"como-preparar-una-merienda-saludable-para-tus-hijos-no-te-pierdas-este-taller","status":"publish","type":"post","link":"https:\/\/www.ametllerorigenwp.com\/es\/como-preparar-una-merienda-saludable-para-tus-hijos-no-te-pierdas-este-taller\/","title":{"rendered":"\u00bfC\u00f3mo preparar una merienda saludable para tus hijos? \u00a1No te pierdas este taller!"},"content":{"rendered":"\n<p>La <strong>merienda es una comida igual de importante para los m\u00e1s peque\u00f1os, como lo son el desayuno, la comida o la cena<\/strong>. Es por esto que debemos darles <strong>meriendas saludables y llenas de nutrientes<\/strong>. De la mano de la <strong>Dra. Eul\u00e0lia Vidal<\/strong>, coordinadora del consejo asesor de salud de Ametller Origen, y <strong>Cristina Gonz\u00e1lez-Campins<\/strong>, periodista y m\u00e1ster en nutrici\u00f3n y salud, hemos organizado <strong>un taller el pr\u00f3ximo martes 29 de marzo a las 18 h<\/strong> (Ametller Origen Mercat d\u2019Autors, C\/ Berl\u00edn, 53 Barcelona) donde <strong>te explicaremos por qu\u00e9 es tan relevante esta comida y qu\u00e9 les podemos ofrecer a los m\u00e1s peque\u00f1os<\/strong>.<\/p>\n\n\n\n<p>Posteriormente, con <strong>el cocinero Cintet prepararemos tres recetas sencillas, deliciosas y saludables<\/strong> para tus hijos, sobrinos o nietos para que despu\u00e9s las puedas poner en pr\u00e1ctica en casa.<\/p>\n\n\n\n<p><strong><a href=\"https:\/\/www.femcami.org\/ca\/esdeveniment\/masterclass-com-fer-un-berenar-saludable-pels-teus-fills\/\">\u00a1Ap\u00fantate!<\/a><\/strong><\/p>\n","protected":false},"excerpt":{"rendered":"<p>La merienda es una comida igual de importante para los m\u00e1s peque\u00f1os, como lo son el desayuno, la comida o la cena. Es por esto que debemos darles meriendas saludables y llenas de nutrientes. De la mano de la Dra. Eul\u00e0lia Vidal, coordinadora del consejo asesor de salud de Ametller Origen, y Cristina Gonz\u00e1lez-Campins, periodista &hellip; <a href=\"https:\/\/www.ametllerorigenwp.com\/es\/como-preparar-una-merienda-saludable-para-tus-hijos-no-te-pierdas-este-taller\/\" class=\"more-link\">Continuar leyendo<span class=\"screen-reader-text\"> \u00ab\u00bfC\u00f3mo preparar una merienda saludable para tus hijos? \u00a1No te pierdas este taller!\u00bb<\/span><\/a><\/p>\n","protected":false},"author":3,"featured_media":4982,"comment_status":"open","ping_status":"open","sticky":false,"template":"","format":"standard","meta":{"_uag_custom_page_level_css":"","advgb_blocks_editor_width":"","advgb_blocks_columns_visual_guide":"","footnotes":""},"categories":[1],"tags":[],"class_list":["post-4989","post","type-post","status-publish","format-standard","has-post-thumbnail","hentry","category-noticias"],"author_meta":{"display_name":"Ametller Origen","author_link":"https:\/\/www.ametllerorigenwp.com\/es\/author\/ao_editor\/"},"featured_img":"https:\/\/www.ametllerorigenwp.com\/wp-content\/uploads\/2022\/03\/Nuevo-proyecto-60-300x102.jpg","uagb_featured_image_src":{"full":["https:\/\/www.ametllerorigenwp.com\/wp-content\/uploads\/2022\/03\/Nuevo-proyecto-60.jpg",1000,340,false],"thumbnail":["https:\/\/www.ametllerorigenwp.com\/wp-content\/uploads\/2022\/03\/Nuevo-proyecto-60-150x150.jpg",150,150,true],"medium":["https:\/\/www.ametllerorigenwp.com\/wp-content\/uploads\/2022\/03\/Nuevo-proyecto-60-300x102.jpg",300,102,true],"medium_large":["https:\/\/www.ametllerorigenwp.com\/wp-content\/uploads\/2022\/03\/Nuevo-proyecto-60-768x261.jpg",768,261,true],"large":["https:\/\/www.ametllerorigenwp.com\/wp-content\/uploads\/2022\/03\/Nuevo-proyecto-60.jpg",840,286,false],"1536x1536":["https:\/\/www.ametllerorigenwp.com\/wp-content\/uploads\/2022\/03\/Nuevo-proyecto-60.jpg",1000,340,false],"2048x2048":["https:\/\/www.ametllerorigenwp.com\/wp-content\/uploads\/2022\/03\/Nuevo-proyecto-60.jpg",1000,340,false],"post-thumbnail":["https:\/\/www.ametllerorigenwp.com\/wp-content\/uploads\/2022\/03\/Nuevo-proyecto-60.jpg",1000,340,false]},"uagb_author_info":{"display_name":"Ametller Origen","author_link":"https:\/\/www.ametllerorigenwp.com\/es\/author\/ao_editor\/"},"uagb_comment_info":0,"uagb_excerpt":"La merienda es una comida igual de importante para los m\u00e1s peque\u00f1os, como lo son el desayuno, la comida o la cena. Es por esto que debemos darles meriendas saludables y llenas de nutrientes. De la mano de la Dra. Eul\u00e0lia Vidal, coordinadora del consejo asesor de salud de Ametller Origen, y Cristina Gonz\u00e1lez-Campins, periodista&hellip;","coauthors":[],"tax_additional":{"categories":{"linked":["<a href=\"https:\/\/www.ametllerorigenwp.com\/es\/category\/noticias\/\" class=\"advgb-post-tax-term\">Noticias<\/a>"],"unlinked":["<span class=\"advgb-post-tax-term\">Noticias<\/span>"]}},"comment_count":"0","relative_dates":{"created":"Publicado 4 a\u00f1os hace","modified":"Actualizado 4 a\u00f1os hace"},"absolute_dates":{"created":"Publicado el 23 de marzo de 2022","modified":"Actualizado el 25 de marzo de 2022"},"absolute_dates_time":{"created":"Publicado el 23 de marzo de 2022 18:34","modified":"Actualizado el 25 de marzo de 2022 12:35"},"featured_img_caption":"","series_order":"","show_in_app":true,"fecha_inicio_destacado":null,"hora_inicio_visualizacion":null,"minutos_inicio_visualizacion":null,"fecha_final_destacado":null,"hora_final_visualizacion":null,"minutos_final_visualizacion":null,"posicion_visualizacion":null,"estado_destacado":null,"niveles_destacados":null,"url_del_enlace":null,"banner_destacado":null,"posicion_visualizacion_de_la_noticia":null,"estado_noticia":null,"fecha_de_inicio_de_visualizacion_del_tutorial":null,"hora_inicio_visualizacion_tutorial":null,"minutos_inicio_visualizacion_tutorial":null,"fecha_de_final_de_visualizacion_del_tutorial":null,"hora_final_visualizacion_tutorial":null,"minutos_final_visualizacion_tutorial":null,"numero_de_veces_visto":null,"numero_de_veces_total":null,"niveles_tutorial":null,"tutorial_recursos_castellano":null,"tutorial_recursos_catalan":null,"dias_disponibles":null,"dias_de_la_semana":null,"dias_del_mes":null,"other_lang_post_id":null,"lang":"es","campanya_descripcion":null,"campanya_fecha_inicio":null,"campanya_fecha_fin":null,"campanya_legales":null,"campanya_imagen":null,"campanya_characteristics":null,"campanya_url":null,"campanya_posicion_visualizacion":null,"campanya_estado":null,"_links":{"self":[{"href":"https:\/\/www.ametllerorigenwp.com\/es\/wp-json\/wp\/v2\/posts\/4989","targetHints":{"allow":["GET"]}}],"collection":[{"href":"https:\/\/www.ametllerorigenwp.com\/es\/wp-json\/wp\/v2\/posts"}],"about":[{"href":"https:\/\/www.ametllerorigenwp.com\/es\/wp-json\/wp\/v2\/types\/post"}],"author":[{"embeddable":true,"href":"https:\/\/www.ametllerorigenwp.com\/es\/wp-json\/wp\/v2\/users\/3"}],"replies":[{"embeddable":true,"href":"https:\/\/www.ametllerorigenwp.com\/es\/wp-json\/wp\/v2\/comments?post=4989"}],"version-history":[{"count":2,"href":"https:\/\/www.ametllerorigenwp.com\/es\/wp-json\/wp\/v2\/posts\/4989\/revisions"}],"predecessor-version":[{"id":4991,"href":"https:\/\/www.ametllerorigenwp.com\/es\/wp-json\/wp\/v2\/posts\/4989\/revisions\/4991"}],"wp:featuredmedia":[{"embeddable":true,"href":"https:\/\/www.ametllerorigenwp.com\/es\/wp-json\/wp\/v2\/media\/4982"}],"wp:attachment":[{"href":"https:\/\/www.ametllerorigenwp.com\/es\/wp-json\/wp\/v2\/media?parent=4989"}],"wp:term":[{"taxonomy":"category","embeddable":true,"href":"https:\/\/www.ametllerorigenwp.com\/es\/wp-json\/wp\/v2\/categories?post=4989"},{"taxonomy":"post_tag","embeddable":true,"href":"https:\/\/www.ametllerorigenwp.com\/es\/wp-json\/wp\/v2\/tags?post=4989"}],"curies":[{"name":"wp","href":"https:\/\/api.w.org\/{rel}","templated":true}]}}