{"id":5157,"date":"2022-04-11T12:04:39","date_gmt":"2022-04-11T12:04:39","guid":{"rendered":"https:\/\/www.ametllerorigenwp.com\/?p=5157"},"modified":"2022-04-11T12:05:59","modified_gmt":"2022-04-11T12:05:59","slug":"fresas-una-de-las-frutas-con-mas-vitamina-c","status":"publish","type":"post","link":"https:\/\/www.ametllerorigenwp.com\/es\/fresas-una-de-las-frutas-con-mas-vitamina-c\/","title":{"rendered":"Fresas, una de las frutas con m\u00e1s vitamina C"},"content":{"rendered":"\n<p><strong>\u00bfSab\u00edas que las fresas te aportan m\u00e1s vitamina C que las naranjas?<\/strong> Concretamente, <strong>una raci\u00f3n media de fresas contiene 86 mg de esta vitamina<\/strong>, mientas que una naranja mediana te aporta 82 mg de vitamina C. Esta vitamina <strong>protege las c\u00e9lulas contra el envejecimiento y es un potente antioxidante<\/strong>. Asimismo, las fresas contienen <strong>varios \u00e1cidos org\u00e1nicos, que tambi\u00e9n son antioxidantes, y son fuente de fibra, que ayuda a tu salud digestiva<\/strong>.<\/p>\n\n\n\n<p><strong>\u00bfSabes por qu\u00e9 las fresas son rojas?<\/strong><\/p>\n\n\n\n<p>Se debe a <strong>los flavonoides,<\/strong> <strong>un pigmento vegetal que contienen y que son responsables de su color<\/strong>. Los flavonoides tambi\u00e9n dan color a los limones, las naranjas, las mandarinas o las cerezas.<\/p>\n\n\n\n<p>\u00a1Disfruta de <a href=\"https:\/\/www.ametllerorigen.com\/es\/freson-caja-1kg-aprox\/p\">las fresas<\/a> ahora que est\u00e1n de temporada!<\/p>\n","protected":false},"excerpt":{"rendered":"<p>\u00bfSab\u00edas que las fresas te aportan m\u00e1s vitamina C que las naranjas? Concretamente, una raci\u00f3n media de fresas contiene 86 mg de esta vitamina, mientas que una naranja mediana te aporta 82 mg de vitamina C. Esta vitamina protege las c\u00e9lulas contra el envejecimiento y es un potente antioxidante. Asimismo, las fresas contienen varios \u00e1cidos &hellip; <a href=\"https:\/\/www.ametllerorigenwp.com\/es\/fresas-una-de-las-frutas-con-mas-vitamina-c\/\" class=\"more-link\">Continuar leyendo<span class=\"screen-reader-text\"> \u00abFresas, una de las frutas con m\u00e1s vitamina C\u00bb<\/span><\/a><\/p>\n","protected":false},"author":5,"featured_media":5150,"comment_status":"open","ping_status":"open","sticky":false,"template":"","format":"standard","meta":{"_uag_custom_page_level_css":"","advgb_blocks_editor_width":"","advgb_blocks_columns_visual_guide":"","footnotes":""},"categories":[1],"tags":[],"class_list":["post-5157","post","type-post","status-publish","format-standard","has-post-thumbnail","hentry","category-noticias"],"author_meta":{"display_name":"Mireia Zaragoza","author_link":"https:\/\/www.ametllerorigenwp.com\/es\/author\/mzaragoza\/"},"featured_img":"https:\/\/www.ametllerorigenwp.com\/wp-content\/uploads\/2022\/04\/Maduixes_app-300x102.jpg","uagb_featured_image_src":{"full":["https:\/\/www.ametllerorigenwp.com\/wp-content\/uploads\/2022\/04\/Maduixes_app.jpg",1000,340,false],"thumbnail":["https:\/\/www.ametllerorigenwp.com\/wp-content\/uploads\/2022\/04\/Maduixes_app-150x150.jpg",150,150,true],"medium":["https:\/\/www.ametllerorigenwp.com\/wp-content\/uploads\/2022\/04\/Maduixes_app-300x102.jpg",300,102,true],"medium_large":["https:\/\/www.ametllerorigenwp.com\/wp-content\/uploads\/2022\/04\/Maduixes_app-768x261.jpg",768,261,true],"large":["https:\/\/www.ametllerorigenwp.com\/wp-content\/uploads\/2022\/04\/Maduixes_app.jpg",840,286,false],"1536x1536":["https:\/\/www.ametllerorigenwp.com\/wp-content\/uploads\/2022\/04\/Maduixes_app.jpg",1000,340,false],"2048x2048":["https:\/\/www.ametllerorigenwp.com\/wp-content\/uploads\/2022\/04\/Maduixes_app.jpg",1000,340,false],"post-thumbnail":["https:\/\/www.ametllerorigenwp.com\/wp-content\/uploads\/2022\/04\/Maduixes_app.jpg",1000,340,false]},"uagb_author_info":{"display_name":"Mireia Zaragoza","author_link":"https:\/\/www.ametllerorigenwp.com\/es\/author\/mzaragoza\/"},"uagb_comment_info":0,"uagb_excerpt":"\u00bfSab\u00edas que las fresas te aportan m\u00e1s vitamina C que las naranjas? Concretamente, una raci\u00f3n media de fresas contiene 86 mg de esta vitamina, mientas que una naranja mediana te aporta 82 mg de vitamina C. Esta vitamina protege las c\u00e9lulas contra el envejecimiento y es un potente antioxidante. Asimismo, las fresas contienen varios \u00e1cidos&hellip;","coauthors":[],"tax_additional":{"categories":{"linked":["<a href=\"https:\/\/www.ametllerorigenwp.com\/es\/category\/noticias\/\" class=\"advgb-post-tax-term\">Noticias<\/a>"],"unlinked":["<span class=\"advgb-post-tax-term\">Noticias<\/span>"]}},"comment_count":"0","relative_dates":{"created":"Publicado 4 a\u00f1os hace","modified":"Actualizado 4 a\u00f1os hace"},"absolute_dates":{"created":"Publicado el 11 de abril de 2022","modified":"Actualizado el 11 de abril de 2022"},"absolute_dates_time":{"created":"Publicado el 11 de abril de 2022 12:04","modified":"Actualizado el 11 de abril de 2022 12:05"},"featured_img_caption":"","series_order":"","show_in_app":true,"fecha_inicio_destacado":null,"hora_inicio_visualizacion":null,"minutos_inicio_visualizacion":null,"fecha_final_destacado":null,"hora_final_visualizacion":null,"minutos_final_visualizacion":null,"posicion_visualizacion":null,"estado_destacado":null,"niveles_destacados":null,"url_del_enlace":null,"banner_destacado":null,"posicion_visualizacion_de_la_noticia":null,"estado_noticia":null,"fecha_de_inicio_de_visualizacion_del_tutorial":null,"hora_inicio_visualizacion_tutorial":null,"minutos_inicio_visualizacion_tutorial":null,"fecha_de_final_de_visualizacion_del_tutorial":null,"hora_final_visualizacion_tutorial":null,"minutos_final_visualizacion_tutorial":null,"numero_de_veces_visto":null,"numero_de_veces_total":null,"niveles_tutorial":null,"tutorial_recursos_castellano":null,"tutorial_recursos_catalan":null,"dias_disponibles":null,"dias_de_la_semana":null,"dias_del_mes":null,"other_lang_post_id":null,"lang":"es","campanya_descripcion":null,"campanya_fecha_inicio":null,"campanya_fecha_fin":null,"campanya_legales":null,"campanya_imagen":null,"campanya_characteristics":null,"campanya_url":null,"campanya_posicion_visualizacion":null,"campanya_estado":null,"_links":{"self":[{"href":"https:\/\/www.ametllerorigenwp.com\/es\/wp-json\/wp\/v2\/posts\/5157","targetHints":{"allow":["GET"]}}],"collection":[{"href":"https:\/\/www.ametllerorigenwp.com\/es\/wp-json\/wp\/v2\/posts"}],"about":[{"href":"https:\/\/www.ametllerorigenwp.com\/es\/wp-json\/wp\/v2\/types\/post"}],"author":[{"embeddable":true,"href":"https:\/\/www.ametllerorigenwp.com\/es\/wp-json\/wp\/v2\/users\/5"}],"replies":[{"embeddable":true,"href":"https:\/\/www.ametllerorigenwp.com\/es\/wp-json\/wp\/v2\/comments?post=5157"}],"version-history":[{"count":2,"href":"https:\/\/www.ametllerorigenwp.com\/es\/wp-json\/wp\/v2\/posts\/5157\/revisions"}],"predecessor-version":[{"id":5162,"href":"https:\/\/www.ametllerorigenwp.com\/es\/wp-json\/wp\/v2\/posts\/5157\/revisions\/5162"}],"wp:featuredmedia":[{"embeddable":true,"href":"https:\/\/www.ametllerorigenwp.com\/es\/wp-json\/wp\/v2\/media\/5150"}],"wp:attachment":[{"href":"https:\/\/www.ametllerorigenwp.com\/es\/wp-json\/wp\/v2\/media?parent=5157"}],"wp:term":[{"taxonomy":"category","embeddable":true,"href":"https:\/\/www.ametllerorigenwp.com\/es\/wp-json\/wp\/v2\/categories?post=5157"},{"taxonomy":"post_tag","embeddable":true,"href":"https:\/\/www.ametllerorigenwp.com\/es\/wp-json\/wp\/v2\/tags?post=5157"}],"curies":[{"name":"wp","href":"https:\/\/api.w.org\/{rel}","templated":true}]}}