{"id":5253,"date":"2022-04-25T14:59:47","date_gmt":"2022-04-25T14:59:47","guid":{"rendered":"https:\/\/www.ametllerorigenwp.com\/?p=5253"},"modified":"2022-04-25T16:07:46","modified_gmt":"2022-04-25T16:07:46","slug":"las-personas-nuestro-mayor-valor","status":"publish","type":"post","link":"https:\/\/www.ametllerorigenwp.com\/es\/las-personas-nuestro-mayor-valor\/","title":{"rendered":"Las personas, nuestro mayor valor"},"content":{"rendered":"\n<p>Estamos muy satisfechos de ser la<strong> mejor empresa de distribuci\u00f3n alimentaria en Catalu\u00f1a para trabajar<\/strong>, seg\u00fan el ranking Merco Sectorial de Alimentaci\u00f3n 2022.<\/p>\n\n\n\n<p>Esta clasificaci\u00f3n, apoyada por la verificaci\u00f3n KPMG, tiene en cuenta la percepci\u00f3n de diferentes p\u00fablicos (colaboradores internos, universitarios, trabajadores en general, etc.) sobre la capacidad de una empresa para atraer y retener talento.<\/p>\n\n\n\n<p>Estamos muy satisfechos del resultado, que<strong> refuerza nuestro compromiso con los m\u00e1s de 3.100 ametllerencs y ametllerenques. Nuestra historia, evoluci\u00f3n y crecimiento no habr\u00eda sido posible sin nuestros colaboradores,<\/strong> personas entregadas y vitales, que nos han acompa\u00f1ado a lo largo de estos 20 a\u00f1os y <strong>que son nuestro mayor activo y responsables del \u00e9xito de la compa\u00f1\u00eda.<\/strong><\/p>\n","protected":false},"excerpt":{"rendered":"<p>Estamos muy satisfechos de ser la mejor empresa de distribuci\u00f3n alimentaria en Catalu\u00f1a para trabajar, seg\u00fan el ranking Merco Sectorial de Alimentaci\u00f3n 2022. Esta clasificaci\u00f3n, apoyada por la verificaci\u00f3n KPMG, tiene en cuenta la percepci\u00f3n de diferentes p\u00fablicos (colaboradores internos, universitarios, trabajadores en general, etc.) sobre la capacidad de una empresa para atraer y retener &hellip; <a href=\"https:\/\/www.ametllerorigenwp.com\/es\/las-personas-nuestro-mayor-valor\/\" class=\"more-link\">Continuar leyendo<span class=\"screen-reader-text\"> \u00abLas personas, nuestro mayor valor\u00bb<\/span><\/a><\/p>\n","protected":false},"author":5,"featured_media":5254,"comment_status":"open","ping_status":"open","sticky":false,"template":"","format":"standard","meta":{"_uag_custom_page_level_css":"","advgb_blocks_editor_width":"","advgb_blocks_columns_visual_guide":"","footnotes":""},"categories":[1],"tags":[],"class_list":["post-5253","post","type-post","status-publish","format-standard","has-post-thumbnail","hentry","category-noticias"],"author_meta":{"display_name":"Mireia Zaragoza","author_link":"https:\/\/www.ametllerorigenwp.com\/es\/author\/mzaragoza\/"},"featured_img":"https:\/\/www.ametllerorigenwp.com\/wp-content\/uploads\/2022\/04\/Merco-talent-ES-300x102.jpg","uagb_featured_image_src":{"full":["https:\/\/www.ametllerorigenwp.com\/wp-content\/uploads\/2022\/04\/Merco-talent-ES.jpg",1000,340,false],"thumbnail":["https:\/\/www.ametllerorigenwp.com\/wp-content\/uploads\/2022\/04\/Merco-talent-ES-150x150.jpg",150,150,true],"medium":["https:\/\/www.ametllerorigenwp.com\/wp-content\/uploads\/2022\/04\/Merco-talent-ES-300x102.jpg",300,102,true],"medium_large":["https:\/\/www.ametllerorigenwp.com\/wp-content\/uploads\/2022\/04\/Merco-talent-ES-768x261.jpg",768,261,true],"large":["https:\/\/www.ametllerorigenwp.com\/wp-content\/uploads\/2022\/04\/Merco-talent-ES.jpg",840,286,false],"1536x1536":["https:\/\/www.ametllerorigenwp.com\/wp-content\/uploads\/2022\/04\/Merco-talent-ES.jpg",1000,340,false],"2048x2048":["https:\/\/www.ametllerorigenwp.com\/wp-content\/uploads\/2022\/04\/Merco-talent-ES.jpg",1000,340,false],"post-thumbnail":["https:\/\/www.ametllerorigenwp.com\/wp-content\/uploads\/2022\/04\/Merco-talent-ES.jpg",1000,340,false]},"uagb_author_info":{"display_name":"Mireia Zaragoza","author_link":"https:\/\/www.ametllerorigenwp.com\/es\/author\/mzaragoza\/"},"uagb_comment_info":0,"uagb_excerpt":"Estamos muy satisfechos de ser la mejor empresa de distribuci\u00f3n alimentaria en Catalu\u00f1a para trabajar, seg\u00fan el ranking Merco Sectorial de Alimentaci\u00f3n 2022. Esta clasificaci\u00f3n, apoyada por la verificaci\u00f3n KPMG, tiene en cuenta la percepci\u00f3n de diferentes p\u00fablicos (colaboradores internos, universitarios, trabajadores en general, etc.) sobre la capacidad de una empresa para atraer y retener&hellip;","coauthors":[],"tax_additional":{"categories":{"linked":["<a href=\"https:\/\/www.ametllerorigenwp.com\/es\/category\/noticias\/\" class=\"advgb-post-tax-term\">Noticias<\/a>"],"unlinked":["<span class=\"advgb-post-tax-term\">Noticias<\/span>"]}},"comment_count":"0","relative_dates":{"created":"Publicado 4 a\u00f1os hace","modified":"Actualizado 4 a\u00f1os hace"},"absolute_dates":{"created":"Publicado el 25 de abril de 2022","modified":"Actualizado el 25 de abril de 2022"},"absolute_dates_time":{"created":"Publicado el 25 de abril de 2022 14:59","modified":"Actualizado el 25 de abril de 2022 16:07"},"featured_img_caption":"","series_order":"","show_in_app":true,"fecha_inicio_destacado":null,"hora_inicio_visualizacion":null,"minutos_inicio_visualizacion":null,"fecha_final_destacado":null,"hora_final_visualizacion":null,"minutos_final_visualizacion":null,"posicion_visualizacion":null,"estado_destacado":null,"niveles_destacados":null,"url_del_enlace":null,"banner_destacado":null,"posicion_visualizacion_de_la_noticia":null,"estado_noticia":null,"fecha_de_inicio_de_visualizacion_del_tutorial":null,"hora_inicio_visualizacion_tutorial":null,"minutos_inicio_visualizacion_tutorial":null,"fecha_de_final_de_visualizacion_del_tutorial":null,"hora_final_visualizacion_tutorial":null,"minutos_final_visualizacion_tutorial":null,"numero_de_veces_visto":null,"numero_de_veces_total":null,"niveles_tutorial":null,"tutorial_recursos_castellano":null,"tutorial_recursos_catalan":null,"dias_disponibles":null,"dias_de_la_semana":null,"dias_del_mes":null,"other_lang_post_id":null,"lang":"es","campanya_descripcion":null,"campanya_fecha_inicio":null,"campanya_fecha_fin":null,"campanya_legales":null,"campanya_imagen":null,"campanya_characteristics":null,"campanya_url":null,"campanya_posicion_visualizacion":null,"campanya_estado":null,"_links":{"self":[{"href":"https:\/\/www.ametllerorigenwp.com\/es\/wp-json\/wp\/v2\/posts\/5253","targetHints":{"allow":["GET"]}}],"collection":[{"href":"https:\/\/www.ametllerorigenwp.com\/es\/wp-json\/wp\/v2\/posts"}],"about":[{"href":"https:\/\/www.ametllerorigenwp.com\/es\/wp-json\/wp\/v2\/types\/post"}],"author":[{"embeddable":true,"href":"https:\/\/www.ametllerorigenwp.com\/es\/wp-json\/wp\/v2\/users\/5"}],"replies":[{"embeddable":true,"href":"https:\/\/www.ametllerorigenwp.com\/es\/wp-json\/wp\/v2\/comments?post=5253"}],"version-history":[{"count":2,"href":"https:\/\/www.ametllerorigenwp.com\/es\/wp-json\/wp\/v2\/posts\/5253\/revisions"}],"predecessor-version":[{"id":5258,"href":"https:\/\/www.ametllerorigenwp.com\/es\/wp-json\/wp\/v2\/posts\/5253\/revisions\/5258"}],"wp:featuredmedia":[{"embeddable":true,"href":"https:\/\/www.ametllerorigenwp.com\/es\/wp-json\/wp\/v2\/media\/5254"}],"wp:attachment":[{"href":"https:\/\/www.ametllerorigenwp.com\/es\/wp-json\/wp\/v2\/media?parent=5253"}],"wp:term":[{"taxonomy":"category","embeddable":true,"href":"https:\/\/www.ametllerorigenwp.com\/es\/wp-json\/wp\/v2\/categories?post=5253"},{"taxonomy":"post_tag","embeddable":true,"href":"https:\/\/www.ametllerorigenwp.com\/es\/wp-json\/wp\/v2\/tags?post=5253"}],"curies":[{"name":"wp","href":"https:\/\/api.w.org\/{rel}","templated":true}]}}