{"id":5489,"date":"2022-05-25T16:18:13","date_gmt":"2022-05-25T16:18:13","guid":{"rendered":"https:\/\/www.ametllerorigenwp.com\/?p=5489"},"modified":"2022-05-25T16:19:44","modified_gmt":"2022-05-25T16:19:44","slug":"ya-esta-aqui-nuestro-famoso-albaricoque","status":"publish","type":"post","link":"https:\/\/www.ametllerorigenwp.com\/es\/ya-esta-aqui-nuestro-famoso-albaricoque\/","title":{"rendered":"\u00a1Ya est\u00e1 aqu\u00ed nuestro famoso albaricoque!"},"content":{"rendered":"\n<p><strong>Lo est\u00e1bamos esperando con impaciencia, pero ya lo tenemos aqu\u00ed. <a href=\"https:\/\/www.ametllerorigen.com\/es\/fruta\/melocotones-y-albaricoques\">Nuestro albaricoque<\/a> con m\u00e1s sabor y de cosecha propia. Carnoso, dulce y arom\u00e1tico. Todos nuestros albaricoques son un mordisco con sabor a verano.<\/strong><\/p>\n\n\n\n<p>En relaci\u00f3n con sus beneficios, esta fruta destaca por su elevado contenido de <strong>vitamina A<\/strong> en forma de betacaroteno, que tiene potentes efectos antioxidantes y que te ayuda a proteger la vista y la piel. Asimismo, tambi\u00e9n destaca por su contenido en <strong>potasio<\/strong>, que contribuye al buen funcionamiento del sistema nervioso y de los m\u00fasculos, y <strong>vitamina C, <\/strong>que protege las c\u00e9lulas contra el envejecimiento prematuro.<\/p>\n\n\n\n<p>\u00a1Disfruta de los albaricoques ahora que est\u00e1n de temporada!<\/p>\n","protected":false},"excerpt":{"rendered":"<p>Lo est\u00e1bamos esperando con impaciencia, pero ya lo tenemos aqu\u00ed. Nuestro albaricoque con m\u00e1s sabor y de cosecha propia. Carnoso, dulce y arom\u00e1tico. Todos nuestros albaricoques son un mordisco con sabor a verano. En relaci\u00f3n con sus beneficios, esta fruta destaca por su elevado contenido de vitamina A en forma de betacaroteno, que tiene potentes &hellip; <a href=\"https:\/\/www.ametllerorigenwp.com\/es\/ya-esta-aqui-nuestro-famoso-albaricoque\/\" class=\"more-link\">Continuar leyendo<span class=\"screen-reader-text\"> \u00ab\u00a1Ya est\u00e1 aqu\u00ed nuestro famoso albaricoque!\u00bb<\/span><\/a><\/p>\n","protected":false},"author":3,"featured_media":5487,"comment_status":"open","ping_status":"open","sticky":false,"template":"","format":"standard","meta":{"_uag_custom_page_level_css":"","advgb_blocks_editor_width":"","advgb_blocks_columns_visual_guide":"","footnotes":""},"categories":[1],"tags":[],"class_list":["post-5489","post","type-post","status-publish","format-standard","has-post-thumbnail","hentry","category-noticias"],"author_meta":{"display_name":"Ametller Origen","author_link":"https:\/\/www.ametllerorigenwp.com\/es\/author\/ao_editor\/"},"featured_img":"https:\/\/www.ametllerorigenwp.com\/wp-content\/uploads\/2022\/05\/Albercocs-app-300x102.jpg","uagb_featured_image_src":{"full":["https:\/\/www.ametllerorigenwp.com\/wp-content\/uploads\/2022\/05\/Albercocs-app.jpg",1000,340,false],"thumbnail":["https:\/\/www.ametllerorigenwp.com\/wp-content\/uploads\/2022\/05\/Albercocs-app-150x150.jpg",150,150,true],"medium":["https:\/\/www.ametllerorigenwp.com\/wp-content\/uploads\/2022\/05\/Albercocs-app-300x102.jpg",300,102,true],"medium_large":["https:\/\/www.ametllerorigenwp.com\/wp-content\/uploads\/2022\/05\/Albercocs-app-768x261.jpg",768,261,true],"large":["https:\/\/www.ametllerorigenwp.com\/wp-content\/uploads\/2022\/05\/Albercocs-app.jpg",840,286,false],"1536x1536":["https:\/\/www.ametllerorigenwp.com\/wp-content\/uploads\/2022\/05\/Albercocs-app.jpg",1000,340,false],"2048x2048":["https:\/\/www.ametllerorigenwp.com\/wp-content\/uploads\/2022\/05\/Albercocs-app.jpg",1000,340,false],"post-thumbnail":["https:\/\/www.ametllerorigenwp.com\/wp-content\/uploads\/2022\/05\/Albercocs-app.jpg",1000,340,false]},"uagb_author_info":{"display_name":"Ametller Origen","author_link":"https:\/\/www.ametllerorigenwp.com\/es\/author\/ao_editor\/"},"uagb_comment_info":0,"uagb_excerpt":"Lo est\u00e1bamos esperando con impaciencia, pero ya lo tenemos aqu\u00ed. Nuestro albaricoque con m\u00e1s sabor y de cosecha propia. Carnoso, dulce y arom\u00e1tico. Todos nuestros albaricoques son un mordisco con sabor a verano. En relaci\u00f3n con sus beneficios, esta fruta destaca por su elevado contenido de vitamina A en forma de betacaroteno, que tiene potentes&hellip;","coauthors":[],"tax_additional":{"categories":{"linked":["<a href=\"https:\/\/www.ametllerorigenwp.com\/es\/category\/noticias\/\" class=\"advgb-post-tax-term\">Noticias<\/a>"],"unlinked":["<span class=\"advgb-post-tax-term\">Noticias<\/span>"]}},"comment_count":"0","relative_dates":{"created":"Publicado 4 a\u00f1os hace","modified":"Actualizado 4 a\u00f1os hace"},"absolute_dates":{"created":"Publicado el 25 de mayo de 2022","modified":"Actualizado el 25 de mayo de 2022"},"absolute_dates_time":{"created":"Publicado el 25 de mayo de 2022 16:18","modified":"Actualizado el 25 de mayo de 2022 16:19"},"featured_img_caption":"","series_order":"","show_in_app":true,"fecha_inicio_destacado":null,"hora_inicio_visualizacion":null,"minutos_inicio_visualizacion":null,"fecha_final_destacado":null,"hora_final_visualizacion":null,"minutos_final_visualizacion":null,"posicion_visualizacion":null,"estado_destacado":null,"niveles_destacados":null,"url_del_enlace":null,"banner_destacado":null,"posicion_visualizacion_de_la_noticia":null,"estado_noticia":null,"fecha_de_inicio_de_visualizacion_del_tutorial":null,"hora_inicio_visualizacion_tutorial":null,"minutos_inicio_visualizacion_tutorial":null,"fecha_de_final_de_visualizacion_del_tutorial":null,"hora_final_visualizacion_tutorial":null,"minutos_final_visualizacion_tutorial":null,"numero_de_veces_visto":null,"numero_de_veces_total":null,"niveles_tutorial":null,"tutorial_recursos_castellano":null,"tutorial_recursos_catalan":null,"dias_disponibles":null,"dias_de_la_semana":null,"dias_del_mes":null,"other_lang_post_id":null,"lang":"es","campanya_descripcion":null,"campanya_fecha_inicio":null,"campanya_fecha_fin":null,"campanya_legales":null,"campanya_imagen":null,"campanya_characteristics":null,"campanya_url":null,"campanya_posicion_visualizacion":null,"campanya_estado":null,"_links":{"self":[{"href":"https:\/\/www.ametllerorigenwp.com\/es\/wp-json\/wp\/v2\/posts\/5489","targetHints":{"allow":["GET"]}}],"collection":[{"href":"https:\/\/www.ametllerorigenwp.com\/es\/wp-json\/wp\/v2\/posts"}],"about":[{"href":"https:\/\/www.ametllerorigenwp.com\/es\/wp-json\/wp\/v2\/types\/post"}],"author":[{"embeddable":true,"href":"https:\/\/www.ametllerorigenwp.com\/es\/wp-json\/wp\/v2\/users\/3"}],"replies":[{"embeddable":true,"href":"https:\/\/www.ametllerorigenwp.com\/es\/wp-json\/wp\/v2\/comments?post=5489"}],"version-history":[{"count":1,"href":"https:\/\/www.ametllerorigenwp.com\/es\/wp-json\/wp\/v2\/posts\/5489\/revisions"}],"predecessor-version":[{"id":5490,"href":"https:\/\/www.ametllerorigenwp.com\/es\/wp-json\/wp\/v2\/posts\/5489\/revisions\/5490"}],"wp:featuredmedia":[{"embeddable":true,"href":"https:\/\/www.ametllerorigenwp.com\/es\/wp-json\/wp\/v2\/media\/5487"}],"wp:attachment":[{"href":"https:\/\/www.ametllerorigenwp.com\/es\/wp-json\/wp\/v2\/media?parent=5489"}],"wp:term":[{"taxonomy":"category","embeddable":true,"href":"https:\/\/www.ametllerorigenwp.com\/es\/wp-json\/wp\/v2\/categories?post=5489"},{"taxonomy":"post_tag","embeddable":true,"href":"https:\/\/www.ametllerorigenwp.com\/es\/wp-json\/wp\/v2\/tags?post=5489"}],"curies":[{"name":"wp","href":"https:\/\/api.w.org\/{rel}","templated":true}]}}