{"id":5496,"date":"2022-05-26T16:44:39","date_gmt":"2022-05-26T16:44:39","guid":{"rendered":"https:\/\/www.ametllerorigenwp.com\/?p=5496"},"modified":"2022-05-26T16:49:24","modified_gmt":"2022-05-26T16:49:24","slug":"abrimos-nuestra-primera-tienda-en-les-terres-de-lebre","status":"publish","type":"post","link":"https:\/\/www.ametllerorigenwp.com\/es\/abrimos-nuestra-primera-tienda-en-les-terres-de-lebre\/","title":{"rendered":"\u00a1Abrimos nuestra primera tienda en les Terres de l\u2019Ebre!"},"content":{"rendered":"\n<p>\u00a1Amposta, ya estamos aqu\u00ed! Hoy inauguramos <strong>nuestra primera tienda en les Terres de l\u2019Ebre, concretamente en la Pla\u00e7a de la Castellania, 2<\/strong>.<\/p>\n\n\n\n<p>M\u00e1s de 1.000m2 de superficie donde <strong>ofrecemos una propuesta diferenciadora de la mano de socios locales<\/strong>. Adem\u00e1s de <strong>fruta y verdura fresca, platos cocinados, productos refrigerados, carne y quesos<\/strong>, los clientes tambi\u00e9n podr\u00e1n disfrutar de una <strong>cafeter\u00eda y panader\u00eda del panadero artesano, Carlos Ripoll\u00e8s<\/strong>, un <strong>espacio de pescado y marisco de La Sirena y sushi preparado al momento por el equipo del chef Hideki Matsuhisa<\/strong>, el mejor japon\u00e9s del estado con estrella michel\u00edn, y elaborado con el at\u00fan rojo Bluefin de Balfeg\u00f3. De hecho, Ametller Origen es la \u00fanica tienda de alimentaci\u00f3n que utiliza at\u00fan rojo de Balfeg\u00f3 para elaborar sushi.<\/p>\n\n\n\n<p>Estamos muy contentos de seguir extendiendo <strong>nuestro prop\u00f3sito de facilitar el acceso a una alimentaci\u00f3n saludable, placentera y limpia y acercar productos frescos a las ciudades y barrios<\/strong>.<\/p>\n\n\n\n<p>\u00a1Te esperamos!<\/p>\n","protected":false},"excerpt":{"rendered":"<p>\u00a1Amposta, ya estamos aqu\u00ed! Hoy inauguramos nuestra primera tienda en les Terres de l\u2019Ebre, concretamente en la Pla\u00e7a de la Castellania, 2. M\u00e1s de 1.000m2 de superficie donde ofrecemos una propuesta diferenciadora de la mano de socios locales. Adem\u00e1s de fruta y verdura fresca, platos cocinados, productos refrigerados, carne y quesos, los clientes tambi\u00e9n podr\u00e1n &hellip; <a href=\"https:\/\/www.ametllerorigenwp.com\/es\/abrimos-nuestra-primera-tienda-en-les-terres-de-lebre\/\" class=\"more-link\">Continuar leyendo<span class=\"screen-reader-text\"> \u00ab\u00a1Abrimos nuestra primera tienda en les Terres de l\u2019Ebre!\u00bb<\/span><\/a><\/p>\n","protected":false},"author":3,"featured_media":5497,"comment_status":"open","ping_status":"open","sticky":false,"template":"","format":"standard","meta":{"_uag_custom_page_level_css":"","advgb_blocks_editor_width":"","advgb_blocks_columns_visual_guide":"","footnotes":""},"categories":[1],"tags":[],"class_list":["post-5496","post","type-post","status-publish","format-standard","has-post-thumbnail","hentry","category-noticias"],"author_meta":{"display_name":"Ametller Origen","author_link":"https:\/\/www.ametllerorigenwp.com\/es\/author\/ao_editor\/"},"featured_img":"https:\/\/www.ametllerorigenwp.com\/wp-content\/uploads\/2022\/05\/Obertura-1-1-300x102.jpg","uagb_featured_image_src":{"full":["https:\/\/www.ametllerorigenwp.com\/wp-content\/uploads\/2022\/05\/Obertura-1-1.jpg",1000,340,false],"thumbnail":["https:\/\/www.ametllerorigenwp.com\/wp-content\/uploads\/2022\/05\/Obertura-1-1-150x150.jpg",150,150,true],"medium":["https:\/\/www.ametllerorigenwp.com\/wp-content\/uploads\/2022\/05\/Obertura-1-1-300x102.jpg",300,102,true],"medium_large":["https:\/\/www.ametllerorigenwp.com\/wp-content\/uploads\/2022\/05\/Obertura-1-1-768x261.jpg",768,261,true],"large":["https:\/\/www.ametllerorigenwp.com\/wp-content\/uploads\/2022\/05\/Obertura-1-1.jpg",840,286,false],"1536x1536":["https:\/\/www.ametllerorigenwp.com\/wp-content\/uploads\/2022\/05\/Obertura-1-1.jpg",1000,340,false],"2048x2048":["https:\/\/www.ametllerorigenwp.com\/wp-content\/uploads\/2022\/05\/Obertura-1-1.jpg",1000,340,false],"post-thumbnail":["https:\/\/www.ametllerorigenwp.com\/wp-content\/uploads\/2022\/05\/Obertura-1-1.jpg",1000,340,false]},"uagb_author_info":{"display_name":"Ametller Origen","author_link":"https:\/\/www.ametllerorigenwp.com\/es\/author\/ao_editor\/"},"uagb_comment_info":0,"uagb_excerpt":"\u00a1Amposta, ya estamos aqu\u00ed! Hoy inauguramos nuestra primera tienda en les Terres de l\u2019Ebre, concretamente en la Pla\u00e7a de la Castellania, 2. M\u00e1s de 1.000m2 de superficie donde ofrecemos una propuesta diferenciadora de la mano de socios locales. Adem\u00e1s de fruta y verdura fresca, platos cocinados, productos refrigerados, carne y quesos, los clientes tambi\u00e9n podr\u00e1n&hellip;","coauthors":[],"tax_additional":{"categories":{"linked":["<a href=\"https:\/\/www.ametllerorigenwp.com\/es\/category\/noticias\/\" class=\"advgb-post-tax-term\">Noticias<\/a>"],"unlinked":["<span class=\"advgb-post-tax-term\">Noticias<\/span>"]}},"comment_count":"0","relative_dates":{"created":"Publicado 4 a\u00f1os hace","modified":"Actualizado 4 a\u00f1os hace"},"absolute_dates":{"created":"Publicado el 26 de mayo de 2022","modified":"Actualizado el 26 de mayo de 2022"},"absolute_dates_time":{"created":"Publicado el 26 de mayo de 2022 16:44","modified":"Actualizado el 26 de mayo de 2022 16:49"},"featured_img_caption":"","series_order":"","show_in_app":true,"fecha_inicio_destacado":null,"hora_inicio_visualizacion":null,"minutos_inicio_visualizacion":null,"fecha_final_destacado":null,"hora_final_visualizacion":null,"minutos_final_visualizacion":null,"posicion_visualizacion":null,"estado_destacado":null,"niveles_destacados":null,"url_del_enlace":null,"banner_destacado":null,"posicion_visualizacion_de_la_noticia":null,"estado_noticia":null,"fecha_de_inicio_de_visualizacion_del_tutorial":null,"hora_inicio_visualizacion_tutorial":null,"minutos_inicio_visualizacion_tutorial":null,"fecha_de_final_de_visualizacion_del_tutorial":null,"hora_final_visualizacion_tutorial":null,"minutos_final_visualizacion_tutorial":null,"numero_de_veces_visto":null,"numero_de_veces_total":null,"niveles_tutorial":null,"tutorial_recursos_castellano":null,"tutorial_recursos_catalan":null,"dias_disponibles":null,"dias_de_la_semana":null,"dias_del_mes":null,"other_lang_post_id":null,"lang":"es","campanya_descripcion":null,"campanya_fecha_inicio":null,"campanya_fecha_fin":null,"campanya_legales":null,"campanya_imagen":null,"campanya_characteristics":null,"campanya_url":null,"campanya_posicion_visualizacion":null,"campanya_estado":null,"_links":{"self":[{"href":"https:\/\/www.ametllerorigenwp.com\/es\/wp-json\/wp\/v2\/posts\/5496","targetHints":{"allow":["GET"]}}],"collection":[{"href":"https:\/\/www.ametllerorigenwp.com\/es\/wp-json\/wp\/v2\/posts"}],"about":[{"href":"https:\/\/www.ametllerorigenwp.com\/es\/wp-json\/wp\/v2\/types\/post"}],"author":[{"embeddable":true,"href":"https:\/\/www.ametllerorigenwp.com\/es\/wp-json\/wp\/v2\/users\/3"}],"replies":[{"embeddable":true,"href":"https:\/\/www.ametllerorigenwp.com\/es\/wp-json\/wp\/v2\/comments?post=5496"}],"version-history":[{"count":1,"href":"https:\/\/www.ametllerorigenwp.com\/es\/wp-json\/wp\/v2\/posts\/5496\/revisions"}],"predecessor-version":[{"id":5499,"href":"https:\/\/www.ametllerorigenwp.com\/es\/wp-json\/wp\/v2\/posts\/5496\/revisions\/5499"}],"wp:featuredmedia":[{"embeddable":true,"href":"https:\/\/www.ametllerorigenwp.com\/es\/wp-json\/wp\/v2\/media\/5497"}],"wp:attachment":[{"href":"https:\/\/www.ametllerorigenwp.com\/es\/wp-json\/wp\/v2\/media?parent=5496"}],"wp:term":[{"taxonomy":"category","embeddable":true,"href":"https:\/\/www.ametllerorigenwp.com\/es\/wp-json\/wp\/v2\/categories?post=5496"},{"taxonomy":"post_tag","embeddable":true,"href":"https:\/\/www.ametllerorigenwp.com\/es\/wp-json\/wp\/v2\/tags?post=5496"}],"curies":[{"name":"wp","href":"https:\/\/api.w.org\/{rel}","templated":true}]}}