{"id":5508,"date":"2022-05-27T12:15:41","date_gmt":"2022-05-27T12:15:41","guid":{"rendered":"https:\/\/www.ametllerorigenwp.com\/?p=5508"},"modified":"2022-05-27T14:13:47","modified_gmt":"2022-05-27T14:13:47","slug":"ya-estan-aqui-los-talleres-de-junio-que-no-se-te-escapen","status":"publish","type":"post","link":"https:\/\/www.ametllerorigenwp.com\/es\/ya-estan-aqui-los-talleres-de-junio-que-no-se-te-escapen\/","title":{"rendered":"Ya est\u00e1n aqu\u00ed los talleres de junio. \u00a1Que no se te escapen!"},"content":{"rendered":"\n<p>\u00bfCon ganas de nuevos showcookings, maridajes, talleres y salidas? \u00a1Tenemos las mejores actividades para ti y los tuyos!<\/p>\n\n\n\n<p>Consulta <a href=\"https:\/\/www.femcami.org\/ca\/escola-del-bon-menjar\/esdeveniments\/\">nuestro calendario de junio<\/a> y <strong>disfruta del mejor showcooking con la chef Ada Parellada, catas y maridajes de vinos y tapas con Meritxell Falgueras y Conservas Ortiz, talleres con los instagramers @kitmesures, @art_by_sue y @mariacosbel, nuestro cocinero Cintet y actividades tambi\u00e9n para los m\u00e1s peque\u00f1os de la casa<\/strong>. Adem\u00e1s, <strong>volvemos a visitar nuestros campos<\/strong>: ven a cosechar cerezas y fruta dulce en el Alt Pened\u00e8s.<\/p>\n\n\n\n<p>\u00a1No te lo pienses m\u00e1s y ap\u00fantate!<\/p>\n","protected":false},"excerpt":{"rendered":"<p>\u00bfCon ganas de nuevos showcookings, maridajes, talleres y salidas? \u00a1Tenemos las mejores actividades para ti y los tuyos! Consulta nuestro calendario de junio y disfruta del mejor showcooking con la chef Ada Parellada, catas y maridajes de vinos y tapas con Meritxell Falgueras y Conservas Ortiz, talleres con los instagramers @kitmesures, @art_by_sue y @mariacosbel, nuestro &hellip; <a href=\"https:\/\/www.ametllerorigenwp.com\/es\/ya-estan-aqui-los-talleres-de-junio-que-no-se-te-escapen\/\" class=\"more-link\">Continuar leyendo<span class=\"screen-reader-text\"> \u00abYa est\u00e1n aqu\u00ed los talleres de junio. \u00a1Que no se te escapen!\u00bb<\/span><\/a><\/p>\n","protected":false},"author":5,"featured_media":5509,"comment_status":"open","ping_status":"open","sticky":false,"template":"","format":"standard","meta":{"_uag_custom_page_level_css":"","advgb_blocks_editor_width":"","advgb_blocks_columns_visual_guide":"","footnotes":""},"categories":[1],"tags":[],"class_list":["post-5508","post","type-post","status-publish","format-standard","has-post-thumbnail","hentry","category-noticias"],"author_meta":{"display_name":"Mireia Zaragoza","author_link":"https:\/\/www.ametllerorigenwp.com\/es\/author\/mzaragoza\/"},"featured_img":"https:\/\/www.ametllerorigenwp.com\/wp-content\/uploads\/2022\/05\/Taller-1-300x102.jpg","uagb_featured_image_src":{"full":["https:\/\/www.ametllerorigenwp.com\/wp-content\/uploads\/2022\/05\/Taller-1.jpg",1000,340,false],"thumbnail":["https:\/\/www.ametllerorigenwp.com\/wp-content\/uploads\/2022\/05\/Taller-1-150x150.jpg",150,150,true],"medium":["https:\/\/www.ametllerorigenwp.com\/wp-content\/uploads\/2022\/05\/Taller-1-300x102.jpg",300,102,true],"medium_large":["https:\/\/www.ametllerorigenwp.com\/wp-content\/uploads\/2022\/05\/Taller-1-768x261.jpg",768,261,true],"large":["https:\/\/www.ametllerorigenwp.com\/wp-content\/uploads\/2022\/05\/Taller-1.jpg",840,286,false],"1536x1536":["https:\/\/www.ametllerorigenwp.com\/wp-content\/uploads\/2022\/05\/Taller-1.jpg",1000,340,false],"2048x2048":["https:\/\/www.ametllerorigenwp.com\/wp-content\/uploads\/2022\/05\/Taller-1.jpg",1000,340,false],"post-thumbnail":["https:\/\/www.ametllerorigenwp.com\/wp-content\/uploads\/2022\/05\/Taller-1.jpg",1000,340,false]},"uagb_author_info":{"display_name":"Mireia Zaragoza","author_link":"https:\/\/www.ametllerorigenwp.com\/es\/author\/mzaragoza\/"},"uagb_comment_info":0,"uagb_excerpt":"\u00bfCon ganas de nuevos showcookings, maridajes, talleres y salidas? \u00a1Tenemos las mejores actividades para ti y los tuyos! Consulta nuestro calendario de junio y disfruta del mejor showcooking con la chef Ada Parellada, catas y maridajes de vinos y tapas con Meritxell Falgueras y Conservas Ortiz, talleres con los instagramers @kitmesures, @art_by_sue y @mariacosbel, nuestro&hellip;","coauthors":[],"tax_additional":{"categories":{"linked":["<a href=\"https:\/\/www.ametllerorigenwp.com\/es\/category\/noticias\/\" class=\"advgb-post-tax-term\">Noticias<\/a>"],"unlinked":["<span class=\"advgb-post-tax-term\">Noticias<\/span>"]}},"comment_count":"0","relative_dates":{"created":"Publicado 4 a\u00f1os hace","modified":"Actualizado 4 a\u00f1os hace"},"absolute_dates":{"created":"Publicado el 27 de mayo de 2022","modified":"Actualizado el 27 de mayo de 2022"},"absolute_dates_time":{"created":"Publicado el 27 de mayo de 2022 12:15","modified":"Actualizado el 27 de mayo de 2022 14:13"},"featured_img_caption":"","series_order":"","show_in_app":true,"fecha_inicio_destacado":null,"hora_inicio_visualizacion":null,"minutos_inicio_visualizacion":null,"fecha_final_destacado":null,"hora_final_visualizacion":null,"minutos_final_visualizacion":null,"posicion_visualizacion":null,"estado_destacado":null,"niveles_destacados":null,"url_del_enlace":null,"banner_destacado":null,"posicion_visualizacion_de_la_noticia":null,"estado_noticia":null,"fecha_de_inicio_de_visualizacion_del_tutorial":null,"hora_inicio_visualizacion_tutorial":null,"minutos_inicio_visualizacion_tutorial":null,"fecha_de_final_de_visualizacion_del_tutorial":null,"hora_final_visualizacion_tutorial":null,"minutos_final_visualizacion_tutorial":null,"numero_de_veces_visto":null,"numero_de_veces_total":null,"niveles_tutorial":null,"tutorial_recursos_castellano":null,"tutorial_recursos_catalan":null,"dias_disponibles":null,"dias_de_la_semana":null,"dias_del_mes":null,"other_lang_post_id":null,"lang":"es","campanya_descripcion":null,"campanya_fecha_inicio":null,"campanya_fecha_fin":null,"campanya_legales":null,"campanya_imagen":null,"campanya_characteristics":null,"campanya_url":null,"campanya_posicion_visualizacion":null,"campanya_estado":null,"_links":{"self":[{"href":"https:\/\/www.ametllerorigenwp.com\/es\/wp-json\/wp\/v2\/posts\/5508","targetHints":{"allow":["GET"]}}],"collection":[{"href":"https:\/\/www.ametllerorigenwp.com\/es\/wp-json\/wp\/v2\/posts"}],"about":[{"href":"https:\/\/www.ametllerorigenwp.com\/es\/wp-json\/wp\/v2\/types\/post"}],"author":[{"embeddable":true,"href":"https:\/\/www.ametllerorigenwp.com\/es\/wp-json\/wp\/v2\/users\/5"}],"replies":[{"embeddable":true,"href":"https:\/\/www.ametllerorigenwp.com\/es\/wp-json\/wp\/v2\/comments?post=5508"}],"version-history":[{"count":3,"href":"https:\/\/www.ametllerorigenwp.com\/es\/wp-json\/wp\/v2\/posts\/5508\/revisions"}],"predecessor-version":[{"id":5519,"href":"https:\/\/www.ametllerorigenwp.com\/es\/wp-json\/wp\/v2\/posts\/5508\/revisions\/5519"}],"wp:featuredmedia":[{"embeddable":true,"href":"https:\/\/www.ametllerorigenwp.com\/es\/wp-json\/wp\/v2\/media\/5509"}],"wp:attachment":[{"href":"https:\/\/www.ametllerorigenwp.com\/es\/wp-json\/wp\/v2\/media?parent=5508"}],"wp:term":[{"taxonomy":"category","embeddable":true,"href":"https:\/\/www.ametllerorigenwp.com\/es\/wp-json\/wp\/v2\/categories?post=5508"},{"taxonomy":"post_tag","embeddable":true,"href":"https:\/\/www.ametllerorigenwp.com\/es\/wp-json\/wp\/v2\/tags?post=5508"}],"curies":[{"name":"wp","href":"https:\/\/api.w.org\/{rel}","templated":true}]}}