{"id":5644,"date":"2022-06-16T17:15:33","date_gmt":"2022-06-16T17:15:33","guid":{"rendered":"https:\/\/www.ametllerorigenwp.com\/?p=5644"},"modified":"2022-06-16T17:15:50","modified_gmt":"2022-06-16T17:15:50","slug":"cocina-solidaria-en-beneficio-de-la-ela","status":"publish","type":"post","link":"https:\/\/www.ametllerorigenwp.com\/es\/cocina-solidaria-en-beneficio-de-la-ela\/","title":{"rendered":"\u2018Cocina Solidaria\u2019 en beneficio de la ELA"},"content":{"rendered":"\n<p><strong>A<\/strong><strong>lbert Adri\u00e0, Ada Parellada, Joan Roca, Carme Ruscalleda y Nandu Jubany y Aitana Bonmat\u00ed, Ona Carbonell, Alex Corretja, Al\u00e8xia Putellas y Juan Carlos Unzu\u00e9 impulsan, de la mano de Ametller Origen, la iniciativa gastron\u00f3mica \u2018Cocina Solidaria\u2019 para recaudar fondos para la Fundaci\u00f3n Catalana de la ELA Miquel Valls, que trabaja para contribuir en la mejora de calidad de vida de los pacientes y sus familiares.<\/strong><\/p>\n\n\n\n<p>La iniciativa se present\u00f3 ayer en Ametller Origen Mercat d\u2019Autors y cont\u00f3 con la asistencia de los chefs Ada Parellada, Carme Ruscalleda y Nandu Jubany y los deportistas Alex Corretja y Juan Carlos Unzu\u00e9, que han recordado la importancia de dar visibilidad a las enfermedades minoritarias y promover acciones que ayuden a recaudar fondos.<\/p>\n\n\n\n<p>El pistoletazo de salida de \u2018Cocina Solidaria\u2019 se inicia con el<strong> plato preferido de Unzu\u00e9, unos pimientos del piquillo con brandada de bacalao, con la receta del chef Nandu Jubany. <\/strong>Seguidamente, completan este calendario gastron\u00f3mico<strong> Carme Ruscalleda con Alex Corretja, <\/strong>que nos deleitar\u00e1n con un arroz con vegetales de temporada durante los meses de septiembre y octubre, y durante noviembre y diciembre podremos degustar los huevos salteados con setas preferidos de<strong> Al\u00e8xia Putellas siguiendo la receta de Joan Roca. <\/strong>Durante el mes de enero y febrero de 2023 se pondr\u00e1 a la venta el plato solidario de <strong>Ona Carbonell con la receta de Ada Parellada, <\/strong>unos \u00f1oquis de calamares y sepia, y finalmente durante el mes de marzo y abril podremos degustar el plato favorito de <strong>Aitana Bonmat\u00ed con la receta de Albert Adri\u00e0, <\/strong>unos <em>rigatoni<\/em> al pesto y parmesano.<\/p>\n\n\n\n<p>Cada plato se pondr\u00e1 a la venta en las 120 tiendas f\u00edsicas y en la tienda online. \u00a1S\u00famate y avancemos hacia el mundo en el que queremos vivir!<\/p>\n","protected":false},"excerpt":{"rendered":"<p>Albert Adri\u00e0, Ada Parellada, Joan Roca, Carme Ruscalleda y Nandu Jubany y Aitana Bonmat\u00ed, Ona Carbonell, Alex Corretja, Al\u00e8xia Putellas y Juan Carlos Unzu\u00e9 impulsan, de la mano de Ametller Origen, la iniciativa gastron\u00f3mica \u2018Cocina Solidaria\u2019 para recaudar fondos para la Fundaci\u00f3n Catalana de la ELA Miquel Valls, que trabaja para contribuir en la mejora &hellip; <a href=\"https:\/\/www.ametllerorigenwp.com\/es\/cocina-solidaria-en-beneficio-de-la-ela\/\" class=\"more-link\">Continuar leyendo<span class=\"screen-reader-text\"> \u00ab\u2018Cocina Solidaria\u2019 en beneficio de la ELA\u00bb<\/span><\/a><\/p>\n","protected":false},"author":3,"featured_media":5641,"comment_status":"open","ping_status":"open","sticky":false,"template":"","format":"standard","meta":{"_uag_custom_page_level_css":"","advgb_blocks_editor_width":"","advgb_blocks_columns_visual_guide":"","footnotes":""},"categories":[1],"tags":[],"class_list":["post-5644","post","type-post","status-publish","format-standard","has-post-thumbnail","hentry","category-noticias"],"author_meta":{"display_name":"Ametller Origen","author_link":"https:\/\/www.ametllerorigenwp.com\/es\/author\/ao_editor\/"},"featured_img":"https:\/\/www.ametllerorigenwp.com\/wp-content\/uploads\/2022\/06\/app-300x101.jpg","uagb_featured_image_src":{"full":["https:\/\/www.ametllerorigenwp.com\/wp-content\/uploads\/2022\/06\/app.jpg",1003,338,false],"thumbnail":["https:\/\/www.ametllerorigenwp.com\/wp-content\/uploads\/2022\/06\/app-150x150.jpg",150,150,true],"medium":["https:\/\/www.ametllerorigenwp.com\/wp-content\/uploads\/2022\/06\/app-300x101.jpg",300,101,true],"medium_large":["https:\/\/www.ametllerorigenwp.com\/wp-content\/uploads\/2022\/06\/app-768x259.jpg",768,259,true],"large":["https:\/\/www.ametllerorigenwp.com\/wp-content\/uploads\/2022\/06\/app.jpg",840,283,false],"1536x1536":["https:\/\/www.ametllerorigenwp.com\/wp-content\/uploads\/2022\/06\/app.jpg",1003,338,false],"2048x2048":["https:\/\/www.ametllerorigenwp.com\/wp-content\/uploads\/2022\/06\/app.jpg",1003,338,false],"post-thumbnail":["https:\/\/www.ametllerorigenwp.com\/wp-content\/uploads\/2022\/06\/app.jpg",1003,338,false]},"uagb_author_info":{"display_name":"Ametller Origen","author_link":"https:\/\/www.ametllerorigenwp.com\/es\/author\/ao_editor\/"},"uagb_comment_info":0,"uagb_excerpt":"Albert Adri\u00e0, Ada Parellada, Joan Roca, Carme Ruscalleda y Nandu Jubany y Aitana Bonmat\u00ed, Ona Carbonell, Alex Corretja, Al\u00e8xia Putellas y Juan Carlos Unzu\u00e9 impulsan, de la mano de Ametller Origen, la iniciativa gastron\u00f3mica \u2018Cocina Solidaria\u2019 para recaudar fondos para la Fundaci\u00f3n Catalana de la ELA Miquel Valls, que trabaja para contribuir en la mejora&hellip;","coauthors":[],"tax_additional":{"categories":{"linked":["<a href=\"https:\/\/www.ametllerorigenwp.com\/es\/category\/noticias\/\" class=\"advgb-post-tax-term\">Noticias<\/a>"],"unlinked":["<span class=\"advgb-post-tax-term\">Noticias<\/span>"]}},"comment_count":"0","relative_dates":{"created":"Publicado 4 a\u00f1os hace","modified":"Actualizado 4 a\u00f1os hace"},"absolute_dates":{"created":"Publicado el 16 de junio de 2022","modified":"Actualizado el 16 de junio de 2022"},"absolute_dates_time":{"created":"Publicado el 16 de junio de 2022 17:15","modified":"Actualizado el 16 de junio de 2022 17:15"},"featured_img_caption":"","series_order":"","show_in_app":true,"fecha_inicio_destacado":null,"hora_inicio_visualizacion":null,"minutos_inicio_visualizacion":null,"fecha_final_destacado":null,"hora_final_visualizacion":null,"minutos_final_visualizacion":null,"posicion_visualizacion":null,"estado_destacado":null,"niveles_destacados":null,"url_del_enlace":null,"banner_destacado":null,"posicion_visualizacion_de_la_noticia":null,"estado_noticia":null,"fecha_de_inicio_de_visualizacion_del_tutorial":null,"hora_inicio_visualizacion_tutorial":null,"minutos_inicio_visualizacion_tutorial":null,"fecha_de_final_de_visualizacion_del_tutorial":null,"hora_final_visualizacion_tutorial":null,"minutos_final_visualizacion_tutorial":null,"numero_de_veces_visto":null,"numero_de_veces_total":null,"niveles_tutorial":null,"tutorial_recursos_castellano":null,"tutorial_recursos_catalan":null,"dias_disponibles":null,"dias_de_la_semana":null,"dias_del_mes":null,"other_lang_post_id":null,"lang":"es","campanya_descripcion":null,"campanya_fecha_inicio":null,"campanya_fecha_fin":null,"campanya_legales":null,"campanya_imagen":null,"campanya_characteristics":null,"campanya_url":null,"campanya_posicion_visualizacion":null,"campanya_estado":null,"_links":{"self":[{"href":"https:\/\/www.ametllerorigenwp.com\/es\/wp-json\/wp\/v2\/posts\/5644","targetHints":{"allow":["GET"]}}],"collection":[{"href":"https:\/\/www.ametllerorigenwp.com\/es\/wp-json\/wp\/v2\/posts"}],"about":[{"href":"https:\/\/www.ametllerorigenwp.com\/es\/wp-json\/wp\/v2\/types\/post"}],"author":[{"embeddable":true,"href":"https:\/\/www.ametllerorigenwp.com\/es\/wp-json\/wp\/v2\/users\/3"}],"replies":[{"embeddable":true,"href":"https:\/\/www.ametllerorigenwp.com\/es\/wp-json\/wp\/v2\/comments?post=5644"}],"version-history":[{"count":1,"href":"https:\/\/www.ametllerorigenwp.com\/es\/wp-json\/wp\/v2\/posts\/5644\/revisions"}],"predecessor-version":[{"id":5645,"href":"https:\/\/www.ametllerorigenwp.com\/es\/wp-json\/wp\/v2\/posts\/5644\/revisions\/5645"}],"wp:featuredmedia":[{"embeddable":true,"href":"https:\/\/www.ametllerorigenwp.com\/es\/wp-json\/wp\/v2\/media\/5641"}],"wp:attachment":[{"href":"https:\/\/www.ametllerorigenwp.com\/es\/wp-json\/wp\/v2\/media?parent=5644"}],"wp:term":[{"taxonomy":"category","embeddable":true,"href":"https:\/\/www.ametllerorigenwp.com\/es\/wp-json\/wp\/v2\/categories?post=5644"},{"taxonomy":"post_tag","embeddable":true,"href":"https:\/\/www.ametllerorigenwp.com\/es\/wp-json\/wp\/v2\/tags?post=5644"}],"curies":[{"name":"wp","href":"https:\/\/api.w.org\/{rel}","templated":true}]}}