{"id":5665,"date":"2022-06-20T14:31:39","date_gmt":"2022-06-20T14:31:39","guid":{"rendered":"https:\/\/www.ametllerorigenwp.com\/?p=5665"},"modified":"2022-06-21T09:28:19","modified_gmt":"2022-06-21T09:28:19","slug":"los-pimientos-del-piquillo-mas-solidarios","status":"publish","type":"post","link":"https:\/\/www.ametllerorigenwp.com\/es\/los-pimientos-del-piquillo-mas-solidarios\/","title":{"rendered":"Los pimientos del piquillo m\u00e1s solidarios"},"content":{"rendered":"\n<p>En nuestro pa\u00eds hay aproximadamente 4.000 enfermos de ELA y cada d\u00eda tres personas son diagnosticadas y tres personas mueren a causa de esta enfermedad. Hoy, coincidiendo con el D\u00eda Mundial de la ELA<strong>, te queremos ense\u00f1ar como fue el encuentro entre el chef Nandu Jubany y el exfutbolista, Juan Carlos Unzu\u00e9, afectado por esta enfermedad, en el marco del proyecto \u2018Cocina Solidaria\u2019<\/strong>. No te pierdas el <a href=\"https:\/\/www.youtube.com\/watch?v=sPpShbgMAeM\">v\u00eddeo<\/a> y descubre c\u00f3mo Nandu Jubany prepar\u00f3 los pimientos del piquillo rellenos de brandada de bacalao, \u00a1la receta preferida de Unzu\u00e9!<\/p>\n\n\n\n<p><\/p>\n\n\n\n<p><strong>\u2018Cocina Solidaria\u2019 en beneficio de la ELA<\/strong><\/p>\n\n\n\n<p>5 chefs, 5 deportistas, 5 platos y un objetivo en com\u00fan<strong>. \u2018Cocina Solidaria\u2019 es una iniciativa solidaria que consiste en la elaboraci\u00f3n del plato preferido del deportista con la receta del chef. Cada plato se pondr\u00e1 a la venta en nuestras 120 tiendas f\u00edsicas y en la tienda online. El 100% de los beneficios de cada plato se destinar\u00e1n a la Fundaci\u00f3n Catalana de Esclerosis Lateral Amiotr\u00f3fica Miquel Valls<\/strong>, que trabaja para contribuir en la mejora de la calidad de vida de los pacientes y sus familiares.<\/p>\n\n\n\n<p>Los chefs y deportistas que participan en esta iniciativa son: <strong>Albert Adri\u00e0, Ada Parellada, Joan Roca, Carme Ruscalleda y Nandu Jubany y los deportistas Aitana Bonmat\u00ed, Ona Carbonell, Alex Corretja, Al\u00e8xia Putellas y Juan Carlos Unzu\u00e9<\/strong>.<\/p>\n\n\n\n<p>Ya puedes encontrar los pimientos del piquillo rellenos de brandada de bacalao en tu tienda habitual y en la tienda online.<\/p>\n","protected":false},"excerpt":{"rendered":"<p>En nuestro pa\u00eds hay aproximadamente 4.000 enfermos de ELA y cada d\u00eda tres personas son diagnosticadas y tres personas mueren a causa de esta enfermedad. Hoy, coincidiendo con el D\u00eda Mundial de la ELA, te queremos ense\u00f1ar como fue el encuentro entre el chef Nandu Jubany y el exfutbolista, Juan Carlos Unzu\u00e9, afectado por esta &hellip; <a href=\"https:\/\/www.ametllerorigenwp.com\/es\/los-pimientos-del-piquillo-mas-solidarios\/\" class=\"more-link\">Continuar leyendo<span class=\"screen-reader-text\"> \u00abLos pimientos del piquillo m\u00e1s solidarios\u00bb<\/span><\/a><\/p>\n","protected":false},"author":3,"featured_media":5666,"comment_status":"open","ping_status":"open","sticky":false,"template":"","format":"standard","meta":{"_uag_custom_page_level_css":"","advgb_blocks_editor_width":"","advgb_blocks_columns_visual_guide":"","footnotes":""},"categories":[1],"tags":[],"class_list":["post-5665","post","type-post","status-publish","format-standard","has-post-thumbnail","hentry","category-noticias"],"author_meta":{"display_name":"Ametller Origen","author_link":"https:\/\/www.ametllerorigenwp.com\/es\/author\/ao_editor\/"},"featured_img":"https:\/\/www.ametllerorigenwp.com\/wp-content\/uploads\/2022\/06\/APP_CUINA-SOLIDARIA_ES_100x340px-1-300x102.jpg","uagb_featured_image_src":{"full":["https:\/\/www.ametllerorigenwp.com\/wp-content\/uploads\/2022\/06\/APP_CUINA-SOLIDARIA_ES_100x340px-1.jpg",1000,340,false],"thumbnail":["https:\/\/www.ametllerorigenwp.com\/wp-content\/uploads\/2022\/06\/APP_CUINA-SOLIDARIA_ES_100x340px-1-150x150.jpg",150,150,true],"medium":["https:\/\/www.ametllerorigenwp.com\/wp-content\/uploads\/2022\/06\/APP_CUINA-SOLIDARIA_ES_100x340px-1-300x102.jpg",300,102,true],"medium_large":["https:\/\/www.ametllerorigenwp.com\/wp-content\/uploads\/2022\/06\/APP_CUINA-SOLIDARIA_ES_100x340px-1-768x261.jpg",768,261,true],"large":["https:\/\/www.ametllerorigenwp.com\/wp-content\/uploads\/2022\/06\/APP_CUINA-SOLIDARIA_ES_100x340px-1.jpg",840,286,false],"1536x1536":["https:\/\/www.ametllerorigenwp.com\/wp-content\/uploads\/2022\/06\/APP_CUINA-SOLIDARIA_ES_100x340px-1.jpg",1000,340,false],"2048x2048":["https:\/\/www.ametllerorigenwp.com\/wp-content\/uploads\/2022\/06\/APP_CUINA-SOLIDARIA_ES_100x340px-1.jpg",1000,340,false],"post-thumbnail":["https:\/\/www.ametllerorigenwp.com\/wp-content\/uploads\/2022\/06\/APP_CUINA-SOLIDARIA_ES_100x340px-1.jpg",1000,340,false]},"uagb_author_info":{"display_name":"Ametller Origen","author_link":"https:\/\/www.ametllerorigenwp.com\/es\/author\/ao_editor\/"},"uagb_comment_info":1,"uagb_excerpt":"En nuestro pa\u00eds hay aproximadamente 4.000 enfermos de ELA y cada d\u00eda tres personas son diagnosticadas y tres personas mueren a causa de esta enfermedad. Hoy, coincidiendo con el D\u00eda Mundial de la ELA, te queremos ense\u00f1ar como fue el encuentro entre el chef Nandu Jubany y el exfutbolista, Juan Carlos Unzu\u00e9, afectado por esta&hellip;","coauthors":[],"tax_additional":{"categories":{"linked":["<a href=\"https:\/\/www.ametllerorigenwp.com\/es\/category\/noticias\/\" class=\"advgb-post-tax-term\">Noticias<\/a>"],"unlinked":["<span class=\"advgb-post-tax-term\">Noticias<\/span>"]}},"comment_count":"0","relative_dates":{"created":"Publicado 4 a\u00f1os hace","modified":"Actualizado 4 a\u00f1os hace"},"absolute_dates":{"created":"Publicado el 20 de junio de 2022","modified":"Actualizado el 21 de junio de 2022"},"absolute_dates_time":{"created":"Publicado el 20 de junio de 2022 14:31","modified":"Actualizado el 21 de junio de 2022 09:28"},"featured_img_caption":"","series_order":"","show_in_app":true,"fecha_inicio_destacado":null,"hora_inicio_visualizacion":null,"minutos_inicio_visualizacion":null,"fecha_final_destacado":null,"hora_final_visualizacion":null,"minutos_final_visualizacion":null,"posicion_visualizacion":null,"estado_destacado":null,"niveles_destacados":null,"url_del_enlace":null,"banner_destacado":null,"posicion_visualizacion_de_la_noticia":null,"estado_noticia":null,"fecha_de_inicio_de_visualizacion_del_tutorial":null,"hora_inicio_visualizacion_tutorial":null,"minutos_inicio_visualizacion_tutorial":null,"fecha_de_final_de_visualizacion_del_tutorial":null,"hora_final_visualizacion_tutorial":null,"minutos_final_visualizacion_tutorial":null,"numero_de_veces_visto":null,"numero_de_veces_total":null,"niveles_tutorial":null,"tutorial_recursos_castellano":null,"tutorial_recursos_catalan":null,"dias_disponibles":null,"dias_de_la_semana":null,"dias_del_mes":null,"other_lang_post_id":null,"lang":"es","campanya_descripcion":null,"campanya_fecha_inicio":null,"campanya_fecha_fin":null,"campanya_legales":null,"campanya_imagen":null,"campanya_characteristics":null,"campanya_url":null,"campanya_posicion_visualizacion":null,"campanya_estado":null,"_links":{"self":[{"href":"https:\/\/www.ametllerorigenwp.com\/es\/wp-json\/wp\/v2\/posts\/5665","targetHints":{"allow":["GET"]}}],"collection":[{"href":"https:\/\/www.ametllerorigenwp.com\/es\/wp-json\/wp\/v2\/posts"}],"about":[{"href":"https:\/\/www.ametllerorigenwp.com\/es\/wp-json\/wp\/v2\/types\/post"}],"author":[{"embeddable":true,"href":"https:\/\/www.ametllerorigenwp.com\/es\/wp-json\/wp\/v2\/users\/3"}],"replies":[{"embeddable":true,"href":"https:\/\/www.ametllerorigenwp.com\/es\/wp-json\/wp\/v2\/comments?post=5665"}],"version-history":[{"count":4,"href":"https:\/\/www.ametllerorigenwp.com\/es\/wp-json\/wp\/v2\/posts\/5665\/revisions"}],"predecessor-version":[{"id":5678,"href":"https:\/\/www.ametllerorigenwp.com\/es\/wp-json\/wp\/v2\/posts\/5665\/revisions\/5678"}],"wp:featuredmedia":[{"embeddable":true,"href":"https:\/\/www.ametllerorigenwp.com\/es\/wp-json\/wp\/v2\/media\/5666"}],"wp:attachment":[{"href":"https:\/\/www.ametllerorigenwp.com\/es\/wp-json\/wp\/v2\/media?parent=5665"}],"wp:term":[{"taxonomy":"category","embeddable":true,"href":"https:\/\/www.ametllerorigenwp.com\/es\/wp-json\/wp\/v2\/categories?post=5665"},{"taxonomy":"post_tag","embeddable":true,"href":"https:\/\/www.ametllerorigenwp.com\/es\/wp-json\/wp\/v2\/tags?post=5665"}],"curies":[{"name":"wp","href":"https:\/\/api.w.org\/{rel}","templated":true}]}}