{"id":5771,"date":"2022-07-10T12:04:00","date_gmt":"2022-07-10T12:04:00","guid":{"rendered":"https:\/\/www.ametllerorigenwp.com\/?p=5771"},"modified":"2022-07-11T07:04:44","modified_gmt":"2022-07-11T07:04:44","slug":"la-bodega-familia-ametller-galardonada-con-oro-y-plata-en-los-premios-vinari-2022","status":"publish","type":"post","link":"https:\/\/www.ametllerorigenwp.com\/es\/la-bodega-familia-ametller-galardonada-con-oro-y-plata-en-los-premios-vinari-2022\/","title":{"rendered":"La bodega Familia Ametller, galardonada con Oro y Plata en los Premios Vinari 2022"},"content":{"rendered":"\n<p><strong>El Clos Farena 2021 y el Cava Ametller Brut Nature de <a href=\"https:\/\/familiaametller.com\/es\/\">Familia Ametller<\/a> han sido premiados con el Gran Oro en la categor\u00eda de vino blanco joven y con la medalla de plata en la categor\u00eda de espumosos blancos j\u00f3venes, respectivamente, que otorga los Premios Vinari<\/strong> &#8211; unos galardones anuales que da el medio de comunicaci\u00f3n VadeVi y que este a\u00f1o han celebrado su d\u00e9cima edici\u00f3n \u2013 <strong>en reconocimiento a los mejores vinos j\u00f3venes de Catalu\u00f1a.<\/strong><\/p>\n\n\n\n<p>El Clos Farena 2021, elaborado por la Bodega Familia Ametller, es un vino de garnacha blanca, muy fresca, con Denominaci\u00f3n de Origen Calificada Priorat, que se puede encontrar en restaurantes y tiendas especializadas de toda Catalu\u00f1a. Por otro lado, el cava Ametller Brut Nature Reserva es un cava fresco y elegante producido tambi\u00e9n por la bodega Familia Ametller en el Pened\u00e8s y que puedes encontrar en nuestras tiendas y en <a href=\"https:\/\/www.ametllerorigen.com\/es\/cava-reserva-brut-nature-ao-75cl\/p?sc=14\">la tienda online<\/a>. Un espumoso reserva, muy vers\u00e1til y gastron\u00f3mico, ideal para acompa\u00f1ar arroces, pescados y carnes blancas.<\/p>\n","protected":false},"excerpt":{"rendered":"<p>El Clos Farena 2021 y el Cava Ametller Brut Nature de Familia Ametller han sido premiados con el Gran Oro en la categor\u00eda de vino blanco joven y con la medalla de plata en la categor\u00eda de espumosos blancos j\u00f3venes, respectivamente, que otorga los Premios Vinari &#8211; unos galardones anuales que da el medio de &hellip; <a href=\"https:\/\/www.ametllerorigenwp.com\/es\/la-bodega-familia-ametller-galardonada-con-oro-y-plata-en-los-premios-vinari-2022\/\" class=\"more-link\">Continuar leyendo<span class=\"screen-reader-text\"> \u00abLa bodega Familia Ametller, galardonada con Oro y Plata en los Premios Vinari 2022\u00bb<\/span><\/a><\/p>\n","protected":false},"author":3,"featured_media":5774,"comment_status":"open","ping_status":"open","sticky":false,"template":"","format":"standard","meta":{"_uag_custom_page_level_css":"","advgb_blocks_editor_width":"","advgb_blocks_columns_visual_guide":"","footnotes":""},"categories":[1],"tags":[],"class_list":["post-5771","post","type-post","status-publish","format-standard","has-post-thumbnail","hentry","category-noticias"],"author_meta":{"display_name":"Ametller Origen","author_link":"https:\/\/www.ametllerorigenwp.com\/es\/author\/ao_editor\/"},"featured_img":"https:\/\/www.ametllerorigenwp.com\/wp-content\/uploads\/2022\/07\/cava3-300x102.png","uagb_featured_image_src":{"full":["https:\/\/www.ametllerorigenwp.com\/wp-content\/uploads\/2022\/07\/cava3.png",1000,340,false],"thumbnail":["https:\/\/www.ametllerorigenwp.com\/wp-content\/uploads\/2022\/07\/cava3-150x150.png",150,150,true],"medium":["https:\/\/www.ametllerorigenwp.com\/wp-content\/uploads\/2022\/07\/cava3-300x102.png",300,102,true],"medium_large":["https:\/\/www.ametllerorigenwp.com\/wp-content\/uploads\/2022\/07\/cava3-768x261.png",768,261,true],"large":["https:\/\/www.ametllerorigenwp.com\/wp-content\/uploads\/2022\/07\/cava3.png",840,286,false],"1536x1536":["https:\/\/www.ametllerorigenwp.com\/wp-content\/uploads\/2022\/07\/cava3.png",1000,340,false],"2048x2048":["https:\/\/www.ametllerorigenwp.com\/wp-content\/uploads\/2022\/07\/cava3.png",1000,340,false],"post-thumbnail":["https:\/\/www.ametllerorigenwp.com\/wp-content\/uploads\/2022\/07\/cava3.png",1000,340,false]},"uagb_author_info":{"display_name":"Ametller Origen","author_link":"https:\/\/www.ametllerorigenwp.com\/es\/author\/ao_editor\/"},"uagb_comment_info":0,"uagb_excerpt":"El Clos Farena 2021 y el Cava Ametller Brut Nature de Familia Ametller han sido premiados con el Gran Oro en la categor\u00eda de vino blanco joven y con la medalla de plata en la categor\u00eda de espumosos blancos j\u00f3venes, respectivamente, que otorga los Premios Vinari &#8211; unos galardones anuales que da el medio de&hellip;","coauthors":[],"tax_additional":{"categories":{"linked":["<a href=\"https:\/\/www.ametllerorigenwp.com\/es\/category\/noticias\/\" class=\"advgb-post-tax-term\">Noticias<\/a>"],"unlinked":["<span class=\"advgb-post-tax-term\">Noticias<\/span>"]}},"comment_count":"0","relative_dates":{"created":"Publicado 4 a\u00f1os hace","modified":"Actualizado 4 a\u00f1os hace"},"absolute_dates":{"created":"Publicado el 10 de julio de 2022","modified":"Actualizado el 11 de julio de 2022"},"absolute_dates_time":{"created":"Publicado el 10 de julio de 2022 12:04","modified":"Actualizado el 11 de julio de 2022 07:04"},"featured_img_caption":"","series_order":"","show_in_app":true,"fecha_inicio_destacado":null,"hora_inicio_visualizacion":null,"minutos_inicio_visualizacion":null,"fecha_final_destacado":null,"hora_final_visualizacion":null,"minutos_final_visualizacion":null,"posicion_visualizacion":null,"estado_destacado":null,"niveles_destacados":null,"url_del_enlace":null,"banner_destacado":null,"posicion_visualizacion_de_la_noticia":null,"estado_noticia":null,"fecha_de_inicio_de_visualizacion_del_tutorial":null,"hora_inicio_visualizacion_tutorial":null,"minutos_inicio_visualizacion_tutorial":null,"fecha_de_final_de_visualizacion_del_tutorial":null,"hora_final_visualizacion_tutorial":null,"minutos_final_visualizacion_tutorial":null,"numero_de_veces_visto":null,"numero_de_veces_total":null,"niveles_tutorial":null,"tutorial_recursos_castellano":null,"tutorial_recursos_catalan":null,"dias_disponibles":null,"dias_de_la_semana":null,"dias_del_mes":null,"other_lang_post_id":null,"lang":"es","campanya_descripcion":null,"campanya_fecha_inicio":null,"campanya_fecha_fin":null,"campanya_legales":null,"campanya_imagen":null,"campanya_characteristics":null,"campanya_url":null,"campanya_posicion_visualizacion":null,"campanya_estado":null,"_links":{"self":[{"href":"https:\/\/www.ametllerorigenwp.com\/es\/wp-json\/wp\/v2\/posts\/5771","targetHints":{"allow":["GET"]}}],"collection":[{"href":"https:\/\/www.ametllerorigenwp.com\/es\/wp-json\/wp\/v2\/posts"}],"about":[{"href":"https:\/\/www.ametllerorigenwp.com\/es\/wp-json\/wp\/v2\/types\/post"}],"author":[{"embeddable":true,"href":"https:\/\/www.ametllerorigenwp.com\/es\/wp-json\/wp\/v2\/users\/3"}],"replies":[{"embeddable":true,"href":"https:\/\/www.ametllerorigenwp.com\/es\/wp-json\/wp\/v2\/comments?post=5771"}],"version-history":[{"count":2,"href":"https:\/\/www.ametllerorigenwp.com\/es\/wp-json\/wp\/v2\/posts\/5771\/revisions"}],"predecessor-version":[{"id":5776,"href":"https:\/\/www.ametllerorigenwp.com\/es\/wp-json\/wp\/v2\/posts\/5771\/revisions\/5776"}],"wp:featuredmedia":[{"embeddable":true,"href":"https:\/\/www.ametllerorigenwp.com\/es\/wp-json\/wp\/v2\/media\/5774"}],"wp:attachment":[{"href":"https:\/\/www.ametllerorigenwp.com\/es\/wp-json\/wp\/v2\/media?parent=5771"}],"wp:term":[{"taxonomy":"category","embeddable":true,"href":"https:\/\/www.ametllerorigenwp.com\/es\/wp-json\/wp\/v2\/categories?post=5771"},{"taxonomy":"post_tag","embeddable":true,"href":"https:\/\/www.ametllerorigenwp.com\/es\/wp-json\/wp\/v2\/tags?post=5771"}],"curies":[{"name":"wp","href":"https:\/\/api.w.org\/{rel}","templated":true}]}}