{"id":5799,"date":"2022-07-14T12:02:56","date_gmt":"2022-07-14T12:02:56","guid":{"rendered":"https:\/\/www.ametllerorigenwp.com\/?p=5799"},"modified":"2022-07-14T15:04:22","modified_gmt":"2022-07-14T15:04:22","slug":"dulces-y-carnosos-asi-son-nuestros-melocotones-de-vina-de-cosecha-propia","status":"publish","type":"post","link":"https:\/\/www.ametllerorigenwp.com\/es\/dulces-y-carnosos-asi-son-nuestros-melocotones-de-vina-de-cosecha-propia\/","title":{"rendered":"Dulces y carnosos, as\u00ed son nuestros melocotones de vi\u00f1a de cosecha propia"},"content":{"rendered":"\n<p><strong>Ni las heladas ni las granizadas de este invierno han impedido que empecemos a cosechar una de las frutas dulces m\u00e1s esperadas de la temporada de verano, \u00a1nuestro <a href=\"https:\/\/www.ametllerorigen.com\/es\/melocot%C3%B3n%20de%20vi%C3%B1a?_q=melocot%C3%B3n%20de%20vi%C3%B1a&amp;map=ft\">melocot\u00f3n de vi\u00f1a<\/a>!<\/strong> Las complicaciones meteorol\u00f3gicas que hemos vivido este a\u00f1o han hecho que tengamos menos producci\u00f3n, pero, pese a esto, <strong>\u00a1son m\u00e1s dulces, sabrosos y carnosos que nunca!<\/strong><\/p>\n\n\n\n<p>Jordi Ametller y Cintet te ense\u00f1an <a href=\"https:\/\/www.instagram.com\/tv\/Cf9s6KcIHAo\/?igshid=YmMyMTA2M2Y=\">nuestros campos<\/a> de la Finca Cal Cabreta situada en el Alt Pened\u00e8s. \u00a1No te lo pierdas!<\/p>\n","protected":false},"excerpt":{"rendered":"<p>Ni las heladas ni las granizadas de este invierno han impedido que empecemos a cosechar una de las frutas dulces m\u00e1s esperadas de la temporada de verano, \u00a1nuestro melocot\u00f3n de vi\u00f1a! Las complicaciones meteorol\u00f3gicas que hemos vivido este a\u00f1o han hecho que tengamos menos producci\u00f3n, pero, pese a esto, \u00a1son m\u00e1s dulces, sabrosos y carnosos &hellip; <a href=\"https:\/\/www.ametllerorigenwp.com\/es\/dulces-y-carnosos-asi-son-nuestros-melocotones-de-vina-de-cosecha-propia\/\" class=\"more-link\">Continuar leyendo<span class=\"screen-reader-text\"> \u00abDulces y carnosos, as\u00ed son nuestros melocotones de vi\u00f1a de cosecha propia\u00bb<\/span><\/a><\/p>\n","protected":false},"author":3,"featured_media":5800,"comment_status":"open","ping_status":"open","sticky":false,"template":"","format":"standard","meta":{"_uag_custom_page_level_css":"","advgb_blocks_editor_width":"","advgb_blocks_columns_visual_guide":"","footnotes":""},"categories":[1],"tags":[],"class_list":["post-5799","post","type-post","status-publish","format-standard","has-post-thumbnail","hentry","category-noticias"],"author_meta":{"display_name":"Ametller Origen","author_link":"https:\/\/www.ametllerorigenwp.com\/es\/author\/ao_editor\/"},"featured_img":"https:\/\/www.ametllerorigenwp.com\/wp-content\/uploads\/2022\/07\/Pressec1-300x102.png","uagb_featured_image_src":{"full":["https:\/\/www.ametllerorigenwp.com\/wp-content\/uploads\/2022\/07\/Pressec1.png",1000,340,false],"thumbnail":["https:\/\/www.ametllerorigenwp.com\/wp-content\/uploads\/2022\/07\/Pressec1-150x150.png",150,150,true],"medium":["https:\/\/www.ametllerorigenwp.com\/wp-content\/uploads\/2022\/07\/Pressec1-300x102.png",300,102,true],"medium_large":["https:\/\/www.ametllerorigenwp.com\/wp-content\/uploads\/2022\/07\/Pressec1-768x261.png",768,261,true],"large":["https:\/\/www.ametllerorigenwp.com\/wp-content\/uploads\/2022\/07\/Pressec1.png",840,286,false],"1536x1536":["https:\/\/www.ametllerorigenwp.com\/wp-content\/uploads\/2022\/07\/Pressec1.png",1000,340,false],"2048x2048":["https:\/\/www.ametllerorigenwp.com\/wp-content\/uploads\/2022\/07\/Pressec1.png",1000,340,false],"post-thumbnail":["https:\/\/www.ametllerorigenwp.com\/wp-content\/uploads\/2022\/07\/Pressec1.png",1000,340,false]},"uagb_author_info":{"display_name":"Ametller Origen","author_link":"https:\/\/www.ametllerorigenwp.com\/es\/author\/ao_editor\/"},"uagb_comment_info":0,"uagb_excerpt":"Ni las heladas ni las granizadas de este invierno han impedido que empecemos a cosechar una de las frutas dulces m\u00e1s esperadas de la temporada de verano, \u00a1nuestro melocot\u00f3n de vi\u00f1a! Las complicaciones meteorol\u00f3gicas que hemos vivido este a\u00f1o han hecho que tengamos menos producci\u00f3n, pero, pese a esto, \u00a1son m\u00e1s dulces, sabrosos y carnosos&hellip;","coauthors":[],"tax_additional":{"categories":{"linked":["<a href=\"https:\/\/www.ametllerorigenwp.com\/es\/category\/noticias\/\" class=\"advgb-post-tax-term\">Noticias<\/a>"],"unlinked":["<span class=\"advgb-post-tax-term\">Noticias<\/span>"]}},"comment_count":"0","relative_dates":{"created":"Publicado 4 a\u00f1os hace","modified":"Actualizado 4 a\u00f1os hace"},"absolute_dates":{"created":"Publicado el 14 de julio de 2022","modified":"Actualizado el 14 de julio de 2022"},"absolute_dates_time":{"created":"Publicado el 14 de julio de 2022 12:02","modified":"Actualizado el 14 de julio de 2022 15:04"},"featured_img_caption":"","series_order":"","show_in_app":true,"fecha_inicio_destacado":null,"hora_inicio_visualizacion":null,"minutos_inicio_visualizacion":null,"fecha_final_destacado":null,"hora_final_visualizacion":null,"minutos_final_visualizacion":null,"posicion_visualizacion":null,"estado_destacado":null,"niveles_destacados":null,"url_del_enlace":null,"banner_destacado":null,"posicion_visualizacion_de_la_noticia":null,"estado_noticia":null,"fecha_de_inicio_de_visualizacion_del_tutorial":null,"hora_inicio_visualizacion_tutorial":null,"minutos_inicio_visualizacion_tutorial":null,"fecha_de_final_de_visualizacion_del_tutorial":null,"hora_final_visualizacion_tutorial":null,"minutos_final_visualizacion_tutorial":null,"numero_de_veces_visto":null,"numero_de_veces_total":null,"niveles_tutorial":null,"tutorial_recursos_castellano":null,"tutorial_recursos_catalan":null,"dias_disponibles":null,"dias_de_la_semana":null,"dias_del_mes":null,"other_lang_post_id":null,"lang":"es","campanya_descripcion":null,"campanya_fecha_inicio":null,"campanya_fecha_fin":null,"campanya_legales":null,"campanya_imagen":null,"campanya_characteristics":null,"campanya_url":null,"campanya_posicion_visualizacion":null,"campanya_estado":null,"_links":{"self":[{"href":"https:\/\/www.ametllerorigenwp.com\/es\/wp-json\/wp\/v2\/posts\/5799","targetHints":{"allow":["GET"]}}],"collection":[{"href":"https:\/\/www.ametllerorigenwp.com\/es\/wp-json\/wp\/v2\/posts"}],"about":[{"href":"https:\/\/www.ametllerorigenwp.com\/es\/wp-json\/wp\/v2\/types\/post"}],"author":[{"embeddable":true,"href":"https:\/\/www.ametllerorigenwp.com\/es\/wp-json\/wp\/v2\/users\/3"}],"replies":[{"embeddable":true,"href":"https:\/\/www.ametllerorigenwp.com\/es\/wp-json\/wp\/v2\/comments?post=5799"}],"version-history":[{"count":3,"href":"https:\/\/www.ametllerorigenwp.com\/es\/wp-json\/wp\/v2\/posts\/5799\/revisions"}],"predecessor-version":[{"id":5806,"href":"https:\/\/www.ametllerorigenwp.com\/es\/wp-json\/wp\/v2\/posts\/5799\/revisions\/5806"}],"wp:featuredmedia":[{"embeddable":true,"href":"https:\/\/www.ametllerorigenwp.com\/es\/wp-json\/wp\/v2\/media\/5800"}],"wp:attachment":[{"href":"https:\/\/www.ametllerorigenwp.com\/es\/wp-json\/wp\/v2\/media?parent=5799"}],"wp:term":[{"taxonomy":"category","embeddable":true,"href":"https:\/\/www.ametllerorigenwp.com\/es\/wp-json\/wp\/v2\/categories?post=5799"},{"taxonomy":"post_tag","embeddable":true,"href":"https:\/\/www.ametllerorigenwp.com\/es\/wp-json\/wp\/v2\/tags?post=5799"}],"curies":[{"name":"wp","href":"https:\/\/api.w.org\/{rel}","templated":true}]}}