{"id":5809,"date":"2022-07-15T09:26:17","date_gmt":"2022-07-15T09:26:17","guid":{"rendered":"https:\/\/www.ametllerorigenwp.com\/?p=5809"},"modified":"2022-07-15T13:08:04","modified_gmt":"2022-07-15T13:08:04","slug":"al-lado-de-los-deportistas-en-la-marcha-buff-4-cims","status":"publish","type":"post","link":"https:\/\/www.ametllerorigenwp.com\/es\/al-lado-de-los-deportistas-en-la-marcha-buff-4-cims\/","title":{"rendered":"Al lado de los deportistas en la marcha Buff 4 Cims"},"content":{"rendered":"\n<p>El pasado 10 de julio se celebr\u00f3 la marcha cicloturista Buff 4 Cims en el Pirineo Catal\u00e1n y en la cual participaron m\u00e1s de 1.000 ciclistas. <strong>Con el firme prop\u00f3sito de continuar &nbsp;promoviendo un estilo de vida m\u00e1s saludable y sostenible a trav\u00e9s de una alimentaci\u00f3n<\/strong> nutritiva, placentera y limpia, desde Ametller Origen <strong>colaboramos con la comida de los deportistas, con el fin de ayudarlos a tener una buena recuperaci\u00f3n nutritiva y saludable.<\/strong><\/p>\n\n\n\n<p>Descubre en <a href=\"https:\/\/www.instagram.com\/reel\/CgCInyIglcz\/?igshid=YmMyMTA2M2Y=\">este v\u00eddeo<\/a> un peque\u00f1o resumen de c\u00f3mo fue la jornada.<\/p>\n\n\n\n<p>\u00a1Sigamos avanzando juntos hacia el mundo donde queremos vivir!<\/p>\n","protected":false},"excerpt":{"rendered":"<p>El pasado 10 de julio se celebr\u00f3 la marcha cicloturista Buff 4 Cims en el Pirineo Catal\u00e1n y en la cual participaron m\u00e1s de 1.000 ciclistas. Con el firme prop\u00f3sito de continuar &nbsp;promoviendo un estilo de vida m\u00e1s saludable y sostenible a trav\u00e9s de una alimentaci\u00f3n nutritiva, placentera y limpia, desde Ametller Origen colaboramos con &hellip; <a href=\"https:\/\/www.ametllerorigenwp.com\/es\/al-lado-de-los-deportistas-en-la-marcha-buff-4-cims\/\" class=\"more-link\">Continuar leyendo<span class=\"screen-reader-text\"> \u00abAl lado de los deportistas en la marcha Buff 4 Cims\u00bb<\/span><\/a><\/p>\n","protected":false},"author":3,"featured_media":5810,"comment_status":"open","ping_status":"open","sticky":false,"template":"","format":"standard","meta":{"_uag_custom_page_level_css":"","advgb_blocks_editor_width":"","advgb_blocks_columns_visual_guide":"","footnotes":""},"categories":[1],"tags":[],"class_list":["post-5809","post","type-post","status-publish","format-standard","has-post-thumbnail","hentry","category-noticias"],"author_meta":{"display_name":"Ametller Origen","author_link":"https:\/\/www.ametllerorigenwp.com\/es\/author\/ao_editor\/"},"featured_img":"https:\/\/www.ametllerorigenwp.com\/wp-content\/uploads\/2022\/07\/Nuevo-proyecto-92-1-300x102.jpg","uagb_featured_image_src":{"full":["https:\/\/www.ametllerorigenwp.com\/wp-content\/uploads\/2022\/07\/Nuevo-proyecto-92-1.jpg",1000,340,false],"thumbnail":["https:\/\/www.ametllerorigenwp.com\/wp-content\/uploads\/2022\/07\/Nuevo-proyecto-92-1-150x150.jpg",150,150,true],"medium":["https:\/\/www.ametllerorigenwp.com\/wp-content\/uploads\/2022\/07\/Nuevo-proyecto-92-1-300x102.jpg",300,102,true],"medium_large":["https:\/\/www.ametllerorigenwp.com\/wp-content\/uploads\/2022\/07\/Nuevo-proyecto-92-1-768x261.jpg",768,261,true],"large":["https:\/\/www.ametllerorigenwp.com\/wp-content\/uploads\/2022\/07\/Nuevo-proyecto-92-1.jpg",840,286,false],"1536x1536":["https:\/\/www.ametllerorigenwp.com\/wp-content\/uploads\/2022\/07\/Nuevo-proyecto-92-1.jpg",1000,340,false],"2048x2048":["https:\/\/www.ametllerorigenwp.com\/wp-content\/uploads\/2022\/07\/Nuevo-proyecto-92-1.jpg",1000,340,false],"post-thumbnail":["https:\/\/www.ametllerorigenwp.com\/wp-content\/uploads\/2022\/07\/Nuevo-proyecto-92-1.jpg",1000,340,false]},"uagb_author_info":{"display_name":"Ametller Origen","author_link":"https:\/\/www.ametllerorigenwp.com\/es\/author\/ao_editor\/"},"uagb_comment_info":0,"uagb_excerpt":"El pasado 10 de julio se celebr\u00f3 la marcha cicloturista Buff 4 Cims en el Pirineo Catal\u00e1n y en la cual participaron m\u00e1s de 1.000 ciclistas. Con el firme prop\u00f3sito de continuar &nbsp;promoviendo un estilo de vida m\u00e1s saludable y sostenible a trav\u00e9s de una alimentaci\u00f3n nutritiva, placentera y limpia, desde Ametller Origen colaboramos con&hellip;","coauthors":[],"tax_additional":{"categories":{"linked":["<a href=\"https:\/\/www.ametllerorigenwp.com\/es\/category\/noticias\/\" class=\"advgb-post-tax-term\">Noticias<\/a>"],"unlinked":["<span class=\"advgb-post-tax-term\">Noticias<\/span>"]}},"comment_count":"0","relative_dates":{"created":"Publicado 4 a\u00f1os hace","modified":"Actualizado 4 a\u00f1os hace"},"absolute_dates":{"created":"Publicado el 15 de julio de 2022","modified":"Actualizado el 15 de julio de 2022"},"absolute_dates_time":{"created":"Publicado el 15 de julio de 2022 09:26","modified":"Actualizado el 15 de julio de 2022 13:08"},"featured_img_caption":"","series_order":"","show_in_app":true,"fecha_inicio_destacado":null,"hora_inicio_visualizacion":null,"minutos_inicio_visualizacion":null,"fecha_final_destacado":null,"hora_final_visualizacion":null,"minutos_final_visualizacion":null,"posicion_visualizacion":null,"estado_destacado":null,"niveles_destacados":null,"url_del_enlace":null,"banner_destacado":null,"posicion_visualizacion_de_la_noticia":null,"estado_noticia":null,"fecha_de_inicio_de_visualizacion_del_tutorial":null,"hora_inicio_visualizacion_tutorial":null,"minutos_inicio_visualizacion_tutorial":null,"fecha_de_final_de_visualizacion_del_tutorial":null,"hora_final_visualizacion_tutorial":null,"minutos_final_visualizacion_tutorial":null,"numero_de_veces_visto":null,"numero_de_veces_total":null,"niveles_tutorial":null,"tutorial_recursos_castellano":null,"tutorial_recursos_catalan":null,"dias_disponibles":null,"dias_de_la_semana":null,"dias_del_mes":null,"other_lang_post_id":null,"lang":"es","campanya_descripcion":null,"campanya_fecha_inicio":null,"campanya_fecha_fin":null,"campanya_legales":null,"campanya_imagen":null,"campanya_characteristics":null,"campanya_url":null,"campanya_posicion_visualizacion":null,"campanya_estado":null,"_links":{"self":[{"href":"https:\/\/www.ametllerorigenwp.com\/es\/wp-json\/wp\/v2\/posts\/5809","targetHints":{"allow":["GET"]}}],"collection":[{"href":"https:\/\/www.ametllerorigenwp.com\/es\/wp-json\/wp\/v2\/posts"}],"about":[{"href":"https:\/\/www.ametllerorigenwp.com\/es\/wp-json\/wp\/v2\/types\/post"}],"author":[{"embeddable":true,"href":"https:\/\/www.ametllerorigenwp.com\/es\/wp-json\/wp\/v2\/users\/3"}],"replies":[{"embeddable":true,"href":"https:\/\/www.ametllerorigenwp.com\/es\/wp-json\/wp\/v2\/comments?post=5809"}],"version-history":[{"count":3,"href":"https:\/\/www.ametllerorigenwp.com\/es\/wp-json\/wp\/v2\/posts\/5809\/revisions"}],"predecessor-version":[{"id":5817,"href":"https:\/\/www.ametllerorigenwp.com\/es\/wp-json\/wp\/v2\/posts\/5809\/revisions\/5817"}],"wp:featuredmedia":[{"embeddable":true,"href":"https:\/\/www.ametllerorigenwp.com\/es\/wp-json\/wp\/v2\/media\/5810"}],"wp:attachment":[{"href":"https:\/\/www.ametllerorigenwp.com\/es\/wp-json\/wp\/v2\/media?parent=5809"}],"wp:term":[{"taxonomy":"category","embeddable":true,"href":"https:\/\/www.ametllerorigenwp.com\/es\/wp-json\/wp\/v2\/categories?post=5809"},{"taxonomy":"post_tag","embeddable":true,"href":"https:\/\/www.ametllerorigenwp.com\/es\/wp-json\/wp\/v2\/tags?post=5809"}],"curies":[{"name":"wp","href":"https:\/\/api.w.org\/{rel}","templated":true}]}}