{"id":5818,"date":"2022-07-17T13:08:00","date_gmt":"2022-07-17T13:08:00","guid":{"rendered":"https:\/\/www.ametllerorigenwp.com\/?p=5818"},"modified":"2022-07-15T13:09:25","modified_gmt":"2022-07-15T13:09:25","slug":"sumate-al-nuevo-proyecto-de-economia-circular-con-nosotros","status":"publish","type":"post","link":"https:\/\/www.ametllerorigenwp.com\/es\/sumate-al-nuevo-proyecto-de-economia-circular-con-nosotros\/","title":{"rendered":"\u00a1S\u00famate al nuevo proyecto de econom\u00eda circular con nosotros!"},"content":{"rendered":"\n<p>En l\u00ednea con nuestra estrategia de sostenibilidad y con el compromiso de ser una empresa neutra en emisiones de CO2 el a\u00f1o 2027, hemos dado un paso adelante y <strong>hemos puesto en marcha un proyecto piloto de recogida selectiva de envases<\/strong>, en 15 de nuestras tiendas, <strong>con el objetivo de revalorizarlos y que vuelvan a ser un activo en su cadena de valor.<\/strong><\/p>\n\n\n\n<p>En una primera fase sustituimos los envases de pl\u00e1stico de los platos para llevar, pescado y carne envasada por nuevos envases sostenibles fabricados con cart\u00f3n reciclado y reciclable, y <strong>ahora los consumidores pueden devolver estos envases<\/strong>. El funcionamiento es el siguiente: una vez adquirido uno de los envases, simplemente se debe separar el cart\u00f3n del film de pl\u00e1stico, guardar el cart\u00f3n y llevarlo a tienda, donde premiamos a los consumidores con pasos y descuentos.<\/p>\n\n\n\n<p>Paralelamente, nos encargamos de llevar a cabo <strong>un proceso de log\u00edstica inversa y devolvemos los envases al fabricante para que sean reciclados y se convirtieran en un nuevo envase<\/strong>, maximizando hasta as\u00ed 30 veces el ciclo de reciclaje del material y su circularidad.<\/p>\n\n\n\n<p>Descubre m\u00e1s informaci\u00f3n sobre este proyecto y las tiendas donde se impulsa la acci\u00f3n <a href=\"https:\/\/www.femcami.org\/ca\/sostenibilitat\/economia-circular\/\">aqu\u00ed<\/a>.<\/p>\n","protected":false},"excerpt":{"rendered":"<p>En l\u00ednea con nuestra estrategia de sostenibilidad y con el compromiso de ser una empresa neutra en emisiones de CO2 el a\u00f1o 2027, hemos dado un paso adelante y hemos puesto en marcha un proyecto piloto de recogida selectiva de envases, en 15 de nuestras tiendas, con el objetivo de revalorizarlos y que vuelvan a &hellip; <a href=\"https:\/\/www.ametllerorigenwp.com\/es\/sumate-al-nuevo-proyecto-de-economia-circular-con-nosotros\/\" class=\"more-link\">Continuar leyendo<span class=\"screen-reader-text\"> \u00ab\u00a1S\u00famate al nuevo proyecto de econom\u00eda circular con nosotros!\u00bb<\/span><\/a><\/p>\n","protected":false},"author":3,"featured_media":5819,"comment_status":"open","ping_status":"open","sticky":false,"template":"","format":"standard","meta":{"_uag_custom_page_level_css":"","advgb_blocks_editor_width":"","advgb_blocks_columns_visual_guide":"","footnotes":""},"categories":[1],"tags":[],"class_list":["post-5818","post","type-post","status-publish","format-standard","has-post-thumbnail","hentry","category-noticias"],"author_meta":{"display_name":"Ametller Origen","author_link":"https:\/\/www.ametllerorigenwp.com\/es\/author\/ao_editor\/"},"featured_img":"https:\/\/www.ametllerorigenwp.com\/wp-content\/uploads\/2022\/07\/entrega_halopack-300x102.jpg","uagb_featured_image_src":{"full":["https:\/\/www.ametllerorigenwp.com\/wp-content\/uploads\/2022\/07\/entrega_halopack.jpg",1000,340,false],"thumbnail":["https:\/\/www.ametllerorigenwp.com\/wp-content\/uploads\/2022\/07\/entrega_halopack-150x150.jpg",150,150,true],"medium":["https:\/\/www.ametllerorigenwp.com\/wp-content\/uploads\/2022\/07\/entrega_halopack-300x102.jpg",300,102,true],"medium_large":["https:\/\/www.ametllerorigenwp.com\/wp-content\/uploads\/2022\/07\/entrega_halopack-768x261.jpg",768,261,true],"large":["https:\/\/www.ametllerorigenwp.com\/wp-content\/uploads\/2022\/07\/entrega_halopack.jpg",840,286,false],"1536x1536":["https:\/\/www.ametllerorigenwp.com\/wp-content\/uploads\/2022\/07\/entrega_halopack.jpg",1000,340,false],"2048x2048":["https:\/\/www.ametllerorigenwp.com\/wp-content\/uploads\/2022\/07\/entrega_halopack.jpg",1000,340,false],"post-thumbnail":["https:\/\/www.ametllerorigenwp.com\/wp-content\/uploads\/2022\/07\/entrega_halopack.jpg",1000,340,false]},"uagb_author_info":{"display_name":"Ametller Origen","author_link":"https:\/\/www.ametllerorigenwp.com\/es\/author\/ao_editor\/"},"uagb_comment_info":0,"uagb_excerpt":"En l\u00ednea con nuestra estrategia de sostenibilidad y con el compromiso de ser una empresa neutra en emisiones de CO2 el a\u00f1o 2027, hemos dado un paso adelante y hemos puesto en marcha un proyecto piloto de recogida selectiva de envases, en 15 de nuestras tiendas, con el objetivo de revalorizarlos y que vuelvan a&hellip;","coauthors":[],"tax_additional":{"categories":{"linked":["<a href=\"https:\/\/www.ametllerorigenwp.com\/es\/category\/noticias\/\" class=\"advgb-post-tax-term\">Noticias<\/a>"],"unlinked":["<span class=\"advgb-post-tax-term\">Noticias<\/span>"]}},"comment_count":"0","relative_dates":{"created":"Publicado 4 a\u00f1os hace","modified":"Actualizado 4 a\u00f1os hace"},"absolute_dates":{"created":"Publicado el 17 de julio de 2022","modified":"Actualizado el 15 de julio de 2022"},"absolute_dates_time":{"created":"Publicado el 17 de julio de 2022 13:08","modified":"Actualizado el 15 de julio de 2022 13:09"},"featured_img_caption":"","series_order":"","show_in_app":true,"fecha_inicio_destacado":null,"hora_inicio_visualizacion":null,"minutos_inicio_visualizacion":null,"fecha_final_destacado":null,"hora_final_visualizacion":null,"minutos_final_visualizacion":null,"posicion_visualizacion":null,"estado_destacado":null,"niveles_destacados":null,"url_del_enlace":null,"banner_destacado":null,"posicion_visualizacion_de_la_noticia":null,"estado_noticia":null,"fecha_de_inicio_de_visualizacion_del_tutorial":null,"hora_inicio_visualizacion_tutorial":null,"minutos_inicio_visualizacion_tutorial":null,"fecha_de_final_de_visualizacion_del_tutorial":null,"hora_final_visualizacion_tutorial":null,"minutos_final_visualizacion_tutorial":null,"numero_de_veces_visto":null,"numero_de_veces_total":null,"niveles_tutorial":null,"tutorial_recursos_castellano":null,"tutorial_recursos_catalan":null,"dias_disponibles":null,"dias_de_la_semana":null,"dias_del_mes":null,"other_lang_post_id":null,"lang":"es","campanya_descripcion":null,"campanya_fecha_inicio":null,"campanya_fecha_fin":null,"campanya_legales":null,"campanya_imagen":null,"campanya_characteristics":null,"campanya_url":null,"campanya_posicion_visualizacion":null,"campanya_estado":null,"_links":{"self":[{"href":"https:\/\/www.ametllerorigenwp.com\/es\/wp-json\/wp\/v2\/posts\/5818","targetHints":{"allow":["GET"]}}],"collection":[{"href":"https:\/\/www.ametllerorigenwp.com\/es\/wp-json\/wp\/v2\/posts"}],"about":[{"href":"https:\/\/www.ametllerorigenwp.com\/es\/wp-json\/wp\/v2\/types\/post"}],"author":[{"embeddable":true,"href":"https:\/\/www.ametllerorigenwp.com\/es\/wp-json\/wp\/v2\/users\/3"}],"replies":[{"embeddable":true,"href":"https:\/\/www.ametllerorigenwp.com\/es\/wp-json\/wp\/v2\/comments?post=5818"}],"version-history":[{"count":1,"href":"https:\/\/www.ametllerorigenwp.com\/es\/wp-json\/wp\/v2\/posts\/5818\/revisions"}],"predecessor-version":[{"id":5821,"href":"https:\/\/www.ametllerorigenwp.com\/es\/wp-json\/wp\/v2\/posts\/5818\/revisions\/5821"}],"wp:featuredmedia":[{"embeddable":true,"href":"https:\/\/www.ametllerorigenwp.com\/es\/wp-json\/wp\/v2\/media\/5819"}],"wp:attachment":[{"href":"https:\/\/www.ametllerorigenwp.com\/es\/wp-json\/wp\/v2\/media?parent=5818"}],"wp:term":[{"taxonomy":"category","embeddable":true,"href":"https:\/\/www.ametllerorigenwp.com\/es\/wp-json\/wp\/v2\/categories?post=5818"},{"taxonomy":"post_tag","embeddable":true,"href":"https:\/\/www.ametllerorigenwp.com\/es\/wp-json\/wp\/v2\/tags?post=5818"}],"curies":[{"name":"wp","href":"https:\/\/api.w.org\/{rel}","templated":true}]}}