{"id":5877,"date":"2022-07-25T12:43:16","date_gmt":"2022-07-25T12:43:16","guid":{"rendered":"https:\/\/www.ametllerorigenwp.com\/?p=5877"},"modified":"2022-07-25T16:10:53","modified_gmt":"2022-07-25T16:10:53","slug":"lectura-de-verano-ya-puedes-leer-el-cuarto-numero-de-la-revista-fem-cami","status":"publish","type":"post","link":"https:\/\/www.ametllerorigenwp.com\/es\/lectura-de-verano-ya-puedes-leer-el-cuarto-numero-de-la-revista-fem-cami\/","title":{"rendered":"Lectura de verano: ya puedes leer el cuarto n\u00famero de la revista Fem Cam\u00ed"},"content":{"rendered":"\n<p>Estamos muy contentos de <strong>presentarte la nueva edici\u00f3n de la revista Fem Cam\u00ed<\/strong>, <strong>que ya puedes encontrar en todas nuestras tiendas y <a href=\"https:\/\/www.femcami.org\/es\/revista-fem-cami\/fem-cami-julio-2022\/\">online<\/a><\/strong>.<\/p>\n\n\n\n<p>En este cuarto n\u00famero podr\u00e1s conocer de primera mano el proyecto \u2018Cocina Solidaria\u2019 que hemos puesto en marcha con la participaci\u00f3n de los deportistas <strong>Juan Carlos Unzu\u00e9, Aitana Bonmat\u00ed, Ona Carbonell, Alex Corretja, Al\u00e8xia Putellas y los chefs Albert Adri\u00e0, Ada Parellada, Joan Roca, Carme Ruscalleda y Nandu Jubany<\/strong>, as\u00ed como leer la entrevista que le hemos hecho a Unzu\u00e9.<\/p>\n\n\n\n<p>Asimismo, encontrar\u00e1s las recetas de temporada de las chefs <strong>Carme Ruscalleda, Ada Parellada y Cintet<\/strong>, as\u00ed como los <strong>art\u00edculos del Dr. Carlos Casabona, Pep Nogu\u00e9, Antonio Cerrillo o Tom\u00e0s Molina, el men\u00fa de los 30 alimentos de origen vegetal o las nuevas tendencias alimentarias que vienen<\/strong>.<\/p>\n\n\n\n<p>\u00a1Disfruta de la revista y feliz lectura!&nbsp;<\/p>\n","protected":false},"excerpt":{"rendered":"<p>Estamos muy contentos de presentarte la nueva edici\u00f3n de la revista Fem Cam\u00ed, que ya puedes encontrar en todas nuestras tiendas y online. En este cuarto n\u00famero podr\u00e1s conocer de primera mano el proyecto \u2018Cocina Solidaria\u2019 que hemos puesto en marcha con la participaci\u00f3n de los deportistas Juan Carlos Unzu\u00e9, Aitana Bonmat\u00ed, Ona Carbonell, Alex &hellip; <a href=\"https:\/\/www.ametllerorigenwp.com\/es\/lectura-de-verano-ya-puedes-leer-el-cuarto-numero-de-la-revista-fem-cami\/\" class=\"more-link\">Continuar leyendo<span class=\"screen-reader-text\"> \u00abLectura de verano: ya puedes leer el cuarto n\u00famero de la revista Fem Cam\u00ed\u00bb<\/span><\/a><\/p>\n","protected":false},"author":3,"featured_media":5886,"comment_status":"open","ping_status":"open","sticky":false,"template":"","format":"standard","meta":{"_uag_custom_page_level_css":"","advgb_blocks_editor_width":"","advgb_blocks_columns_visual_guide":"","footnotes":""},"categories":[1],"tags":[],"class_list":["post-5877","post","type-post","status-publish","format-standard","has-post-thumbnail","hentry","category-noticias"],"author_meta":{"display_name":"Ametller Origen","author_link":"https:\/\/www.ametllerorigenwp.com\/es\/author\/ao_editor\/"},"featured_img":"https:\/\/www.ametllerorigenwp.com\/wp-content\/uploads\/2022\/07\/Foto_App-300x102.jpg","uagb_featured_image_src":{"full":["https:\/\/www.ametllerorigenwp.com\/wp-content\/uploads\/2022\/07\/Foto_App.jpg",1000,340,false],"thumbnail":["https:\/\/www.ametllerorigenwp.com\/wp-content\/uploads\/2022\/07\/Foto_App-150x150.jpg",150,150,true],"medium":["https:\/\/www.ametllerorigenwp.com\/wp-content\/uploads\/2022\/07\/Foto_App-300x102.jpg",300,102,true],"medium_large":["https:\/\/www.ametllerorigenwp.com\/wp-content\/uploads\/2022\/07\/Foto_App-768x261.jpg",768,261,true],"large":["https:\/\/www.ametllerorigenwp.com\/wp-content\/uploads\/2022\/07\/Foto_App.jpg",840,286,false],"1536x1536":["https:\/\/www.ametllerorigenwp.com\/wp-content\/uploads\/2022\/07\/Foto_App.jpg",1000,340,false],"2048x2048":["https:\/\/www.ametllerorigenwp.com\/wp-content\/uploads\/2022\/07\/Foto_App.jpg",1000,340,false],"post-thumbnail":["https:\/\/www.ametllerorigenwp.com\/wp-content\/uploads\/2022\/07\/Foto_App.jpg",1000,340,false]},"uagb_author_info":{"display_name":"Ametller Origen","author_link":"https:\/\/www.ametllerorigenwp.com\/es\/author\/ao_editor\/"},"uagb_comment_info":0,"uagb_excerpt":"Estamos muy contentos de presentarte la nueva edici\u00f3n de la revista Fem Cam\u00ed, que ya puedes encontrar en todas nuestras tiendas y online. En este cuarto n\u00famero podr\u00e1s conocer de primera mano el proyecto \u2018Cocina Solidaria\u2019 que hemos puesto en marcha con la participaci\u00f3n de los deportistas Juan Carlos Unzu\u00e9, Aitana Bonmat\u00ed, Ona Carbonell, Alex&hellip;","coauthors":[],"tax_additional":{"categories":{"linked":["<a href=\"https:\/\/www.ametllerorigenwp.com\/es\/category\/noticias\/\" class=\"advgb-post-tax-term\">Noticias<\/a>"],"unlinked":["<span class=\"advgb-post-tax-term\">Noticias<\/span>"]}},"comment_count":"0","relative_dates":{"created":"Publicado 4 a\u00f1os hace","modified":"Actualizado 4 a\u00f1os hace"},"absolute_dates":{"created":"Publicado el 25 de julio de 2022","modified":"Actualizado el 25 de julio de 2022"},"absolute_dates_time":{"created":"Publicado el 25 de julio de 2022 12:43","modified":"Actualizado el 25 de julio de 2022 16:10"},"featured_img_caption":"","series_order":"","show_in_app":true,"fecha_inicio_destacado":null,"hora_inicio_visualizacion":null,"minutos_inicio_visualizacion":null,"fecha_final_destacado":null,"hora_final_visualizacion":null,"minutos_final_visualizacion":null,"posicion_visualizacion":null,"estado_destacado":null,"niveles_destacados":null,"url_del_enlace":null,"banner_destacado":null,"posicion_visualizacion_de_la_noticia":null,"estado_noticia":null,"fecha_de_inicio_de_visualizacion_del_tutorial":null,"hora_inicio_visualizacion_tutorial":null,"minutos_inicio_visualizacion_tutorial":null,"fecha_de_final_de_visualizacion_del_tutorial":null,"hora_final_visualizacion_tutorial":null,"minutos_final_visualizacion_tutorial":null,"numero_de_veces_visto":null,"numero_de_veces_total":null,"niveles_tutorial":null,"tutorial_recursos_castellano":null,"tutorial_recursos_catalan":null,"dias_disponibles":null,"dias_de_la_semana":null,"dias_del_mes":null,"other_lang_post_id":null,"lang":"es","campanya_descripcion":null,"campanya_fecha_inicio":null,"campanya_fecha_fin":null,"campanya_legales":null,"campanya_imagen":null,"campanya_characteristics":null,"campanya_url":null,"campanya_posicion_visualizacion":null,"campanya_estado":null,"_links":{"self":[{"href":"https:\/\/www.ametllerorigenwp.com\/es\/wp-json\/wp\/v2\/posts\/5877","targetHints":{"allow":["GET"]}}],"collection":[{"href":"https:\/\/www.ametllerorigenwp.com\/es\/wp-json\/wp\/v2\/posts"}],"about":[{"href":"https:\/\/www.ametllerorigenwp.com\/es\/wp-json\/wp\/v2\/types\/post"}],"author":[{"embeddable":true,"href":"https:\/\/www.ametllerorigenwp.com\/es\/wp-json\/wp\/v2\/users\/3"}],"replies":[{"embeddable":true,"href":"https:\/\/www.ametllerorigenwp.com\/es\/wp-json\/wp\/v2\/comments?post=5877"}],"version-history":[{"count":6,"href":"https:\/\/www.ametllerorigenwp.com\/es\/wp-json\/wp\/v2\/posts\/5877\/revisions"}],"predecessor-version":[{"id":5900,"href":"https:\/\/www.ametllerorigenwp.com\/es\/wp-json\/wp\/v2\/posts\/5877\/revisions\/5900"}],"wp:featuredmedia":[{"embeddable":true,"href":"https:\/\/www.ametllerorigenwp.com\/es\/wp-json\/wp\/v2\/media\/5886"}],"wp:attachment":[{"href":"https:\/\/www.ametllerorigenwp.com\/es\/wp-json\/wp\/v2\/media?parent=5877"}],"wp:term":[{"taxonomy":"category","embeddable":true,"href":"https:\/\/www.ametllerorigenwp.com\/es\/wp-json\/wp\/v2\/categories?post=5877"},{"taxonomy":"post_tag","embeddable":true,"href":"https:\/\/www.ametllerorigenwp.com\/es\/wp-json\/wp\/v2\/tags?post=5877"}],"curies":[{"name":"wp","href":"https:\/\/api.w.org\/{rel}","templated":true}]}}