{"id":654,"date":"2020-12-30T11:43:13","date_gmt":"2020-12-30T11:43:13","guid":{"rendered":"https:\/\/www.ametllerorigenwp.com\/?p=654"},"modified":"2021-02-04T11:44:22","modified_gmt":"2021-02-04T11:44:22","slug":"2027-empresa-neutra-en-emisiones-de-co2","status":"publish","type":"post","link":"https:\/\/www.ametllerorigenwp.com\/es\/2027-empresa-neutra-en-emisiones-de-co2\/","title":{"rendered":"2027: Empresa neutra en emisiones de CO2"},"content":{"rendered":"\n<p id=\"E176\">Con el firme compromiso de reducir el impacto medioambiental, en Ametller Origen nos hemos fijado como objetivo ser una empresa neutra en emisiones de CO2 en 2027, veintitr\u00e9s a\u00f1os antes de los objetivos gubernamentales aprobados en el acuerdo de Par\u00eds. Si se cumple este acuerdo, el aumento de la temperatura el a\u00f1o 2100 ser\u00e1 solo de 2,1\u00ba.<\/p>\n\n\n\n<p id=\"E182\">Para conseguirlo, hemos plantado ya m\u00e1s de 80 semillas que se corresponden a acciones de mejora en el \u00e1mbito de la salud y la sostenibilidad.<\/p>\n\n\n\n<p id=\"E186\">Solo con las semillas 12, 14, 15 en las que hemos sustituido el pl\u00e1stico por residuo de ca\u00f1a de az\u00facar, hemos reducido 80 toneladas de pl\u00e1stico al a\u00f1o. Este es un camino que no termina nunca y que entre todos podemos continuar construyendo.<\/p>\n","protected":false},"excerpt":{"rendered":"<p>Con el firme compromiso de reducir el impacto medioambiental, en Ametller Origen nos hemos fijado como objetivo ser una empresa neutra en emisiones de CO2 en 2027, veintitr\u00e9s a\u00f1os antes de los objetivos gubernamentales aprobados en el acuerdo de Par\u00eds. Si se cumple este acuerdo, el aumento de la temperatura el a\u00f1o 2100 ser\u00e1 solo &hellip; <a href=\"https:\/\/www.ametllerorigenwp.com\/es\/2027-empresa-neutra-en-emisiones-de-co2\/\" class=\"more-link\">Continuar leyendo<span class=\"screen-reader-text\"> \u00ab2027: Empresa neutra en emisiones de CO2\u00bb<\/span><\/a><\/p>\n","protected":false},"author":3,"featured_media":652,"comment_status":"closed","ping_status":"closed","sticky":false,"template":"","format":"standard","meta":{"_uag_custom_page_level_css":"","advgb_blocks_editor_width":"","advgb_blocks_columns_visual_guide":"","footnotes":""},"categories":[1],"tags":[],"class_list":["post-654","post","type-post","status-publish","format-standard","has-post-thumbnail","hentry","category-noticias"],"author_meta":{"display_name":"Ametller Origen","author_link":"https:\/\/www.ametllerorigenwp.com\/es\/author\/ao_editor\/"},"featured_img":"https:\/\/www.ametllerorigenwp.com\/wp-content\/uploads\/2021\/02\/pexels-singkham-1108572-300x200.jpg","uagb_featured_image_src":{"full":["https:\/\/www.ametllerorigenwp.com\/wp-content\/uploads\/2021\/02\/pexels-singkham-1108572-scaled.jpg",2560,1709,false],"thumbnail":["https:\/\/www.ametllerorigenwp.com\/wp-content\/uploads\/2021\/02\/pexels-singkham-1108572-150x150.jpg",150,150,true],"medium":["https:\/\/www.ametllerorigenwp.com\/wp-content\/uploads\/2021\/02\/pexels-singkham-1108572-300x200.jpg",300,200,true],"medium_large":["https:\/\/www.ametllerorigenwp.com\/wp-content\/uploads\/2021\/02\/pexels-singkham-1108572-768x513.jpg",768,513,true],"large":["https:\/\/www.ametllerorigenwp.com\/wp-content\/uploads\/2021\/02\/pexels-singkham-1108572-1024x683.jpg",840,560,true],"1536x1536":["https:\/\/www.ametllerorigenwp.com\/wp-content\/uploads\/2021\/02\/pexels-singkham-1108572-1536x1025.jpg",1536,1025,true],"2048x2048":["https:\/\/www.ametllerorigenwp.com\/wp-content\/uploads\/2021\/02\/pexels-singkham-1108572-2048x1367.jpg",2048,1367,true],"post-thumbnail":["https:\/\/www.ametllerorigenwp.com\/wp-content\/uploads\/2021\/02\/pexels-singkham-1108572-1200x801.jpg",1200,801,true]},"uagb_author_info":{"display_name":"Ametller Origen","author_link":"https:\/\/www.ametllerorigenwp.com\/es\/author\/ao_editor\/"},"uagb_comment_info":0,"uagb_excerpt":"Con el firme compromiso de reducir el impacto medioambiental, en Ametller Origen nos hemos fijado como objetivo ser una empresa neutra en emisiones de CO2 en 2027, veintitr\u00e9s a\u00f1os antes de los objetivos gubernamentales aprobados en el acuerdo de Par\u00eds. Si se cumple este acuerdo, el aumento de la temperatura el a\u00f1o 2100 ser\u00e1 solo&hellip;","coauthors":[],"tax_additional":{"categories":{"linked":["<a href=\"https:\/\/www.ametllerorigenwp.com\/es\/category\/noticias\/\" class=\"advgb-post-tax-term\">Noticias<\/a>"],"unlinked":["<span class=\"advgb-post-tax-term\">Noticias<\/span>"]}},"comment_count":"0","relative_dates":{"created":"Publicado 5 a\u00f1os hace","modified":"Actualizado 5 a\u00f1os hace"},"absolute_dates":{"created":"Publicado el 30 de diciembre de 2020","modified":"Actualizado el 4 de febrero de 2021"},"absolute_dates_time":{"created":"Publicado el 30 de diciembre de 2020 11:43","modified":"Actualizado el 4 de febrero de 2021 11:44"},"featured_img_caption":"","series_order":"","show_in_app":true,"fecha_inicio_destacado":null,"hora_inicio_visualizacion":null,"minutos_inicio_visualizacion":null,"fecha_final_destacado":null,"hora_final_visualizacion":null,"minutos_final_visualizacion":null,"posicion_visualizacion":null,"estado_destacado":null,"niveles_destacados":null,"url_del_enlace":null,"banner_destacado":null,"posicion_visualizacion_de_la_noticia":null,"estado_noticia":null,"fecha_de_inicio_de_visualizacion_del_tutorial":null,"hora_inicio_visualizacion_tutorial":null,"minutos_inicio_visualizacion_tutorial":null,"fecha_de_final_de_visualizacion_del_tutorial":null,"hora_final_visualizacion_tutorial":null,"minutos_final_visualizacion_tutorial":null,"numero_de_veces_visto":null,"numero_de_veces_total":null,"niveles_tutorial":null,"tutorial_recursos_castellano":null,"tutorial_recursos_catalan":null,"dias_disponibles":null,"dias_de_la_semana":null,"dias_del_mes":null,"other_lang_post_id":650,"lang":"es","campanya_descripcion":null,"campanya_fecha_inicio":null,"campanya_fecha_fin":null,"campanya_legales":null,"campanya_imagen":null,"campanya_characteristics":null,"campanya_url":null,"campanya_posicion_visualizacion":null,"campanya_estado":null,"_links":{"self":[{"href":"https:\/\/www.ametllerorigenwp.com\/es\/wp-json\/wp\/v2\/posts\/654","targetHints":{"allow":["GET"]}}],"collection":[{"href":"https:\/\/www.ametllerorigenwp.com\/es\/wp-json\/wp\/v2\/posts"}],"about":[{"href":"https:\/\/www.ametllerorigenwp.com\/es\/wp-json\/wp\/v2\/types\/post"}],"author":[{"embeddable":true,"href":"https:\/\/www.ametllerorigenwp.com\/es\/wp-json\/wp\/v2\/users\/3"}],"replies":[{"embeddable":true,"href":"https:\/\/www.ametllerorigenwp.com\/es\/wp-json\/wp\/v2\/comments?post=654"}],"version-history":[{"count":1,"href":"https:\/\/www.ametllerorigenwp.com\/es\/wp-json\/wp\/v2\/posts\/654\/revisions"}],"predecessor-version":[{"id":655,"href":"https:\/\/www.ametllerorigenwp.com\/es\/wp-json\/wp\/v2\/posts\/654\/revisions\/655"}],"wp:featuredmedia":[{"embeddable":true,"href":"https:\/\/www.ametllerorigenwp.com\/es\/wp-json\/wp\/v2\/media\/652"}],"wp:attachment":[{"href":"https:\/\/www.ametllerorigenwp.com\/es\/wp-json\/wp\/v2\/media?parent=654"}],"wp:term":[{"taxonomy":"category","embeddable":true,"href":"https:\/\/www.ametllerorigenwp.com\/es\/wp-json\/wp\/v2\/categories?post=654"},{"taxonomy":"post_tag","embeddable":true,"href":"https:\/\/www.ametllerorigenwp.com\/es\/wp-json\/wp\/v2\/tags?post=654"}],"curies":[{"name":"wp","href":"https:\/\/api.w.org\/{rel}","templated":true}]}}