{"id":6585,"date":"2022-11-16T15:02:51","date_gmt":"2022-11-16T15:02:51","guid":{"rendered":"https:\/\/www.ametllerorigenwp.com\/?p=6585"},"modified":"2022-11-16T18:15:44","modified_gmt":"2022-11-16T18:15:44","slug":"el-piloto-de-motos-aleix-espargaro-y-el-chef-vicent-guimera-se-suman-al-proyecto-cocina-solidaria-que-ya-lleva-recaudados-30-925e","status":"publish","type":"post","link":"https:\/\/www.ametllerorigenwp.com\/es\/el-piloto-de-motos-aleix-espargaro-y-el-chef-vicent-guimera-se-suman-al-proyecto-cocina-solidaria-que-ya-lleva-recaudados-30-925e\/","title":{"rendered":"El piloto de motos Aleix Espargar\u00f3 y el chef Vicent Guimer\u00e0 se suman al proyecto \u2018Cocina Solidaria\u2019 que ya lleva recaudados 31.000\u20ac"},"content":{"rendered":"\n<p><strong>Estamos muy satisfechos de anunciar que el piloto de motociclismo Aleix Espargar\u00f3 y el chef con estrella Michelin y estrella verde Michelin del Antic Mol\u00ed, Vicent Guimer\u00e0, se han unido al proyecto \u2018Cocina Solidaria\u2019<\/strong>, que pusimos en marcha con Juan Carlos Unzu\u00e9 en junio, coincidiendo con el D\u00eda Mundial de la ELA. El objetivo de esta iniciativa solidaria es recaudar fondos para la Fundaci\u00f3n Catalana d\u2019ELA Miquel Valls, que trabaja para contribuir en la mejora de la calidad de vida de los pacientes y sus familiares.<\/p>\n\n\n\n<p><strong>En tan solo cinco meses, hemos recaudado ya un total de 31.000\u20ac, que ir\u00e1n \u00edntegramente destinados a la Fundaci\u00f3n<\/strong>. \u201c<em>Estamos muy agradecidos y satisfechos de la buena acogida que ha tenido el proyecto y solo podemos dar las gracias a nuestros clientes por su solidaridad<\/em>\u201d, ha explicado <strong>el consejero delegado y cofundador de Ametller Origen, Josep Ametller<\/strong>.\u00a0<\/p>\n\n\n\n<p>\u00a1Sigamos avanzando juntos hacia el mundo donde queremos vivir!<\/p>\n","protected":false},"excerpt":{"rendered":"<p>Estamos muy satisfechos de anunciar que el piloto de motociclismo Aleix Espargar\u00f3 y el chef con estrella Michelin y estrella verde Michelin del Antic Mol\u00ed, Vicent Guimer\u00e0, se han unido al proyecto \u2018Cocina Solidaria\u2019, que pusimos en marcha con Juan Carlos Unzu\u00e9 en junio, coincidiendo con el D\u00eda Mundial de la ELA. El objetivo de &hellip; <a href=\"https:\/\/www.ametllerorigenwp.com\/es\/el-piloto-de-motos-aleix-espargaro-y-el-chef-vicent-guimera-se-suman-al-proyecto-cocina-solidaria-que-ya-lleva-recaudados-30-925e\/\" class=\"more-link\">Continuar leyendo<span class=\"screen-reader-text\"> \u00abEl piloto de motos Aleix Espargar\u00f3 y el chef Vicent Guimer\u00e0 se suman al proyecto \u2018Cocina Solidaria\u2019 que ya lleva recaudados 31.000\u20ac\u00bb<\/span><\/a><\/p>\n","protected":false},"author":3,"featured_media":6586,"comment_status":"closed","ping_status":"closed","sticky":false,"template":"","format":"standard","meta":{"_uag_custom_page_level_css":"","advgb_blocks_editor_width":"","advgb_blocks_columns_visual_guide":"","footnotes":""},"categories":[1],"tags":[],"class_list":["post-6585","post","type-post","status-publish","format-standard","has-post-thumbnail","hentry","category-noticias"],"author_meta":{"display_name":"Ametller Origen","author_link":"https:\/\/www.ametllerorigenwp.com\/es\/author\/ao_editor\/"},"featured_img":"https:\/\/www.ametllerorigenwp.com\/wp-content\/uploads\/2022\/11\/APP_DEST_CUINA_SOLIDARIA_ES-300x102.jpg","uagb_featured_image_src":{"full":["https:\/\/www.ametllerorigenwp.com\/wp-content\/uploads\/2022\/11\/APP_DEST_CUINA_SOLIDARIA_ES.jpg",1000,340,false],"thumbnail":["https:\/\/www.ametllerorigenwp.com\/wp-content\/uploads\/2022\/11\/APP_DEST_CUINA_SOLIDARIA_ES-150x150.jpg",150,150,true],"medium":["https:\/\/www.ametllerorigenwp.com\/wp-content\/uploads\/2022\/11\/APP_DEST_CUINA_SOLIDARIA_ES-300x102.jpg",300,102,true],"medium_large":["https:\/\/www.ametllerorigenwp.com\/wp-content\/uploads\/2022\/11\/APP_DEST_CUINA_SOLIDARIA_ES-768x261.jpg",768,261,true],"large":["https:\/\/www.ametllerorigenwp.com\/wp-content\/uploads\/2022\/11\/APP_DEST_CUINA_SOLIDARIA_ES.jpg",840,286,false],"1536x1536":["https:\/\/www.ametllerorigenwp.com\/wp-content\/uploads\/2022\/11\/APP_DEST_CUINA_SOLIDARIA_ES.jpg",1000,340,false],"2048x2048":["https:\/\/www.ametllerorigenwp.com\/wp-content\/uploads\/2022\/11\/APP_DEST_CUINA_SOLIDARIA_ES.jpg",1000,340,false],"post-thumbnail":["https:\/\/www.ametllerorigenwp.com\/wp-content\/uploads\/2022\/11\/APP_DEST_CUINA_SOLIDARIA_ES.jpg",1000,340,false]},"uagb_author_info":{"display_name":"Ametller Origen","author_link":"https:\/\/www.ametllerorigenwp.com\/es\/author\/ao_editor\/"},"uagb_comment_info":0,"uagb_excerpt":"Estamos muy satisfechos de anunciar que el piloto de motociclismo Aleix Espargar\u00f3 y el chef con estrella Michelin y estrella verde Michelin del Antic Mol\u00ed, Vicent Guimer\u00e0, se han unido al proyecto \u2018Cocina Solidaria\u2019, que pusimos en marcha con Juan Carlos Unzu\u00e9 en junio, coincidiendo con el D\u00eda Mundial de la ELA. El objetivo de&hellip;","coauthors":[],"tax_additional":{"categories":{"linked":["<a href=\"https:\/\/www.ametllerorigenwp.com\/es\/category\/noticias\/\" class=\"advgb-post-tax-term\">Noticias<\/a>"],"unlinked":["<span class=\"advgb-post-tax-term\">Noticias<\/span>"]}},"comment_count":"0","relative_dates":{"created":"Publicado 3 a\u00f1os hace","modified":"Actualizado 3 a\u00f1os hace"},"absolute_dates":{"created":"Publicado el 16 de noviembre de 2022","modified":"Actualizado el 16 de noviembre de 2022"},"absolute_dates_time":{"created":"Publicado el 16 de noviembre de 2022 15:02","modified":"Actualizado el 16 de noviembre de 2022 18:15"},"featured_img_caption":"","series_order":"","show_in_app":true,"fecha_inicio_destacado":null,"hora_inicio_visualizacion":null,"minutos_inicio_visualizacion":null,"fecha_final_destacado":null,"hora_final_visualizacion":null,"minutos_final_visualizacion":null,"posicion_visualizacion":null,"estado_destacado":null,"niveles_destacados":null,"url_del_enlace":null,"banner_destacado":null,"posicion_visualizacion_de_la_noticia":null,"estado_noticia":null,"fecha_de_inicio_de_visualizacion_del_tutorial":null,"hora_inicio_visualizacion_tutorial":null,"minutos_inicio_visualizacion_tutorial":null,"fecha_de_final_de_visualizacion_del_tutorial":null,"hora_final_visualizacion_tutorial":null,"minutos_final_visualizacion_tutorial":null,"numero_de_veces_visto":null,"numero_de_veces_total":null,"niveles_tutorial":null,"tutorial_recursos_castellano":null,"tutorial_recursos_catalan":null,"dias_disponibles":null,"dias_de_la_semana":null,"dias_del_mes":null,"other_lang_post_id":null,"lang":"es","campanya_descripcion":null,"campanya_fecha_inicio":null,"campanya_fecha_fin":null,"campanya_legales":null,"campanya_imagen":null,"campanya_characteristics":null,"campanya_url":null,"campanya_posicion_visualizacion":null,"campanya_estado":null,"_links":{"self":[{"href":"https:\/\/www.ametllerorigenwp.com\/es\/wp-json\/wp\/v2\/posts\/6585","targetHints":{"allow":["GET"]}}],"collection":[{"href":"https:\/\/www.ametllerorigenwp.com\/es\/wp-json\/wp\/v2\/posts"}],"about":[{"href":"https:\/\/www.ametllerorigenwp.com\/es\/wp-json\/wp\/v2\/types\/post"}],"author":[{"embeddable":true,"href":"https:\/\/www.ametllerorigenwp.com\/es\/wp-json\/wp\/v2\/users\/3"}],"replies":[{"embeddable":true,"href":"https:\/\/www.ametllerorigenwp.com\/es\/wp-json\/wp\/v2\/comments?post=6585"}],"version-history":[{"count":3,"href":"https:\/\/www.ametllerorigenwp.com\/es\/wp-json\/wp\/v2\/posts\/6585\/revisions"}],"predecessor-version":[{"id":6597,"href":"https:\/\/www.ametllerorigenwp.com\/es\/wp-json\/wp\/v2\/posts\/6585\/revisions\/6597"}],"wp:featuredmedia":[{"embeddable":true,"href":"https:\/\/www.ametllerorigenwp.com\/es\/wp-json\/wp\/v2\/media\/6586"}],"wp:attachment":[{"href":"https:\/\/www.ametllerorigenwp.com\/es\/wp-json\/wp\/v2\/media?parent=6585"}],"wp:term":[{"taxonomy":"category","embeddable":true,"href":"https:\/\/www.ametllerorigenwp.com\/es\/wp-json\/wp\/v2\/categories?post=6585"},{"taxonomy":"post_tag","embeddable":true,"href":"https:\/\/www.ametllerorigenwp.com\/es\/wp-json\/wp\/v2\/tags?post=6585"}],"curies":[{"name":"wp","href":"https:\/\/api.w.org\/{rel}","templated":true}]}}