{"id":6605,"date":"2022-11-17T17:41:28","date_gmt":"2022-11-17T17:41:28","guid":{"rendered":"https:\/\/www.ametllerorigenwp.com\/?p=6605"},"modified":"2022-11-17T20:27:47","modified_gmt":"2022-11-17T20:27:47","slug":"exito-de-participacion-en-la-i-caminata-solidaria-directe-al-cor","status":"publish","type":"post","link":"https:\/\/www.ametllerorigenwp.com\/es\/exito-de-participacion-en-la-i-caminata-solidaria-directe-al-cor\/","title":{"rendered":"\u00c9xito de participaci\u00f3n en la I Caminata solidaria \u2018Directe al cor\u2019"},"content":{"rendered":"\n<p>El pasado domingo, <strong>m\u00e1s de 1.000 personas se reunieron en el Pened\u00e8s, concretamente en Gelida, para participar en la I Caminada solidaria \u2018Directe al cor\u2019<\/strong>, que organizamos junto con el Centre Excursionista del Pened\u00e8s con el objetivo de recaudar fondos para La Marat\u00f3, que este a\u00f1o est\u00e1 dedicada a las enfermedades cardiovasculares.<\/p>\n\n\n\n<p>Fue una jornada festiva, familiar y especialmente solidaria, donde <strong>conseguimos recaudar 9.660 \u20ac para la investigaci\u00f3n de las enfermedades cardiovasculares y mejorar la esperanza de vida de las personas afectadas<\/strong>.<\/p>\n\n\n\n<p>\u00a1Mira el v\u00eddeo de la caminada <a href=\"https:\/\/www.instagram.com\/reel\/ClEtSiyoH0G\/?igshid=YmMyMTA2M2Y=\">aqu\u00ed<\/a>! Muchas gracias a todos por vuestra solidaridad.<\/p>\n","protected":false},"excerpt":{"rendered":"<p>El pasado domingo, m\u00e1s de 1.000 personas se reunieron en el Pened\u00e8s, concretamente en Gelida, para participar en la I Caminada solidaria \u2018Directe al cor\u2019, que organizamos junto con el Centre Excursionista del Pened\u00e8s con el objetivo de recaudar fondos para La Marat\u00f3, que este a\u00f1o est\u00e1 dedicada a las enfermedades cardiovasculares. Fue una jornada &hellip; <a href=\"https:\/\/www.ametllerorigenwp.com\/es\/exito-de-participacion-en-la-i-caminata-solidaria-directe-al-cor\/\" class=\"more-link\">Continuar leyendo<span class=\"screen-reader-text\"> \u00ab\u00c9xito de participaci\u00f3n en la I Caminata solidaria \u2018Directe al cor\u2019\u00bb<\/span><\/a><\/p>\n","protected":false},"author":3,"featured_media":6603,"comment_status":"closed","ping_status":"closed","sticky":false,"template":"","format":"standard","meta":{"_uag_custom_page_level_css":"","advgb_blocks_editor_width":"","advgb_blocks_columns_visual_guide":"","footnotes":""},"categories":[1],"tags":[],"class_list":["post-6605","post","type-post","status-publish","format-standard","has-post-thumbnail","hentry","category-noticias"],"author_meta":{"display_name":"Ametller Origen","author_link":"https:\/\/www.ametllerorigenwp.com\/es\/author\/ao_editor\/"},"featured_img":"https:\/\/www.ametllerorigenwp.com\/wp-content\/uploads\/2022\/11\/C-300x102.jpg","uagb_featured_image_src":{"full":["https:\/\/www.ametllerorigenwp.com\/wp-content\/uploads\/2022\/11\/C.jpg",1000,340,false],"thumbnail":["https:\/\/www.ametllerorigenwp.com\/wp-content\/uploads\/2022\/11\/C-150x150.jpg",150,150,true],"medium":["https:\/\/www.ametllerorigenwp.com\/wp-content\/uploads\/2022\/11\/C-300x102.jpg",300,102,true],"medium_large":["https:\/\/www.ametllerorigenwp.com\/wp-content\/uploads\/2022\/11\/C-768x261.jpg",768,261,true],"large":["https:\/\/www.ametllerorigenwp.com\/wp-content\/uploads\/2022\/11\/C.jpg",840,286,false],"1536x1536":["https:\/\/www.ametllerorigenwp.com\/wp-content\/uploads\/2022\/11\/C.jpg",1000,340,false],"2048x2048":["https:\/\/www.ametllerorigenwp.com\/wp-content\/uploads\/2022\/11\/C.jpg",1000,340,false],"post-thumbnail":["https:\/\/www.ametllerorigenwp.com\/wp-content\/uploads\/2022\/11\/C.jpg",1000,340,false]},"uagb_author_info":{"display_name":"Ametller Origen","author_link":"https:\/\/www.ametllerorigenwp.com\/es\/author\/ao_editor\/"},"uagb_comment_info":0,"uagb_excerpt":"El pasado domingo, m\u00e1s de 1.000 personas se reunieron en el Pened\u00e8s, concretamente en Gelida, para participar en la I Caminada solidaria \u2018Directe al cor\u2019, que organizamos junto con el Centre Excursionista del Pened\u00e8s con el objetivo de recaudar fondos para La Marat\u00f3, que este a\u00f1o est\u00e1 dedicada a las enfermedades cardiovasculares. Fue una jornada&hellip;","coauthors":[],"tax_additional":{"categories":{"linked":["<a href=\"https:\/\/www.ametllerorigenwp.com\/es\/category\/noticias\/\" class=\"advgb-post-tax-term\">Noticias<\/a>"],"unlinked":["<span class=\"advgb-post-tax-term\">Noticias<\/span>"]}},"comment_count":"0","relative_dates":{"created":"Publicado 3 a\u00f1os hace","modified":"Actualizado 3 a\u00f1os hace"},"absolute_dates":{"created":"Publicado el 17 de noviembre de 2022","modified":"Actualizado el 17 de noviembre de 2022"},"absolute_dates_time":{"created":"Publicado el 17 de noviembre de 2022 17:41","modified":"Actualizado el 17 de noviembre de 2022 20:27"},"featured_img_caption":"","series_order":"","show_in_app":true,"fecha_inicio_destacado":null,"hora_inicio_visualizacion":null,"minutos_inicio_visualizacion":null,"fecha_final_destacado":null,"hora_final_visualizacion":null,"minutos_final_visualizacion":null,"posicion_visualizacion":null,"estado_destacado":null,"niveles_destacados":null,"url_del_enlace":null,"banner_destacado":null,"posicion_visualizacion_de_la_noticia":null,"estado_noticia":null,"fecha_de_inicio_de_visualizacion_del_tutorial":null,"hora_inicio_visualizacion_tutorial":null,"minutos_inicio_visualizacion_tutorial":null,"fecha_de_final_de_visualizacion_del_tutorial":null,"hora_final_visualizacion_tutorial":null,"minutos_final_visualizacion_tutorial":null,"numero_de_veces_visto":null,"numero_de_veces_total":null,"niveles_tutorial":null,"tutorial_recursos_castellano":null,"tutorial_recursos_catalan":null,"dias_disponibles":null,"dias_de_la_semana":null,"dias_del_mes":null,"other_lang_post_id":null,"lang":"es","campanya_descripcion":null,"campanya_fecha_inicio":null,"campanya_fecha_fin":null,"campanya_legales":null,"campanya_imagen":null,"campanya_characteristics":null,"campanya_url":null,"campanya_posicion_visualizacion":null,"campanya_estado":null,"_links":{"self":[{"href":"https:\/\/www.ametllerorigenwp.com\/es\/wp-json\/wp\/v2\/posts\/6605","targetHints":{"allow":["GET"]}}],"collection":[{"href":"https:\/\/www.ametllerorigenwp.com\/es\/wp-json\/wp\/v2\/posts"}],"about":[{"href":"https:\/\/www.ametllerorigenwp.com\/es\/wp-json\/wp\/v2\/types\/post"}],"author":[{"embeddable":true,"href":"https:\/\/www.ametllerorigenwp.com\/es\/wp-json\/wp\/v2\/users\/3"}],"replies":[{"embeddable":true,"href":"https:\/\/www.ametllerorigenwp.com\/es\/wp-json\/wp\/v2\/comments?post=6605"}],"version-history":[{"count":2,"href":"https:\/\/www.ametllerorigenwp.com\/es\/wp-json\/wp\/v2\/posts\/6605\/revisions"}],"predecessor-version":[{"id":6610,"href":"https:\/\/www.ametllerorigenwp.com\/es\/wp-json\/wp\/v2\/posts\/6605\/revisions\/6610"}],"wp:featuredmedia":[{"embeddable":true,"href":"https:\/\/www.ametllerorigenwp.com\/es\/wp-json\/wp\/v2\/media\/6603"}],"wp:attachment":[{"href":"https:\/\/www.ametllerorigenwp.com\/es\/wp-json\/wp\/v2\/media?parent=6605"}],"wp:term":[{"taxonomy":"category","embeddable":true,"href":"https:\/\/www.ametllerorigenwp.com\/es\/wp-json\/wp\/v2\/categories?post=6605"},{"taxonomy":"post_tag","embeddable":true,"href":"https:\/\/www.ametllerorigenwp.com\/es\/wp-json\/wp\/v2\/tags?post=6605"}],"curies":[{"name":"wp","href":"https:\/\/api.w.org\/{rel}","templated":true}]}}