{"id":6625,"date":"2022-11-21T16:09:08","date_gmt":"2022-11-21T16:09:08","guid":{"rendered":"https:\/\/www.ametllerorigenwp.com\/?p=6625"},"modified":"2022-11-21T16:09:11","modified_gmt":"2022-11-21T16:09:11","slug":"que-debe-comer-un-nino-hasta-los-3-anos","status":"publish","type":"post","link":"https:\/\/www.ametllerorigenwp.com\/es\/que-debe-comer-un-nino-hasta-los-3-anos\/","title":{"rendered":"\u00bfQu\u00e9 debe comer un ni\u00f1o hasta los 3 a\u00f1os?"},"content":{"rendered":"\n<p><strong>La primera infancia es un momento clave porque es cuando se experimenta mayor crecimiento f\u00edsico y psicomotor y es una \u00e9poca donde los peque\u00f1os pueden empezar a consolidar determinados h\u00e1bitos saludables para cuando se hagan mayores<\/strong>.<\/p>\n\n\n\n<p>En el siguiente <a href=\"https:\/\/www.ametllerorigen.com\/es\/blog\/lo-que-debe-comer-un-nino-hasta-los-3-anos\">art\u00edculo<\/a> te explicamos hasta cu\u00e1ndo deben mamar los ni\u00f1os, cu\u00e1ndo podemos empezar a incorporar progresivamente alimentos en su dieta, as\u00ed como cu\u00e1l es la cantidad recomendada que deben comer.<\/p>\n\n\n\n<p>\u00a1L\u00e9elo en el blog!<\/p>\n","protected":false},"excerpt":{"rendered":"<p>La primera infancia es un momento clave porque es cuando se experimenta mayor crecimiento f\u00edsico y psicomotor y es una \u00e9poca donde los peque\u00f1os pueden empezar a consolidar determinados h\u00e1bitos saludables para cuando se hagan mayores. En el siguiente art\u00edculo te explicamos hasta cu\u00e1ndo deben mamar los ni\u00f1os, cu\u00e1ndo podemos empezar a incorporar progresivamente alimentos &hellip; <a href=\"https:\/\/www.ametllerorigenwp.com\/es\/que-debe-comer-un-nino-hasta-los-3-anos\/\" class=\"more-link\">Continuar leyendo<span class=\"screen-reader-text\"> \u00ab\u00bfQu\u00e9 debe comer un ni\u00f1o hasta los 3 a\u00f1os?\u00bb<\/span><\/a><\/p>\n","protected":false},"author":3,"featured_media":6623,"comment_status":"closed","ping_status":"closed","sticky":false,"template":"","format":"standard","meta":{"_uag_custom_page_level_css":"","advgb_blocks_editor_width":"","advgb_blocks_columns_visual_guide":"","footnotes":""},"categories":[1],"tags":[],"class_list":["post-6625","post","type-post","status-publish","format-standard","has-post-thumbnail","hentry","category-noticias"],"author_meta":{"display_name":"Ametller Origen","author_link":"https:\/\/www.ametllerorigenwp.com\/es\/author\/ao_editor\/"},"featured_img":"https:\/\/www.ametllerorigenwp.com\/wp-content\/uploads\/2022\/11\/IM_APP_INTRODUCCIO_ALIMENTS-300x102.jpg","uagb_featured_image_src":{"full":["https:\/\/www.ametllerorigenwp.com\/wp-content\/uploads\/2022\/11\/IM_APP_INTRODUCCIO_ALIMENTS.jpg",1000,340,false],"thumbnail":["https:\/\/www.ametllerorigenwp.com\/wp-content\/uploads\/2022\/11\/IM_APP_INTRODUCCIO_ALIMENTS-150x150.jpg",150,150,true],"medium":["https:\/\/www.ametllerorigenwp.com\/wp-content\/uploads\/2022\/11\/IM_APP_INTRODUCCIO_ALIMENTS-300x102.jpg",300,102,true],"medium_large":["https:\/\/www.ametllerorigenwp.com\/wp-content\/uploads\/2022\/11\/IM_APP_INTRODUCCIO_ALIMENTS-768x261.jpg",768,261,true],"large":["https:\/\/www.ametllerorigenwp.com\/wp-content\/uploads\/2022\/11\/IM_APP_INTRODUCCIO_ALIMENTS.jpg",840,286,false],"1536x1536":["https:\/\/www.ametllerorigenwp.com\/wp-content\/uploads\/2022\/11\/IM_APP_INTRODUCCIO_ALIMENTS.jpg",1000,340,false],"2048x2048":["https:\/\/www.ametllerorigenwp.com\/wp-content\/uploads\/2022\/11\/IM_APP_INTRODUCCIO_ALIMENTS.jpg",1000,340,false],"post-thumbnail":["https:\/\/www.ametllerorigenwp.com\/wp-content\/uploads\/2022\/11\/IM_APP_INTRODUCCIO_ALIMENTS.jpg",1000,340,false]},"uagb_author_info":{"display_name":"Ametller Origen","author_link":"https:\/\/www.ametllerorigenwp.com\/es\/author\/ao_editor\/"},"uagb_comment_info":0,"uagb_excerpt":"La primera infancia es un momento clave porque es cuando se experimenta mayor crecimiento f\u00edsico y psicomotor y es una \u00e9poca donde los peque\u00f1os pueden empezar a consolidar determinados h\u00e1bitos saludables para cuando se hagan mayores. En el siguiente art\u00edculo te explicamos hasta cu\u00e1ndo deben mamar los ni\u00f1os, cu\u00e1ndo podemos empezar a incorporar progresivamente alimentos&hellip;","coauthors":[],"tax_additional":{"categories":{"linked":["<a href=\"https:\/\/www.ametllerorigenwp.com\/es\/category\/noticias\/\" class=\"advgb-post-tax-term\">Noticias<\/a>"],"unlinked":["<span class=\"advgb-post-tax-term\">Noticias<\/span>"]}},"comment_count":"0","relative_dates":{"created":"Publicado 3 a\u00f1os hace","modified":"Actualizado 3 a\u00f1os hace"},"absolute_dates":{"created":"Publicado el 21 de noviembre de 2022","modified":"Actualizado el 21 de noviembre de 2022"},"absolute_dates_time":{"created":"Publicado el 21 de noviembre de 2022 16:09","modified":"Actualizado el 21 de noviembre de 2022 16:09"},"featured_img_caption":"","series_order":"","show_in_app":true,"fecha_inicio_destacado":null,"hora_inicio_visualizacion":null,"minutos_inicio_visualizacion":null,"fecha_final_destacado":null,"hora_final_visualizacion":null,"minutos_final_visualizacion":null,"posicion_visualizacion":null,"estado_destacado":null,"niveles_destacados":null,"url_del_enlace":null,"banner_destacado":null,"posicion_visualizacion_de_la_noticia":null,"estado_noticia":null,"fecha_de_inicio_de_visualizacion_del_tutorial":null,"hora_inicio_visualizacion_tutorial":null,"minutos_inicio_visualizacion_tutorial":null,"fecha_de_final_de_visualizacion_del_tutorial":null,"hora_final_visualizacion_tutorial":null,"minutos_final_visualizacion_tutorial":null,"numero_de_veces_visto":null,"numero_de_veces_total":null,"niveles_tutorial":null,"tutorial_recursos_castellano":null,"tutorial_recursos_catalan":null,"dias_disponibles":null,"dias_de_la_semana":null,"dias_del_mes":null,"other_lang_post_id":null,"lang":"es","campanya_descripcion":null,"campanya_fecha_inicio":null,"campanya_fecha_fin":null,"campanya_legales":null,"campanya_imagen":null,"campanya_characteristics":null,"campanya_url":null,"campanya_posicion_visualizacion":null,"campanya_estado":null,"_links":{"self":[{"href":"https:\/\/www.ametllerorigenwp.com\/es\/wp-json\/wp\/v2\/posts\/6625","targetHints":{"allow":["GET"]}}],"collection":[{"href":"https:\/\/www.ametllerorigenwp.com\/es\/wp-json\/wp\/v2\/posts"}],"about":[{"href":"https:\/\/www.ametllerorigenwp.com\/es\/wp-json\/wp\/v2\/types\/post"}],"author":[{"embeddable":true,"href":"https:\/\/www.ametllerorigenwp.com\/es\/wp-json\/wp\/v2\/users\/3"}],"replies":[{"embeddable":true,"href":"https:\/\/www.ametllerorigenwp.com\/es\/wp-json\/wp\/v2\/comments?post=6625"}],"version-history":[{"count":1,"href":"https:\/\/www.ametllerorigenwp.com\/es\/wp-json\/wp\/v2\/posts\/6625\/revisions"}],"predecessor-version":[{"id":6626,"href":"https:\/\/www.ametllerorigenwp.com\/es\/wp-json\/wp\/v2\/posts\/6625\/revisions\/6626"}],"wp:featuredmedia":[{"embeddable":true,"href":"https:\/\/www.ametllerorigenwp.com\/es\/wp-json\/wp\/v2\/media\/6623"}],"wp:attachment":[{"href":"https:\/\/www.ametllerorigenwp.com\/es\/wp-json\/wp\/v2\/media?parent=6625"}],"wp:term":[{"taxonomy":"category","embeddable":true,"href":"https:\/\/www.ametllerorigenwp.com\/es\/wp-json\/wp\/v2\/categories?post=6625"},{"taxonomy":"post_tag","embeddable":true,"href":"https:\/\/www.ametllerorigenwp.com\/es\/wp-json\/wp\/v2\/tags?post=6625"}],"curies":[{"name":"wp","href":"https:\/\/api.w.org\/{rel}","templated":true}]}}