{"id":6697,"date":"2022-12-04T08:46:00","date_gmt":"2022-12-04T08:46:00","guid":{"rendered":"https:\/\/www.ametllerorigenwp.com\/?p=6697"},"modified":"2022-12-02T08:46:50","modified_gmt":"2022-12-02T08:46:50","slug":"sopar-solidari-de-nadal-una-noche-magica-divertida-y-solidaria-gracias-a-ti","status":"publish","type":"post","link":"https:\/\/www.ametllerorigenwp.com\/es\/sopar-solidari-de-nadal-una-noche-magica-divertida-y-solidaria-gracias-a-ti\/","title":{"rendered":"Sopar Solidari de Nadal: \u00a1una noche m\u00e1gica, divertida y solidaria gracias a ti!"},"content":{"rendered":"\n<p>El pasado jueves 24 de noviembre, <strong>m\u00e1s de 500 personas se reunieron en el Museo Mar\u00edtimo de Barcelona para participar en el <a href=\"https:\/\/www.instagram.com\/reel\/Clo4x7sInEy\/?igshid=YmMyMTA2M2Y=\">Sopar Solidari en beneficio de La Marat\u00f3<\/a> que organizamos<\/strong>. Una noche m\u00e1gica, divertida y solidaria donde re\u00edmos con el presentador <strong>\u00d2scar Dalmau<\/strong> y disfrutamos de los nuevos canelones de espinacas con pasas y pi\u00f1ones del cocinero <strong>Nandu Jubany<\/strong>, del sushi del chef <strong>Hideki Matsuhisa<\/strong> y del nuevo panettone en exclusiva de chocolate y frambuesas del pastelero <strong>Oriol Balaguer<\/strong>.<\/p>\n\n\n\n<p><strong>Gracias al \u00e9xito del Sopar Solidari de Nadal y de la Caminada solidaria \u2018Directe al cor\u2019, hemos conseguido recaudar 20.000 euros que destinamos \u00edntegramente a La Marat\u00f3 de TV3<\/strong>, que este a\u00f1o quiere concienciar sobre la salud cardiovascular.<\/p>\n\n\n\n<p>\u00a1Gracias por seguir avanzando con nosotros!<\/p>\n","protected":false},"excerpt":{"rendered":"<p>El pasado jueves 24 de noviembre, m\u00e1s de 500 personas se reunieron en el Museo Mar\u00edtimo de Barcelona para participar en el Sopar Solidari en beneficio de La Marat\u00f3 que organizamos. Una noche m\u00e1gica, divertida y solidaria donde re\u00edmos con el presentador \u00d2scar Dalmau y disfrutamos de los nuevos canelones de espinacas con pasas y &hellip; <a href=\"https:\/\/www.ametllerorigenwp.com\/es\/sopar-solidari-de-nadal-una-noche-magica-divertida-y-solidaria-gracias-a-ti\/\" class=\"more-link\">Continuar leyendo<span class=\"screen-reader-text\"> \u00abSopar Solidari de Nadal: \u00a1una noche m\u00e1gica, divertida y solidaria gracias a ti!\u00bb<\/span><\/a><\/p>\n","protected":false},"author":3,"featured_media":6695,"comment_status":"closed","ping_status":"closed","sticky":false,"template":"","format":"standard","meta":{"_uag_custom_page_level_css":"","advgb_blocks_editor_width":"","advgb_blocks_columns_visual_guide":"","footnotes":""},"categories":[1],"tags":[],"class_list":["post-6697","post","type-post","status-publish","format-standard","has-post-thumbnail","hentry","category-noticias"],"author_meta":{"display_name":"Ametller Origen","author_link":"https:\/\/www.ametllerorigenwp.com\/es\/author\/ao_editor\/"},"featured_img":"https:\/\/www.ametllerorigenwp.com\/wp-content\/uploads\/2022\/12\/Sopa_solidari_App-300x102.jpg","uagb_featured_image_src":{"full":["https:\/\/www.ametllerorigenwp.com\/wp-content\/uploads\/2022\/12\/Sopa_solidari_App.jpg",1000,340,false],"thumbnail":["https:\/\/www.ametllerorigenwp.com\/wp-content\/uploads\/2022\/12\/Sopa_solidari_App-150x150.jpg",150,150,true],"medium":["https:\/\/www.ametllerorigenwp.com\/wp-content\/uploads\/2022\/12\/Sopa_solidari_App-300x102.jpg",300,102,true],"medium_large":["https:\/\/www.ametllerorigenwp.com\/wp-content\/uploads\/2022\/12\/Sopa_solidari_App-768x261.jpg",768,261,true],"large":["https:\/\/www.ametllerorigenwp.com\/wp-content\/uploads\/2022\/12\/Sopa_solidari_App.jpg",840,286,false],"1536x1536":["https:\/\/www.ametllerorigenwp.com\/wp-content\/uploads\/2022\/12\/Sopa_solidari_App.jpg",1000,340,false],"2048x2048":["https:\/\/www.ametllerorigenwp.com\/wp-content\/uploads\/2022\/12\/Sopa_solidari_App.jpg",1000,340,false],"post-thumbnail":["https:\/\/www.ametllerorigenwp.com\/wp-content\/uploads\/2022\/12\/Sopa_solidari_App.jpg",1000,340,false]},"uagb_author_info":{"display_name":"Ametller Origen","author_link":"https:\/\/www.ametllerorigenwp.com\/es\/author\/ao_editor\/"},"uagb_comment_info":0,"uagb_excerpt":"El pasado jueves 24 de noviembre, m\u00e1s de 500 personas se reunieron en el Museo Mar\u00edtimo de Barcelona para participar en el Sopar Solidari en beneficio de La Marat\u00f3 que organizamos. Una noche m\u00e1gica, divertida y solidaria donde re\u00edmos con el presentador \u00d2scar Dalmau y disfrutamos de los nuevos canelones de espinacas con pasas y&hellip;","coauthors":[],"tax_additional":{"categories":{"linked":["<a href=\"https:\/\/www.ametllerorigenwp.com\/es\/category\/noticias\/\" class=\"advgb-post-tax-term\">Noticias<\/a>"],"unlinked":["<span class=\"advgb-post-tax-term\">Noticias<\/span>"]}},"comment_count":"0","relative_dates":{"created":"Publicado 3 a\u00f1os hace","modified":"Actualizado 3 a\u00f1os hace"},"absolute_dates":{"created":"Publicado el 4 de diciembre de 2022","modified":"Actualizado el 2 de diciembre de 2022"},"absolute_dates_time":{"created":"Publicado el 4 de diciembre de 2022 08:46","modified":"Actualizado el 2 de diciembre de 2022 08:46"},"featured_img_caption":"","series_order":"","show_in_app":true,"fecha_inicio_destacado":null,"hora_inicio_visualizacion":null,"minutos_inicio_visualizacion":null,"fecha_final_destacado":null,"hora_final_visualizacion":null,"minutos_final_visualizacion":null,"posicion_visualizacion":null,"estado_destacado":null,"niveles_destacados":null,"url_del_enlace":null,"banner_destacado":null,"posicion_visualizacion_de_la_noticia":null,"estado_noticia":null,"fecha_de_inicio_de_visualizacion_del_tutorial":null,"hora_inicio_visualizacion_tutorial":null,"minutos_inicio_visualizacion_tutorial":null,"fecha_de_final_de_visualizacion_del_tutorial":null,"hora_final_visualizacion_tutorial":null,"minutos_final_visualizacion_tutorial":null,"numero_de_veces_visto":null,"numero_de_veces_total":null,"niveles_tutorial":null,"tutorial_recursos_castellano":null,"tutorial_recursos_catalan":null,"dias_disponibles":null,"dias_de_la_semana":null,"dias_del_mes":null,"other_lang_post_id":null,"lang":"es","campanya_descripcion":null,"campanya_fecha_inicio":null,"campanya_fecha_fin":null,"campanya_legales":null,"campanya_imagen":null,"campanya_characteristics":null,"campanya_url":null,"campanya_posicion_visualizacion":null,"campanya_estado":null,"_links":{"self":[{"href":"https:\/\/www.ametllerorigenwp.com\/es\/wp-json\/wp\/v2\/posts\/6697","targetHints":{"allow":["GET"]}}],"collection":[{"href":"https:\/\/www.ametllerorigenwp.com\/es\/wp-json\/wp\/v2\/posts"}],"about":[{"href":"https:\/\/www.ametllerorigenwp.com\/es\/wp-json\/wp\/v2\/types\/post"}],"author":[{"embeddable":true,"href":"https:\/\/www.ametllerorigenwp.com\/es\/wp-json\/wp\/v2\/users\/3"}],"replies":[{"embeddable":true,"href":"https:\/\/www.ametllerorigenwp.com\/es\/wp-json\/wp\/v2\/comments?post=6697"}],"version-history":[{"count":1,"href":"https:\/\/www.ametllerorigenwp.com\/es\/wp-json\/wp\/v2\/posts\/6697\/revisions"}],"predecessor-version":[{"id":6698,"href":"https:\/\/www.ametllerorigenwp.com\/es\/wp-json\/wp\/v2\/posts\/6697\/revisions\/6698"}],"wp:featuredmedia":[{"embeddable":true,"href":"https:\/\/www.ametllerorigenwp.com\/es\/wp-json\/wp\/v2\/media\/6695"}],"wp:attachment":[{"href":"https:\/\/www.ametllerorigenwp.com\/es\/wp-json\/wp\/v2\/media?parent=6697"}],"wp:term":[{"taxonomy":"category","embeddable":true,"href":"https:\/\/www.ametllerorigenwp.com\/es\/wp-json\/wp\/v2\/categories?post=6697"},{"taxonomy":"post_tag","embeddable":true,"href":"https:\/\/www.ametllerorigenwp.com\/es\/wp-json\/wp\/v2\/tags?post=6697"}],"curies":[{"name":"wp","href":"https:\/\/api.w.org\/{rel}","templated":true}]}}