{"id":6725,"date":"2022-12-13T16:05:04","date_gmt":"2022-12-13T16:05:04","guid":{"rendered":"https:\/\/www.ametllerorigenwp.com\/?p=6725"},"modified":"2022-12-14T07:24:25","modified_gmt":"2022-12-14T07:24:25","slug":"luz-verde-para-iniciar-la-implantacion-del-agroparc","status":"publish","type":"post","link":"https:\/\/www.ametllerorigenwp.com\/es\/luz-verde-para-iniciar-la-implantacion-del-agroparc\/","title":{"rendered":"Luz verde para iniciar la implantaci\u00f3n del Agroparc"},"content":{"rendered":"\n<p>En el pleno celebrado el lunes por la noche en el Ayuntamiento de Gelida, <strong>los representantes del PSC, ERC y Gelida per la Rep\u00fablica aprobaron la Modificaci\u00f3n Inicial del Plan de Ordenaci\u00f3n Urban\u00edstica municipal<\/strong> en el \u00e1mbito del Plan Parcial de Can Juncoses y fincas colindantes.<\/p>\n\n\n\n<p>La aprobaci\u00f3n <strong>supone un primer paso para la implantaci\u00f3n del Agroparc, un cl\u00faster agroalimentario 100% sostenible y circular,<\/strong> que queremos impulsar con el objetivo de transformar el modelo productivo actual del sector agroindustrial y promover la producci\u00f3n de alimentos de una mayor calidad nutritiva y organol\u00e9ptica.<\/p>\n\n\n\n<p>\u00a1Lee la noticia entera <a href=\"https:\/\/corp.ametllerorigen.com\/es\/agroparc-penedes\/gran-consenso-entre-los-principales-partidos-politicos-de-gelida-para-iniciar-la-implantacion-del-agroparc-de-ametller-origen\/\">aqu\u00ed<\/a>!<\/p>\n","protected":false},"excerpt":{"rendered":"<p>En el pleno celebrado el lunes por la noche en el Ayuntamiento de Gelida, los representantes del PSC, ERC y Gelida per la Rep\u00fablica aprobaron la Modificaci\u00f3n Inicial del Plan de Ordenaci\u00f3n Urban\u00edstica municipal en el \u00e1mbito del Plan Parcial de Can Juncoses y fincas colindantes. La aprobaci\u00f3n supone un primer paso para la implantaci\u00f3n &hellip; <a href=\"https:\/\/www.ametllerorigenwp.com\/es\/luz-verde-para-iniciar-la-implantacion-del-agroparc\/\" class=\"more-link\">Continuar leyendo<span class=\"screen-reader-text\"> \u00abLuz verde para iniciar la implantaci\u00f3n del Agroparc\u00bb<\/span><\/a><\/p>\n","protected":false},"author":3,"featured_media":6723,"comment_status":"closed","ping_status":"closed","sticky":false,"template":"","format":"standard","meta":{"_uag_custom_page_level_css":"","advgb_blocks_editor_width":"","advgb_blocks_columns_visual_guide":"","footnotes":""},"categories":[1],"tags":[],"class_list":["post-6725","post","type-post","status-publish","format-standard","has-post-thumbnail","hentry","category-noticias"],"author_meta":{"display_name":"Ametller Origen","author_link":"https:\/\/www.ametllerorigenwp.com\/es\/author\/ao_editor\/"},"featured_img":"https:\/\/www.ametllerorigenwp.com\/wp-content\/uploads\/2022\/12\/Proyecto-nuevo-3-300x102.jpg","uagb_featured_image_src":{"full":["https:\/\/www.ametllerorigenwp.com\/wp-content\/uploads\/2022\/12\/Proyecto-nuevo-3.jpg",1000,340,false],"thumbnail":["https:\/\/www.ametllerorigenwp.com\/wp-content\/uploads\/2022\/12\/Proyecto-nuevo-3-150x150.jpg",150,150,true],"medium":["https:\/\/www.ametllerorigenwp.com\/wp-content\/uploads\/2022\/12\/Proyecto-nuevo-3-300x102.jpg",300,102,true],"medium_large":["https:\/\/www.ametllerorigenwp.com\/wp-content\/uploads\/2022\/12\/Proyecto-nuevo-3-768x261.jpg",768,261,true],"large":["https:\/\/www.ametllerorigenwp.com\/wp-content\/uploads\/2022\/12\/Proyecto-nuevo-3.jpg",840,286,false],"1536x1536":["https:\/\/www.ametllerorigenwp.com\/wp-content\/uploads\/2022\/12\/Proyecto-nuevo-3.jpg",1000,340,false],"2048x2048":["https:\/\/www.ametllerorigenwp.com\/wp-content\/uploads\/2022\/12\/Proyecto-nuevo-3.jpg",1000,340,false],"post-thumbnail":["https:\/\/www.ametllerorigenwp.com\/wp-content\/uploads\/2022\/12\/Proyecto-nuevo-3.jpg",1000,340,false]},"uagb_author_info":{"display_name":"Ametller Origen","author_link":"https:\/\/www.ametllerorigenwp.com\/es\/author\/ao_editor\/"},"uagb_comment_info":0,"uagb_excerpt":"En el pleno celebrado el lunes por la noche en el Ayuntamiento de Gelida, los representantes del PSC, ERC y Gelida per la Rep\u00fablica aprobaron la Modificaci\u00f3n Inicial del Plan de Ordenaci\u00f3n Urban\u00edstica municipal en el \u00e1mbito del Plan Parcial de Can Juncoses y fincas colindantes. La aprobaci\u00f3n supone un primer paso para la implantaci\u00f3n&hellip;","coauthors":[],"tax_additional":{"categories":{"linked":["<a href=\"https:\/\/www.ametllerorigenwp.com\/es\/category\/noticias\/\" class=\"advgb-post-tax-term\">Noticias<\/a>"],"unlinked":["<span class=\"advgb-post-tax-term\">Noticias<\/span>"]}},"comment_count":"0","relative_dates":{"created":"Publicado 3 a\u00f1os hace","modified":"Actualizado 3 a\u00f1os hace"},"absolute_dates":{"created":"Publicado el 13 de diciembre de 2022","modified":"Actualizado el 14 de diciembre de 2022"},"absolute_dates_time":{"created":"Publicado el 13 de diciembre de 2022 16:05","modified":"Actualizado el 14 de diciembre de 2022 07:24"},"featured_img_caption":"","series_order":"","show_in_app":true,"fecha_inicio_destacado":null,"hora_inicio_visualizacion":null,"minutos_inicio_visualizacion":null,"fecha_final_destacado":null,"hora_final_visualizacion":null,"minutos_final_visualizacion":null,"posicion_visualizacion":null,"estado_destacado":null,"niveles_destacados":null,"url_del_enlace":null,"banner_destacado":null,"posicion_visualizacion_de_la_noticia":null,"estado_noticia":null,"fecha_de_inicio_de_visualizacion_del_tutorial":null,"hora_inicio_visualizacion_tutorial":null,"minutos_inicio_visualizacion_tutorial":null,"fecha_de_final_de_visualizacion_del_tutorial":null,"hora_final_visualizacion_tutorial":null,"minutos_final_visualizacion_tutorial":null,"numero_de_veces_visto":null,"numero_de_veces_total":null,"niveles_tutorial":null,"tutorial_recursos_castellano":null,"tutorial_recursos_catalan":null,"dias_disponibles":null,"dias_de_la_semana":null,"dias_del_mes":null,"other_lang_post_id":null,"lang":"es","campanya_descripcion":null,"campanya_fecha_inicio":null,"campanya_fecha_fin":null,"campanya_legales":null,"campanya_imagen":null,"campanya_characteristics":null,"campanya_url":null,"campanya_posicion_visualizacion":null,"campanya_estado":null,"_links":{"self":[{"href":"https:\/\/www.ametllerorigenwp.com\/es\/wp-json\/wp\/v2\/posts\/6725","targetHints":{"allow":["GET"]}}],"collection":[{"href":"https:\/\/www.ametllerorigenwp.com\/es\/wp-json\/wp\/v2\/posts"}],"about":[{"href":"https:\/\/www.ametllerorigenwp.com\/es\/wp-json\/wp\/v2\/types\/post"}],"author":[{"embeddable":true,"href":"https:\/\/www.ametllerorigenwp.com\/es\/wp-json\/wp\/v2\/users\/3"}],"replies":[{"embeddable":true,"href":"https:\/\/www.ametllerorigenwp.com\/es\/wp-json\/wp\/v2\/comments?post=6725"}],"version-history":[{"count":2,"href":"https:\/\/www.ametllerorigenwp.com\/es\/wp-json\/wp\/v2\/posts\/6725\/revisions"}],"predecessor-version":[{"id":6727,"href":"https:\/\/www.ametllerorigenwp.com\/es\/wp-json\/wp\/v2\/posts\/6725\/revisions\/6727"}],"wp:featuredmedia":[{"embeddable":true,"href":"https:\/\/www.ametllerorigenwp.com\/es\/wp-json\/wp\/v2\/media\/6723"}],"wp:attachment":[{"href":"https:\/\/www.ametllerorigenwp.com\/es\/wp-json\/wp\/v2\/media?parent=6725"}],"wp:term":[{"taxonomy":"category","embeddable":true,"href":"https:\/\/www.ametllerorigenwp.com\/es\/wp-json\/wp\/v2\/categories?post=6725"},{"taxonomy":"post_tag","embeddable":true,"href":"https:\/\/www.ametllerorigenwp.com\/es\/wp-json\/wp\/v2\/tags?post=6725"}],"curies":[{"name":"wp","href":"https:\/\/api.w.org\/{rel}","templated":true}]}}