{"id":6735,"date":"2022-12-14T17:28:35","date_gmt":"2022-12-14T17:28:35","guid":{"rendered":"https:\/\/www.ametllerorigenwp.com\/?p=6735"},"modified":"2022-12-15T08:25:06","modified_gmt":"2022-12-15T08:25:06","slug":"ya-puedes-disfrutar-del-quinto-numero-de-la-revista-fem-cami","status":"publish","type":"post","link":"https:\/\/www.ametllerorigenwp.com\/es\/ya-puedes-disfrutar-del-quinto-numero-de-la-revista-fem-cami\/","title":{"rendered":"\u00a1Ya puedes disfrutar del quinto n\u00famero de la revista Fem Cam\u00ed!"},"content":{"rendered":"\n<p>Estamos muy contentos de presentarte el <strong>quinto n\u00famero de la revista Fem Cam\u00ed<\/strong>, que ya puedes encontrar en todas nuestras tiendas f\u00edsicas y <a href=\"https:\/\/www.femcami.org\/es\/revista-fem-cami\/fem-cami-diciembre-2022\/\">online<\/a>, para que puedas disfrutar de una buena lectura de Navidad.<\/p>\n\n\n\n<p>En este nuevo n\u00famero encontrar\u00e1s la <strong>entrevista con la chef Ada Parellada<\/strong>, que le hicimos coincidiendo con el D\u00eda Mundial Contra el Desperdicio Alimentario, <strong>nuestra colaboraci\u00f3n con La Marat\u00f3, <\/strong>dedicada este a\u00f1o a las enfermedades cardiovasculares, <strong>las recetas m\u00e1s deliciosas de temporada de las chefs Carme Ruscalleda y Ada Parellada<\/strong>, <strong>el men\u00fa de los 30 alimentos de origen vegetal<\/strong> y los <strong>art\u00edculos de Tom\u00e0s Molina, Antonio Cerrillo, Carlos Casabona y Pep Nogu\u00e9<\/strong>.<\/p>\n\n\n\n<p>\u00a1Disfruta de la revista y feliz lectura!<\/p>\n","protected":false},"excerpt":{"rendered":"<p>Estamos muy contentos de presentarte el quinto n\u00famero de la revista Fem Cam\u00ed, que ya puedes encontrar en todas nuestras tiendas f\u00edsicas y online, para que puedas disfrutar de una buena lectura de Navidad. En este nuevo n\u00famero encontrar\u00e1s la entrevista con la chef Ada Parellada, que le hicimos coincidiendo con el D\u00eda Mundial Contra &hellip; <a href=\"https:\/\/www.ametllerorigenwp.com\/es\/ya-puedes-disfrutar-del-quinto-numero-de-la-revista-fem-cami\/\" class=\"more-link\">Continuar leyendo<span class=\"screen-reader-text\"> \u00ab\u00a1Ya puedes disfrutar del quinto n\u00famero de la revista Fem Cam\u00ed!\u00bb<\/span><\/a><\/p>\n","protected":false},"author":3,"featured_media":6730,"comment_status":"closed","ping_status":"closed","sticky":false,"template":"","format":"standard","meta":{"_uag_custom_page_level_css":"","advgb_blocks_editor_width":"","advgb_blocks_columns_visual_guide":"","footnotes":""},"categories":[1],"tags":[],"class_list":["post-6735","post","type-post","status-publish","format-standard","has-post-thumbnail","hentry","category-noticias"],"author_meta":{"display_name":"Ametller Origen","author_link":"https:\/\/www.ametllerorigenwp.com\/es\/author\/ao_editor\/"},"featured_img":"https:\/\/www.ametllerorigenwp.com\/wp-content\/uploads\/2022\/12\/APP_IM_REVISTA_FEMCAMI_5-300x102.jpg","uagb_featured_image_src":{"full":["https:\/\/www.ametllerorigenwp.com\/wp-content\/uploads\/2022\/12\/APP_IM_REVISTA_FEMCAMI_5.jpg",1000,340,false],"thumbnail":["https:\/\/www.ametllerorigenwp.com\/wp-content\/uploads\/2022\/12\/APP_IM_REVISTA_FEMCAMI_5-150x150.jpg",150,150,true],"medium":["https:\/\/www.ametllerorigenwp.com\/wp-content\/uploads\/2022\/12\/APP_IM_REVISTA_FEMCAMI_5-300x102.jpg",300,102,true],"medium_large":["https:\/\/www.ametllerorigenwp.com\/wp-content\/uploads\/2022\/12\/APP_IM_REVISTA_FEMCAMI_5-768x261.jpg",768,261,true],"large":["https:\/\/www.ametllerorigenwp.com\/wp-content\/uploads\/2022\/12\/APP_IM_REVISTA_FEMCAMI_5.jpg",840,286,false],"1536x1536":["https:\/\/www.ametllerorigenwp.com\/wp-content\/uploads\/2022\/12\/APP_IM_REVISTA_FEMCAMI_5.jpg",1000,340,false],"2048x2048":["https:\/\/www.ametllerorigenwp.com\/wp-content\/uploads\/2022\/12\/APP_IM_REVISTA_FEMCAMI_5.jpg",1000,340,false],"post-thumbnail":["https:\/\/www.ametllerorigenwp.com\/wp-content\/uploads\/2022\/12\/APP_IM_REVISTA_FEMCAMI_5.jpg",1000,340,false]},"uagb_author_info":{"display_name":"Ametller Origen","author_link":"https:\/\/www.ametllerorigenwp.com\/es\/author\/ao_editor\/"},"uagb_comment_info":0,"uagb_excerpt":"Estamos muy contentos de presentarte el quinto n\u00famero de la revista Fem Cam\u00ed, que ya puedes encontrar en todas nuestras tiendas f\u00edsicas y online, para que puedas disfrutar de una buena lectura de Navidad. En este nuevo n\u00famero encontrar\u00e1s la entrevista con la chef Ada Parellada, que le hicimos coincidiendo con el D\u00eda Mundial Contra&hellip;","coauthors":[],"tax_additional":{"categories":{"linked":["<a href=\"https:\/\/www.ametllerorigenwp.com\/es\/category\/noticias\/\" class=\"advgb-post-tax-term\">Noticias<\/a>"],"unlinked":["<span class=\"advgb-post-tax-term\">Noticias<\/span>"]}},"comment_count":"0","relative_dates":{"created":"Publicado 3 a\u00f1os hace","modified":"Actualizado 3 a\u00f1os hace"},"absolute_dates":{"created":"Publicado el 14 de diciembre de 2022","modified":"Actualizado el 15 de diciembre de 2022"},"absolute_dates_time":{"created":"Publicado el 14 de diciembre de 2022 17:28","modified":"Actualizado el 15 de diciembre de 2022 08:25"},"featured_img_caption":"","series_order":"","show_in_app":true,"fecha_inicio_destacado":null,"hora_inicio_visualizacion":null,"minutos_inicio_visualizacion":null,"fecha_final_destacado":null,"hora_final_visualizacion":null,"minutos_final_visualizacion":null,"posicion_visualizacion":null,"estado_destacado":null,"niveles_destacados":null,"url_del_enlace":null,"banner_destacado":null,"posicion_visualizacion_de_la_noticia":null,"estado_noticia":null,"fecha_de_inicio_de_visualizacion_del_tutorial":null,"hora_inicio_visualizacion_tutorial":null,"minutos_inicio_visualizacion_tutorial":null,"fecha_de_final_de_visualizacion_del_tutorial":null,"hora_final_visualizacion_tutorial":null,"minutos_final_visualizacion_tutorial":null,"numero_de_veces_visto":null,"numero_de_veces_total":null,"niveles_tutorial":null,"tutorial_recursos_castellano":null,"tutorial_recursos_catalan":null,"dias_disponibles":null,"dias_de_la_semana":null,"dias_del_mes":null,"other_lang_post_id":null,"lang":"es","campanya_descripcion":null,"campanya_fecha_inicio":null,"campanya_fecha_fin":null,"campanya_legales":null,"campanya_imagen":null,"campanya_characteristics":null,"campanya_url":null,"campanya_posicion_visualizacion":null,"campanya_estado":null,"_links":{"self":[{"href":"https:\/\/www.ametllerorigenwp.com\/es\/wp-json\/wp\/v2\/posts\/6735","targetHints":{"allow":["GET"]}}],"collection":[{"href":"https:\/\/www.ametllerorigenwp.com\/es\/wp-json\/wp\/v2\/posts"}],"about":[{"href":"https:\/\/www.ametllerorigenwp.com\/es\/wp-json\/wp\/v2\/types\/post"}],"author":[{"embeddable":true,"href":"https:\/\/www.ametllerorigenwp.com\/es\/wp-json\/wp\/v2\/users\/3"}],"replies":[{"embeddable":true,"href":"https:\/\/www.ametllerorigenwp.com\/es\/wp-json\/wp\/v2\/comments?post=6735"}],"version-history":[{"count":3,"href":"https:\/\/www.ametllerorigenwp.com\/es\/wp-json\/wp\/v2\/posts\/6735\/revisions"}],"predecessor-version":[{"id":6739,"href":"https:\/\/www.ametllerorigenwp.com\/es\/wp-json\/wp\/v2\/posts\/6735\/revisions\/6739"}],"wp:featuredmedia":[{"embeddable":true,"href":"https:\/\/www.ametllerorigenwp.com\/es\/wp-json\/wp\/v2\/media\/6730"}],"wp:attachment":[{"href":"https:\/\/www.ametllerorigenwp.com\/es\/wp-json\/wp\/v2\/media?parent=6735"}],"wp:term":[{"taxonomy":"category","embeddable":true,"href":"https:\/\/www.ametllerorigenwp.com\/es\/wp-json\/wp\/v2\/categories?post=6735"},{"taxonomy":"post_tag","embeddable":true,"href":"https:\/\/www.ametllerorigenwp.com\/es\/wp-json\/wp\/v2\/tags?post=6735"}],"curies":[{"name":"wp","href":"https:\/\/api.w.org\/{rel}","templated":true}]}}