{"id":794,"date":"2021-02-15T07:44:26","date_gmt":"2021-02-15T07:44:26","guid":{"rendered":"https:\/\/www.ametllerorigenwp.com\/?p=794"},"modified":"2021-02-22T10:30:53","modified_gmt":"2021-02-22T10:30:53","slug":"nace-femcami","status":"publish","type":"post","link":"https:\/\/www.ametllerorigenwp.com\/es\/nace-femcami\/","title":{"rendered":"Nace #FemCam\u00ed"},"content":{"rendered":"\n<p class=\"has-dark-gray-color has-text-color\">Desde Ametller Origen impulsamos el movimiento&nbsp;<a href=\"https:\/\/www.femcami.org\/es\/\">#FemCam\u00ed<\/a>&nbsp;para promover unos&nbsp;h\u00e1bitos de vida y consumo m\u00e1s saludables y sostenibles. Creemos en los peque\u00f1os&nbsp;cambios, por eso hemos plantado m\u00e1s de 90 semillas que corresponden a acciones de&nbsp;mejora en el \u00e1mbito de la sostenibilidad y la salud. Y seguimos trabajando en nuevas&nbsp;iniciativas para reducir el impacto que dejamos en nuestro paso por el planeta. Nos&nbsp;puedes enviar tus propuestas en&nbsp;<a href=\"https:\/\/www.femcami.org\/es\/unete-al-movimiento\/\">femcami.org<\/a><br><br>Asimismo, con nuestro compromiso con el medio ambiente, nos hemos marcado como&nbsp;objetivo ser una empresa neutra en emisiones de CO2, antes del a\u00f1o 2027, veintitr\u00e9s&nbsp;a\u00f1os antes de los objetivos gubernamentales aprobados en el Acuerdo de Par\u00eds. Si se&nbsp;cumple este acuerdo, el aumento de la temperatura el 2100 ser\u00e1 de 2,1\u00baC.<br><br>No podemos tirar atr\u00e1s, pero si podemos escoger c\u00f3mo avanzar hacia un mundo m\u00e1ssaludable y sostenible. \u00a1Ahora es el momento de sumar esfuerzos!<br><br>Da pasos con nosotros y por cada acci\u00f3n sostenible y saludable que lleves a cabo en&nbsp;nuestras tiendas f\u00edsicas o en&nbsp;<a href=\"https:\/\/www.ametllerorigen.com\/es\/\">la tienda online<\/a>&nbsp;te recompensaremos con pasos que&nbsp;podr\u00e1s cambiar por premios.<\/p>\n\n\n\n<p><a href=\"https:\/\/www.femcami.org\/es\/\">\u00a1\u00danete al movimiento!<\/a><\/p>\n","protected":false},"excerpt":{"rendered":"<p>Desde Ametller Origen impulsamos el movimiento&nbsp;#FemCam\u00ed&nbsp;para promover unos&nbsp;h\u00e1bitos de vida y consumo m\u00e1s saludables y sostenibles. Creemos en los peque\u00f1os&nbsp;cambios, por eso hemos plantado m\u00e1s de 90 semillas que corresponden a acciones de&nbsp;mejora en el \u00e1mbito de la sostenibilidad y la salud. Y seguimos trabajando en nuevas&nbsp;iniciativas para reducir el impacto que dejamos en nuestro &hellip; <a href=\"https:\/\/www.ametllerorigenwp.com\/es\/nace-femcami\/\" class=\"more-link\">Continuar leyendo<span class=\"screen-reader-text\"> \u00abNace #FemCam\u00ed\u00bb<\/span><\/a><\/p>\n","protected":false},"author":4,"featured_media":830,"comment_status":"open","ping_status":"open","sticky":false,"template":"","format":"standard","meta":{"_uag_custom_page_level_css":"","advgb_blocks_editor_width":"","advgb_blocks_columns_visual_guide":"","footnotes":""},"categories":[1],"tags":[],"class_list":["post-794","post","type-post","status-publish","format-standard","has-post-thumbnail","hentry","category-noticias"],"author_meta":{"display_name":"Pol Alberdola","author_link":"https:\/\/www.ametllerorigenwp.com\/es\/author\/palberola\/"},"featured_img":"https:\/\/www.ametllerorigenwp.com\/wp-content\/uploads\/2021\/02\/b-fem-cami-desktop-ES-300x105.jpg","uagb_featured_image_src":{"full":["https:\/\/www.ametllerorigenwp.com\/wp-content\/uploads\/2021\/02\/b-fem-cami-desktop-ES.jpg",1421,497,false],"thumbnail":["https:\/\/www.ametllerorigenwp.com\/wp-content\/uploads\/2021\/02\/b-fem-cami-desktop-ES-150x150.jpg",150,150,true],"medium":["https:\/\/www.ametllerorigenwp.com\/wp-content\/uploads\/2021\/02\/b-fem-cami-desktop-ES-300x105.jpg",300,105,true],"medium_large":["https:\/\/www.ametllerorigenwp.com\/wp-content\/uploads\/2021\/02\/b-fem-cami-desktop-ES-768x269.jpg",768,269,true],"large":["https:\/\/www.ametllerorigenwp.com\/wp-content\/uploads\/2021\/02\/b-fem-cami-desktop-ES-1024x358.jpg",840,294,true],"1536x1536":["https:\/\/www.ametllerorigenwp.com\/wp-content\/uploads\/2021\/02\/b-fem-cami-desktop-ES.jpg",1421,497,false],"2048x2048":["https:\/\/www.ametllerorigenwp.com\/wp-content\/uploads\/2021\/02\/b-fem-cami-desktop-ES.jpg",1421,497,false],"post-thumbnail":["https:\/\/www.ametllerorigenwp.com\/wp-content\/uploads\/2021\/02\/b-fem-cami-desktop-ES-1200x420.jpg",1200,420,true]},"uagb_author_info":{"display_name":"Pol Alberdola","author_link":"https:\/\/www.ametllerorigenwp.com\/es\/author\/palberola\/"},"uagb_comment_info":0,"uagb_excerpt":"Desde Ametller Origen impulsamos el movimiento&nbsp;#FemCam\u00ed&nbsp;para promover unos&nbsp;h\u00e1bitos de vida y consumo m\u00e1s saludables y sostenibles. Creemos en los peque\u00f1os&nbsp;cambios, por eso hemos plantado m\u00e1s de 90 semillas que corresponden a acciones de&nbsp;mejora en el \u00e1mbito de la sostenibilidad y la salud. Y seguimos trabajando en nuevas&nbsp;iniciativas para reducir el impacto que dejamos en nuestro&hellip;","coauthors":[],"tax_additional":{"categories":{"linked":["<a href=\"https:\/\/www.ametllerorigenwp.com\/es\/category\/noticias\/\" class=\"advgb-post-tax-term\">Noticias<\/a>"],"unlinked":["<span class=\"advgb-post-tax-term\">Noticias<\/span>"]}},"comment_count":"0","relative_dates":{"created":"Publicado 5 a\u00f1os hace","modified":"Actualizado 5 a\u00f1os hace"},"absolute_dates":{"created":"Publicado el 15 de febrero de 2021","modified":"Actualizado el 22 de febrero de 2021"},"absolute_dates_time":{"created":"Publicado el 15 de febrero de 2021 07:44","modified":"Actualizado el 22 de febrero de 2021 10:30"},"featured_img_caption":"","series_order":"","show_in_app":true,"fecha_inicio_destacado":null,"hora_inicio_visualizacion":null,"minutos_inicio_visualizacion":null,"fecha_final_destacado":null,"hora_final_visualizacion":null,"minutos_final_visualizacion":null,"posicion_visualizacion":null,"estado_destacado":null,"niveles_destacados":null,"url_del_enlace":null,"banner_destacado":null,"posicion_visualizacion_de_la_noticia":null,"estado_noticia":null,"fecha_de_inicio_de_visualizacion_del_tutorial":null,"hora_inicio_visualizacion_tutorial":null,"minutos_inicio_visualizacion_tutorial":null,"fecha_de_final_de_visualizacion_del_tutorial":null,"hora_final_visualizacion_tutorial":null,"minutos_final_visualizacion_tutorial":null,"numero_de_veces_visto":null,"numero_de_veces_total":null,"niveles_tutorial":null,"tutorial_recursos_castellano":null,"tutorial_recursos_catalan":null,"dias_disponibles":null,"dias_de_la_semana":null,"dias_del_mes":null,"other_lang_post_id":791,"lang":"es","campanya_descripcion":null,"campanya_fecha_inicio":null,"campanya_fecha_fin":null,"campanya_legales":null,"campanya_imagen":null,"campanya_characteristics":null,"campanya_url":null,"campanya_posicion_visualizacion":null,"campanya_estado":null,"_links":{"self":[{"href":"https:\/\/www.ametllerorigenwp.com\/es\/wp-json\/wp\/v2\/posts\/794","targetHints":{"allow":["GET"]}}],"collection":[{"href":"https:\/\/www.ametllerorigenwp.com\/es\/wp-json\/wp\/v2\/posts"}],"about":[{"href":"https:\/\/www.ametllerorigenwp.com\/es\/wp-json\/wp\/v2\/types\/post"}],"author":[{"embeddable":true,"href":"https:\/\/www.ametllerorigenwp.com\/es\/wp-json\/wp\/v2\/users\/4"}],"replies":[{"embeddable":true,"href":"https:\/\/www.ametllerorigenwp.com\/es\/wp-json\/wp\/v2\/comments?post=794"}],"version-history":[{"count":7,"href":"https:\/\/www.ametllerorigenwp.com\/es\/wp-json\/wp\/v2\/posts\/794\/revisions"}],"predecessor-version":[{"id":880,"href":"https:\/\/www.ametllerorigenwp.com\/es\/wp-json\/wp\/v2\/posts\/794\/revisions\/880"}],"wp:featuredmedia":[{"embeddable":true,"href":"https:\/\/www.ametllerorigenwp.com\/es\/wp-json\/wp\/v2\/media\/830"}],"wp:attachment":[{"href":"https:\/\/www.ametllerorigenwp.com\/es\/wp-json\/wp\/v2\/media?parent=794"}],"wp:term":[{"taxonomy":"category","embeddable":true,"href":"https:\/\/www.ametllerorigenwp.com\/es\/wp-json\/wp\/v2\/categories?post=794"},{"taxonomy":"post_tag","embeddable":true,"href":"https:\/\/www.ametllerorigenwp.com\/es\/wp-json\/wp\/v2\/tags?post=794"}],"curies":[{"name":"wp","href":"https:\/\/api.w.org\/{rel}","templated":true}]}}