{"id":8127,"date":"2023-03-24T01:00:28","date_gmt":"2023-03-24T01:00:28","guid":{"rendered":"https:\/\/www.ametllerorigenwp.com\/?p=8127"},"modified":"2023-03-23T16:34:30","modified_gmt":"2023-03-23T16:34:30","slug":"visita-este-fin-de-semana-nuestros-campos-en-flor","status":"publish","type":"post","link":"https:\/\/www.ametllerorigenwp.com\/es\/visita-este-fin-de-semana-nuestros-campos-en-flor\/","title":{"rendered":"Visita este fin de semana nuestros campos en flor"},"content":{"rendered":"<p>Este s\u00e1bado 25 de marzo, a las 9:30 h, <strong>\u00a1conoce de la mano de Cintet la floraci\u00f3n de nuestros \u00e1rboles frutales que est\u00e1n en el momento de m\u00e1ximo esplendor!<\/strong><\/p>\n<p><strong>Te explicaremos cu\u00e1l es su ciclo de vida, las peculiaridades y las t\u00e9cnicas de cultivo que aplicamos para conseguir la mejor fruta dulce.<\/strong> Este a\u00f1o, a pesar de la falta de lluvia, \u00a1esperamos que estas flores bien pronto nos den sus frutos!<\/p>\n<p>Acabaremos la experiencia con un buen desayuno para coger fuerzas.<\/p>\n<p>\u00a1Ap\u00fantate <a href=\"https:\/\/mercat-autors.ametllerorigen.com\/visitaelsnostrescampsflorits\">aqu\u00ed<\/a> antes de que se agoten las entradas!<\/p>\n","protected":false},"excerpt":{"rendered":"<p>Este s\u00e1bado 25 de marzo, a las 9:30 h, \u00a1conoce de la mano de Cintet la floraci\u00f3n de nuestros \u00e1rboles frutales que est\u00e1n en el momento de m\u00e1ximo esplendor! Te explicaremos cu\u00e1l es su ciclo de vida, las peculiaridades y las t\u00e9cnicas de cultivo que aplicamos para conseguir la mejor fruta dulce. Este a\u00f1o, a &hellip; <a href=\"https:\/\/www.ametllerorigenwp.com\/es\/visita-este-fin-de-semana-nuestros-campos-en-flor\/\" class=\"more-link\">Continuar leyendo<span class=\"screen-reader-text\"> \u00abVisita este fin de semana nuestros campos en flor\u00bb<\/span><\/a><\/p>\n","protected":false},"author":5,"featured_media":8125,"comment_status":"closed","ping_status":"closed","sticky":false,"template":"","format":"standard","meta":{"_uag_custom_page_level_css":"","advgb_blocks_editor_width":"","advgb_blocks_columns_visual_guide":"","footnotes":""},"categories":[1],"tags":[],"class_list":["post-8127","post","type-post","status-publish","format-standard","has-post-thumbnail","hentry","category-noticias"],"author_meta":{"display_name":"Mireia Zaragoza","author_link":"https:\/\/www.ametllerorigenwp.com\/es\/author\/mzaragoza\/"},"featured_img":"https:\/\/www.ametllerorigenwp.com\/wp-content\/uploads\/2023\/03\/APP_CAMPS_FLORITS_1000x340px-300x102.jpg","uagb_featured_image_src":{"full":["https:\/\/www.ametllerorigenwp.com\/wp-content\/uploads\/2023\/03\/APP_CAMPS_FLORITS_1000x340px.jpg",1000,340,false],"thumbnail":["https:\/\/www.ametllerorigenwp.com\/wp-content\/uploads\/2023\/03\/APP_CAMPS_FLORITS_1000x340px-150x150.jpg",150,150,true],"medium":["https:\/\/www.ametllerorigenwp.com\/wp-content\/uploads\/2023\/03\/APP_CAMPS_FLORITS_1000x340px-300x102.jpg",300,102,true],"medium_large":["https:\/\/www.ametllerorigenwp.com\/wp-content\/uploads\/2023\/03\/APP_CAMPS_FLORITS_1000x340px-768x261.jpg",768,261,true],"large":["https:\/\/www.ametllerorigenwp.com\/wp-content\/uploads\/2023\/03\/APP_CAMPS_FLORITS_1000x340px.jpg",840,286,false],"1536x1536":["https:\/\/www.ametllerorigenwp.com\/wp-content\/uploads\/2023\/03\/APP_CAMPS_FLORITS_1000x340px.jpg",1000,340,false],"2048x2048":["https:\/\/www.ametllerorigenwp.com\/wp-content\/uploads\/2023\/03\/APP_CAMPS_FLORITS_1000x340px.jpg",1000,340,false],"post-thumbnail":["https:\/\/www.ametllerorigenwp.com\/wp-content\/uploads\/2023\/03\/APP_CAMPS_FLORITS_1000x340px.jpg",1000,340,false]},"uagb_author_info":{"display_name":"Mireia Zaragoza","author_link":"https:\/\/www.ametllerorigenwp.com\/es\/author\/mzaragoza\/"},"uagb_comment_info":0,"uagb_excerpt":"Este s\u00e1bado 25 de marzo, a las 9:30 h, \u00a1conoce de la mano de Cintet la floraci\u00f3n de nuestros \u00e1rboles frutales que est\u00e1n en el momento de m\u00e1ximo esplendor! Te explicaremos cu\u00e1l es su ciclo de vida, las peculiaridades y las t\u00e9cnicas de cultivo que aplicamos para conseguir la mejor fruta dulce. Este a\u00f1o, a&hellip;","coauthors":[],"tax_additional":{"categories":{"linked":["<a href=\"https:\/\/www.ametllerorigenwp.com\/es\/category\/noticias\/\" class=\"advgb-post-tax-term\">Noticias<\/a>"],"unlinked":["<span class=\"advgb-post-tax-term\">Noticias<\/span>"]}},"comment_count":"0","relative_dates":{"created":"Publicado 3 a\u00f1os hace","modified":"Actualizado 3 a\u00f1os hace"},"absolute_dates":{"created":"Publicado el 24 de marzo de 2023","modified":"Actualizado el 23 de marzo de 2023"},"absolute_dates_time":{"created":"Publicado el 24 de marzo de 2023 01:00","modified":"Actualizado el 23 de marzo de 2023 16:34"},"featured_img_caption":"","series_order":"","show_in_app":true,"fecha_inicio_destacado":null,"hora_inicio_visualizacion":null,"minutos_inicio_visualizacion":null,"fecha_final_destacado":null,"hora_final_visualizacion":null,"minutos_final_visualizacion":null,"posicion_visualizacion":null,"estado_destacado":null,"niveles_destacados":null,"url_del_enlace":null,"banner_destacado":null,"posicion_visualizacion_de_la_noticia":"01","estado_noticia":["Visible"],"fecha_de_inicio_de_visualizacion_del_tutorial":null,"hora_inicio_visualizacion_tutorial":null,"minutos_inicio_visualizacion_tutorial":null,"fecha_de_final_de_visualizacion_del_tutorial":null,"hora_final_visualizacion_tutorial":null,"minutos_final_visualizacion_tutorial":null,"numero_de_veces_visto":null,"numero_de_veces_total":null,"niveles_tutorial":null,"tutorial_recursos_castellano":null,"tutorial_recursos_catalan":null,"dias_disponibles":null,"dias_de_la_semana":null,"dias_del_mes":null,"other_lang_post_id":null,"lang":"es","campanya_descripcion":null,"campanya_fecha_inicio":null,"campanya_fecha_fin":null,"campanya_legales":null,"campanya_imagen":null,"campanya_characteristics":null,"campanya_url":null,"campanya_posicion_visualizacion":null,"campanya_estado":null,"_links":{"self":[{"href":"https:\/\/www.ametllerorigenwp.com\/es\/wp-json\/wp\/v2\/posts\/8127","targetHints":{"allow":["GET"]}}],"collection":[{"href":"https:\/\/www.ametllerorigenwp.com\/es\/wp-json\/wp\/v2\/posts"}],"about":[{"href":"https:\/\/www.ametllerorigenwp.com\/es\/wp-json\/wp\/v2\/types\/post"}],"author":[{"embeddable":true,"href":"https:\/\/www.ametllerorigenwp.com\/es\/wp-json\/wp\/v2\/users\/5"}],"replies":[{"embeddable":true,"href":"https:\/\/www.ametllerorigenwp.com\/es\/wp-json\/wp\/v2\/comments?post=8127"}],"version-history":[{"count":1,"href":"https:\/\/www.ametllerorigenwp.com\/es\/wp-json\/wp\/v2\/posts\/8127\/revisions"}],"predecessor-version":[{"id":8128,"href":"https:\/\/www.ametllerorigenwp.com\/es\/wp-json\/wp\/v2\/posts\/8127\/revisions\/8128"}],"wp:featuredmedia":[{"embeddable":true,"href":"https:\/\/www.ametllerorigenwp.com\/es\/wp-json\/wp\/v2\/media\/8125"}],"wp:attachment":[{"href":"https:\/\/www.ametllerorigenwp.com\/es\/wp-json\/wp\/v2\/media?parent=8127"}],"wp:term":[{"taxonomy":"category","embeddable":true,"href":"https:\/\/www.ametllerorigenwp.com\/es\/wp-json\/wp\/v2\/categories?post=8127"},{"taxonomy":"post_tag","embeddable":true,"href":"https:\/\/www.ametllerorigenwp.com\/es\/wp-json\/wp\/v2\/tags?post=8127"}],"curies":[{"name":"wp","href":"https:\/\/api.w.org\/{rel}","templated":true}]}}