{"id":8129,"date":"2023-03-25T01:00:57","date_gmt":"2023-03-25T01:00:57","guid":{"rendered":"https:\/\/www.ametllerorigenwp.com\/?p=8129"},"modified":"2023-03-25T09:35:29","modified_gmt":"2023-03-25T09:35:29","slug":"luchemos-juntos-contra-el-cambio-climatico","status":"publish","type":"post","link":"https:\/\/www.ametllerorigenwp.com\/es\/luchemos-juntos-contra-el-cambio-climatico\/","title":{"rendered":"Luchemos juntos contra el cambio clim\u00e1tico"},"content":{"rendered":"<p>La \u00faltima d\u00e9cada ha sido la m\u00e1s calurosa de la historia, un dato que refleja la urgencia de tomar medidas dr\u00e1sticas para luchar contra el cambio clim\u00e1tico. <strong>Este domingo se celebra el D\u00eda Mundial del Clima, en el que nos sumamos con el prop\u00f3sito de generar conciencia sobre la importancia de avanzar hacia un mundo m\u00e1s sostenible.<\/strong><\/p>\n<p><strong>En Ametller Origen estamos comprometidos con la sostenibilidad<\/strong>, por eso, <strong><a href=\"https:\/\/www.youtube.com\/watch?v=W8VOCKxCoGU\">llevamos a cabo diferentes acciones diarias<\/a><\/strong> con el objetivo de minimizar el impacto de nuestra actividad y huella ambiental y ser una empresa neutra en emisiones de CO2 el a\u00f1o 2027. Algunas de estas acciones son:<\/p>\n<ul>\n<li><strong>Hemos eliminado m\u00e1s de 50 toneladas de pl\u00e1stico de un solo uso al a\u00f1o<\/strong> gracias a la implantaci\u00f3n de envases m\u00e1s sostenibles como el Halopack de Hinojosa.<\/li>\n<li><strong>Hemos evitado en un a\u00f1o la emisi\u00f3n de 3,5 millones de kg de CO2 eq. gracias a <\/strong><strong>diferentes acciones para reducir el desperdicio alimentario <\/strong>de la mano de entidades como Too Good To Go.<\/li>\n<\/ul>\n<p>Asimismo,<strong> continuamos avanzando hacia un nuevo modelo de producci\u00f3n agroalimentaria 100% sostenible y circular con el cual queremos transformar el sector agroalimentario con el objetivo que sea m\u00e1s sostenible con el Agroparc Pened\u00e8s<\/strong>. Un camino que solo es posible con la colaboraci\u00f3n de toda la comunidad: colaboradores, clientes, partners, entidades, empresas, instituciones\u2026<\/p>\n<p>\u00a1Sigamos avanzando juntos hacia el mundo en el que queremos vivir!<\/p>\n","protected":false},"excerpt":{"rendered":"<p>La \u00faltima d\u00e9cada ha sido la m\u00e1s calurosa de la historia, un dato que refleja la urgencia de tomar medidas dr\u00e1sticas para luchar contra el cambio clim\u00e1tico. Este domingo se celebra el D\u00eda Mundial del Clima, en el que nos sumamos con el prop\u00f3sito de generar conciencia sobre la importancia de avanzar hacia un mundo &hellip; <a href=\"https:\/\/www.ametllerorigenwp.com\/es\/luchemos-juntos-contra-el-cambio-climatico\/\" class=\"more-link\">Continuar leyendo<span class=\"screen-reader-text\"> \u00abLuchemos juntos contra el cambio clim\u00e1tico\u00bb<\/span><\/a><\/p>\n","protected":false},"author":5,"featured_media":8130,"comment_status":"closed","ping_status":"closed","sticky":false,"template":"","format":"standard","meta":{"_uag_custom_page_level_css":"","advgb_blocks_editor_width":"","advgb_blocks_columns_visual_guide":"","footnotes":""},"categories":[1],"tags":[],"class_list":["post-8129","post","type-post","status-publish","format-standard","has-post-thumbnail","hentry","category-noticias"],"author_meta":{"display_name":"Mireia Zaragoza","author_link":"https:\/\/www.ametllerorigenwp.com\/es\/author\/mzaragoza\/"},"featured_img":"https:\/\/www.ametllerorigenwp.com\/wp-content\/uploads\/2023\/03\/APP_CLIMA_1000x340px-300x102.jpg","uagb_featured_image_src":{"full":["https:\/\/www.ametllerorigenwp.com\/wp-content\/uploads\/2023\/03\/APP_CLIMA_1000x340px.jpg",1000,340,false],"thumbnail":["https:\/\/www.ametllerorigenwp.com\/wp-content\/uploads\/2023\/03\/APP_CLIMA_1000x340px-150x150.jpg",150,150,true],"medium":["https:\/\/www.ametllerorigenwp.com\/wp-content\/uploads\/2023\/03\/APP_CLIMA_1000x340px-300x102.jpg",300,102,true],"medium_large":["https:\/\/www.ametllerorigenwp.com\/wp-content\/uploads\/2023\/03\/APP_CLIMA_1000x340px-768x261.jpg",768,261,true],"large":["https:\/\/www.ametllerorigenwp.com\/wp-content\/uploads\/2023\/03\/APP_CLIMA_1000x340px.jpg",840,286,false],"1536x1536":["https:\/\/www.ametllerorigenwp.com\/wp-content\/uploads\/2023\/03\/APP_CLIMA_1000x340px.jpg",1000,340,false],"2048x2048":["https:\/\/www.ametllerorigenwp.com\/wp-content\/uploads\/2023\/03\/APP_CLIMA_1000x340px.jpg",1000,340,false],"post-thumbnail":["https:\/\/www.ametllerorigenwp.com\/wp-content\/uploads\/2023\/03\/APP_CLIMA_1000x340px.jpg",1000,340,false]},"uagb_author_info":{"display_name":"Mireia Zaragoza","author_link":"https:\/\/www.ametllerorigenwp.com\/es\/author\/mzaragoza\/"},"uagb_comment_info":0,"uagb_excerpt":"La \u00faltima d\u00e9cada ha sido la m\u00e1s calurosa de la historia, un dato que refleja la urgencia de tomar medidas dr\u00e1sticas para luchar contra el cambio clim\u00e1tico. Este domingo se celebra el D\u00eda Mundial del Clima, en el que nos sumamos con el prop\u00f3sito de generar conciencia sobre la importancia de avanzar hacia un mundo&hellip;","coauthors":[],"tax_additional":{"categories":{"linked":["<a href=\"https:\/\/www.ametllerorigenwp.com\/es\/category\/noticias\/\" class=\"advgb-post-tax-term\">Noticias<\/a>"],"unlinked":["<span class=\"advgb-post-tax-term\">Noticias<\/span>"]}},"comment_count":"0","relative_dates":{"created":"Publicado 3 a\u00f1os hace","modified":"Actualizado 3 a\u00f1os hace"},"absolute_dates":{"created":"Publicado el 25 de marzo de 2023","modified":"Actualizado el 25 de marzo de 2023"},"absolute_dates_time":{"created":"Publicado el 25 de marzo de 2023 01:00","modified":"Actualizado el 25 de marzo de 2023 09:35"},"featured_img_caption":"","series_order":"","show_in_app":true,"fecha_inicio_destacado":null,"hora_inicio_visualizacion":null,"minutos_inicio_visualizacion":null,"fecha_final_destacado":null,"hora_final_visualizacion":null,"minutos_final_visualizacion":null,"posicion_visualizacion":null,"estado_destacado":null,"niveles_destacados":null,"url_del_enlace":null,"banner_destacado":null,"posicion_visualizacion_de_la_noticia":"01","estado_noticia":["Visible"],"fecha_de_inicio_de_visualizacion_del_tutorial":null,"hora_inicio_visualizacion_tutorial":null,"minutos_inicio_visualizacion_tutorial":null,"fecha_de_final_de_visualizacion_del_tutorial":null,"hora_final_visualizacion_tutorial":null,"minutos_final_visualizacion_tutorial":null,"numero_de_veces_visto":null,"numero_de_veces_total":null,"niveles_tutorial":null,"tutorial_recursos_castellano":null,"tutorial_recursos_catalan":null,"dias_disponibles":null,"dias_de_la_semana":null,"dias_del_mes":null,"other_lang_post_id":null,"lang":"es","campanya_descripcion":null,"campanya_fecha_inicio":null,"campanya_fecha_fin":null,"campanya_legales":null,"campanya_imagen":null,"campanya_characteristics":null,"campanya_url":null,"campanya_posicion_visualizacion":null,"campanya_estado":null,"_links":{"self":[{"href":"https:\/\/www.ametllerorigenwp.com\/es\/wp-json\/wp\/v2\/posts\/8129","targetHints":{"allow":["GET"]}}],"collection":[{"href":"https:\/\/www.ametllerorigenwp.com\/es\/wp-json\/wp\/v2\/posts"}],"about":[{"href":"https:\/\/www.ametllerorigenwp.com\/es\/wp-json\/wp\/v2\/types\/post"}],"author":[{"embeddable":true,"href":"https:\/\/www.ametllerorigenwp.com\/es\/wp-json\/wp\/v2\/users\/5"}],"replies":[{"embeddable":true,"href":"https:\/\/www.ametllerorigenwp.com\/es\/wp-json\/wp\/v2\/comments?post=8129"}],"version-history":[{"count":4,"href":"https:\/\/www.ametllerorigenwp.com\/es\/wp-json\/wp\/v2\/posts\/8129\/revisions"}],"predecessor-version":[{"id":8140,"href":"https:\/\/www.ametllerorigenwp.com\/es\/wp-json\/wp\/v2\/posts\/8129\/revisions\/8140"}],"wp:featuredmedia":[{"embeddable":true,"href":"https:\/\/www.ametllerorigenwp.com\/es\/wp-json\/wp\/v2\/media\/8130"}],"wp:attachment":[{"href":"https:\/\/www.ametllerorigenwp.com\/es\/wp-json\/wp\/v2\/media?parent=8129"}],"wp:term":[{"taxonomy":"category","embeddable":true,"href":"https:\/\/www.ametllerorigenwp.com\/es\/wp-json\/wp\/v2\/categories?post=8129"},{"taxonomy":"post_tag","embeddable":true,"href":"https:\/\/www.ametllerorigenwp.com\/es\/wp-json\/wp\/v2\/tags?post=8129"}],"curies":[{"name":"wp","href":"https:\/\/api.w.org\/{rel}","templated":true}]}}